{"id":66259,"date":"2023-11-28T21:04:25","date_gmt":"2023-11-29T00:04:25","guid":{"rendered":"https:\/\/vocesparalelas.com.ar\/sitio\/?p=66259"},"modified":"2023-11-29T01:49:39","modified_gmt":"2023-11-29T04:49:39","slug":"64o-edicion-cosquin-2024-y-los-videla-presentes-con-la-musica-cuyana-representantes-de-san-juan","status":"publish","type":"post","link":"https:\/\/vocesparalelas.com.ar\/sitio\/64o-edicion-cosquin-2024-y-los-videla-presentes-con-la-musica-cuyana-representantes-de-san-juan\/","title":{"rendered":"64\u00ba Edici\u00f3n Cosqu\u00edn 2024 y Los Videla presentes con la m\u00fasica cuyana representantes de San Juan"},"content":{"rendered":"<p>Del S\u00e1bado, 20 al Domingo, 28 de Enero de 2024, en la Plaza Prospero Molina Escenario Atahualpa Yupanqui se puede disfrutar en la Provincia de C\u00f3rdoba \u00abCosqu\u00edn 2024\u00bb, un festival folkl\u00f3rico m\u00e1s convocante de la Rep\u00fablica Argentina.<\/p>\n<p><span style=\"color: #339966;\"><strong>LA GRILLA DE COSQU\u00cdN FOLKLORE 2024, D\u00cdA POR D\u00cdA<\/strong><\/span><\/p>\n<ul>\n<li><span style=\"color: #339966;\"><b>S\u00e1bado, 20 de Enero: <\/b><\/span>Las Voces de Or\u00e1n, Franco Luciani, Horacio Banegas, Victoria Birchner, Ariel Ardit, Los Manseros Santiague\u00f1os, Flor Paz, Sergio Galleguillo.<\/li>\n<li><span style=\"color: #339966;\"><b>Domingo, 21 de Enero: <\/b><\/span>D\u00fao Coplanacu, Yamila Cafrune, Algarroba.com, Suna Rocha, Nahuel Pennisi, Marina Cornejo, Destino San Javier, El Indio Lucio Rojas.<\/li>\n<li><span style=\"color: #339966;\"><b>Lunes 22 de Enero: <\/b><\/span>Orellana Lucca, Silvia Lallana, Milena Salamanca, Peteco Carabajal con Riendas Libres, Los D\u00edas Pasan Volando, Adri\u00e1n Maggi, Los Videla, Facundo Toro y El Chaque\u00f1o Palavecino (festejando 40 a\u00f1os con la m\u00fasica).<\/li>\n<li><span style=\"color: #339966;\"><b>Martes, 23 de Enero: <\/b><\/span>Pedro Aznar, V\u00edctor Heredia, Maggie Cullen, Ahyre, Grupo Vocal Argentino, Priscilla Ortiz, Gustavo Chazarreta y Raly Barrionuevo.<\/li>\n<li><span style=\"color: #339966;\"><b>Mi\u00e9rcoles, 24 de Enero: <\/b><\/span>Los 4 de C\u00f3rdoba &#8211; 55 a\u00f1os con amigos, Sebasti\u00e1n Ruiz, Por Siempre Tucu, Sergio Fasoli, Sof\u00eda Assis, Jos\u00e9 Luis Aguirre, Lucrecia Rodrigo, Los Carabajal y La Juntada &#8211; 20 a\u00f1os.<\/li>\n<li><span style=\"color: #339966;\"><b>Jueves 25 de Enero: <\/b><\/span>N\u00e9stor Garnica, Quebrade\u00f1os, Tom\u00e1s Lip\u00e1n &#8211; Fortunato Ramos, Marina Gonz\u00e1lez, Emiliano Zerbini, La Bruja Salguero, Chango Spasiuk, La Delio Valdez y Los Tekis<\/li>\n<li><span style=\"color: #339966;\"><b>Viernes, 26 de Enero: <\/b><\/span>Guitarreros, Ra\u00fal Barboza, Luc\u00eda Ceresani, Paz Mart\u00ednez, Los Nocheros y Diego Torres.<\/li>\n<li><span style=\"color: #339966;\"><b>S\u00e1bado, 27 de Enero: <\/b><\/span>La Callejera, Coroico, Yoel Hern\u00e1ndez, Delegaci\u00f3n de Jap\u00f3n, D\u00fao Aruma, Los Palmeras, Tango Corrupto y Soledad.<\/li>\n<li><span style=\"color: #339966;\"><b>Domingo, 28 de Enero: <\/b><\/span>Leando Lovato, D\u00fao Celesta, Juan Fuentes, Franco Orozco, Paola Bernal, Cuarteto Kare, Ceibo, Bel\u00e9n Herrera y Abel Pintos.<\/li>\n<\/ul>\n<p>Los Videla es un d\u00fao de M\u00fasica cuyana de la Provincia de San Juan, integrado por dos hermanos y expresan que \u00abenorme alegr\u00eda recibimos y quer\u00edamos compartirla con ustedes!!!\u00bb.<\/p>\n<p>\u00abEsta alegr\u00eda es porque Los Videla y la m\u00fasica cuyana, participan de Cosqu\u00edn 2024, gracias a la comisi\u00f3n del Festival m\u00e1s importante de Am\u00e9rica por hacernos parte nuevamente.!!!\u00bb &#8211; manifestaron orgullosos.<\/p>\n<p><iframe loading=\"lazy\" title=\"LOS VIDELAS\" width=\"800\" height=\"450\" src=\"https:\/\/www.youtube.com\/embed\/varXRGYBDa4?feature=oembed\" frameborder=\"0\" allow=\"accelerometer; autoplay; clipboard-write; encrypted-media; gyroscope; picture-in-picture; web-share\" allowfullscreen><\/iframe><\/p>\n<p>&nbsp;<\/p>\n<p>&nbsp;<\/p>\n<p>&nbsp;<\/p>\n<p>&nbsp;<\/p>\n<p>&nbsp;<\/p>\n<p>&nbsp;<\/p>\n","protected":false},"excerpt":{"rendered":"<p>Del S\u00e1bado, 20 al Domingo, 28 de Enero de 2024, en la Plaza Prospero Molina Escenario Atahualpa Yupanqui se puede<\/p>\n","protected":false},"author":3,"featured_media":66262,"comment_status":"closed","ping_status":"closed","sticky":false,"template":"","format":"standard","meta":{"_acf_changed":false,"_seopress_robots_primary_cat":"none","_seopress_titles_title":"","_seopress_titles_desc":"","_seopress_robots_index":"","colormag_page_container_layout":"default_layout","colormag_page_sidebar_layout":"default_layout","footnotes":""},"categories":[20],"tags":[],"class_list":["post-66259","post","type-post","status-publish","format-standard","has-post-thumbnail","hentry","category-cartelera"],"acf":[],"_links":{"self":[{"href":"https:\/\/vocesparalelas.com.ar\/sitio\/wp-json\/wp\/v2\/posts\/66259","targetHints":{"allow":["GET"]}}],"collection":[{"href":"https:\/\/vocesparalelas.com.ar\/sitio\/wp-json\/wp\/v2\/posts"}],"about":[{"href":"https:\/\/vocesparalelas.com.ar\/sitio\/wp-json\/wp\/v2\/types\/post"}],"author":[{"embeddable":true,"href":"https:\/\/vocesparalelas.com.ar\/sitio\/wp-json\/wp\/v2\/users\/3"}],"replies":[{"embeddable":true,"href":"https:\/\/vocesparalelas.com.ar\/sitio\/wp-json\/wp\/v2\/comments?post=66259"}],"version-history":[{"count":1,"href":"https:\/\/vocesparalelas.com.ar\/sitio\/wp-json\/wp\/v2\/posts\/66259\/revisions"}],"predecessor-version":[{"id":66286,"href":"https:\/\/vocesparalelas.com.ar\/sitio\/wp-json\/wp\/v2\/posts\/66259\/revisions\/66286"}],"wp:featuredmedia":[{"embeddable":true,"href":"https:\/\/vocesparalelas.com.ar\/sitio\/wp-json\/wp\/v2\/media\/66262"}],"wp:attachment":[{"href":"https:\/\/vocesparalelas.com.ar\/sitio\/wp-json\/wp\/v2\/media?parent=66259"}],"wp:term":[{"taxonomy":"category","embeddable":true,"href":"https:\/\/vocesparalelas.com.ar\/sitio\/wp-json\/wp\/v2\/categories?post=66259"},{"taxonomy":"post_tag","embeddable":true,"href":"https:\/\/vocesparalelas.com.ar\/sitio\/wp-json\/wp\/v2\/tags?post=66259"}],"curies":[{"name":"wp","href":"https:\/\/api.w.org\/{rel}","templated":true}]}}