{"id":66242,"date":"2023-11-27T20:18:01","date_gmt":"2023-11-27T23:18:01","guid":{"rendered":"https:\/\/vocesparalelas.com.ar\/sitio\/?p=66242"},"modified":"2023-11-28T00:18:22","modified_gmt":"2023-11-28T03:18:22","slug":"un-convenio-para-coordinar-y-fortalecer-acciones-para-los-menores-con-conductas-bajo-la-ley-penal-juvenil","status":"publish","type":"post","link":"https:\/\/vocesparalelas.com.ar\/sitio\/un-convenio-para-coordinar-y-fortalecer-acciones-para-los-menores-con-conductas-bajo-la-ley-penal-juvenil\/","title":{"rendered":"Un convenio para coordinar y fortalecer acciones para los menores con conductas bajo la Ley Penal Juvenil"},"content":{"rendered":"<p>El gobernador de San Juan, Dr. Sergio U\u00f1ac firm\u00f3 en Casa de Gobierno un acta con funcionarios del Poder Judicial San Juan para coordinar y fortalecer acciones para atender la situaci\u00f3n de los menores cuyas conductas se encuadran en la Ley Penal Juvenil y bajo la jurisdicci\u00f3n del Fuero Penal de Ni\u00f1ez y Adolescencia.<\/p>\n<p>En el acto estuvieron, adem\u00e1s del gobernador, el ministro de Desarrollo Humano y Promoci\u00f3n Social, Prof. Fabi\u00e1n Aballay; el secretario de Seguridad y Orden P\u00fablico, Dr. Carlos Munisaga; el subsecretario de Seguridad, Abel Hern\u00e1ndez; el director de Ni\u00f1ez, Adolescencia y Familia, Sergio Sep\u00falveda; el presidente de la Corte de Justicia, Dr. Guillermo De Sanctis; el secretario General de la Corte de Justicia, Dr. Javier Vera y la jueza de menores Dra. Mar\u00eda Julia Camus.<\/p>\n<p>Asumiendo la necesidad de dotar a la Provincia de una dependencia de seguridad especial que pueda alojar adecuadamente a estos ni\u00f1os, ni\u00f1as y adolescentes hasta tanto se adopten las medidas judiciales, el Ejecutivo, a trav\u00e9s de la gesti\u00f3n del Ministerio de Desarrollo Humano y Promoci\u00f3n Social construy\u00f3 un establecimiento que sustituye a la tradicional dependen policial del Menor, la que opera bajo est\u00e1ndares modernos enmarcados los tratados internacionales y normas constitucionales, as\u00ed como de orden nacional y local.<\/p>\n<p>Este modelo de establecimiento denominado Centro de Admisi\u00f3n Derivaci\u00f3n (CAD) promueve la actividad coordinada entre los poderes Judicial y Ejecutivo a trav\u00e9s del Ministerio de Desarrollo Humano (Direccione de Ni\u00f1ez, Adolescencia y Familia y Abordaje Integral de las Adicciones), Secretar\u00eda de Estado de Seguridad y Orden P\u00fablico (Polic\u00eda de San Juan) y el Ministerio de Salud P\u00fablica, con equipo interdisciplinario que permite la admisi\u00f3n y derivaci\u00f3n del menor infractor, en un plazo no mayor a 24 horas, en condiciones de garantizar y preservar los derechos amparados por la normativa especial.<\/p>\n<p>El nuevo modelo de organismo garantiza el pleno respeto al derecho a la dignidad y a la integridad f\u00edsica y mental de los ni\u00f1os, ni\u00f1as y adolescentes, en el marco de las intervenciones policiales.<\/p>\n<p>En este sentido, interviene un equipo interdisciplinario integrado por psic\u00f3logo, trabajador social, psiquiatra, m\u00e9dico legista, operadores administrativos y de maestranza, as\u00ed como de la seguridad, quienes deben actuar bajo un de terminado protocolo.<\/p>\n<p>Con respecto al acuerdo, Sep\u00falveda detall\u00f3 que \u201ces algo que se viene trabajando ya desde hace mucho. Se acondicion\u00f3 un espacio en el Hogar Paula, donde va a funcionar. Se han estado formando los equipos, t\u00e9cnicos, operadores. Es un convenio que tambi\u00e9n tiene consigo un protocolo de actuaci\u00f3n, que es para el Centro de Admisi\u00f3n y Derivaci\u00f3n de Adolescentes en Conflicto con la Ley Penal y donde van a participar tambi\u00e9n otros ministerios y direcciones para hacer un abordaje integral de las adolescencias y la posterior derivaci\u00f3n en caso que sea necesario\u201d.<\/p>\n<p>Continuando con su explicaci\u00f3n, el funcionario agreg\u00f3 que era necesario crear un espacio especializado para el abordaje de estos menores, que terminaban llegando a una comisar\u00eda, o se produc\u00eda una r\u00e1pida salida sin poder tener una noci\u00f3n clara de la situaci\u00f3n del adolescente, qu\u00e9 conflictos ten\u00eda, familiares o sociales. \u201cDe tal manera, una vez que sea aprehendido, ser\u00e1 derivado a ese centro, donde no deber\u00e1 estar m\u00e1s de 24 horas; que se haga abordaje por equipos de profesionales, psic\u00f3logos y trabajadores sociales, antes alg\u00fan tipo de intervenci\u00f3n de salud p\u00fablica. Con esa acci\u00f3n, el equipo interdisciplinario de profesionales, determinar\u00e1 cu\u00e1l es la situaci\u00f3n, comunicar\u00e1 al juzgado y \u00e9ste definir\u00e1 cu\u00e1l es el paso siguiente para el adolescente. Puede ser, quiz\u00e1s, la intervenci\u00f3n de alg\u00fan otro programa de la direcci\u00f3n, el ingreso con los padres o a alguna instituci\u00f3n, por ejemplo, el Nazario Benav\u00eddez, todo eso se va a determinar ah\u00ed\u201d.<\/p>\n<p><iframe loading=\"lazy\" title=\"Se firm\u00f3 un convenio entre el Poder Ejecutivo y el Poder Judicial\" width=\"800\" height=\"450\" src=\"https:\/\/www.youtube.com\/embed\/k9ABNznoaj4?feature=oembed\" frameborder=\"0\" allow=\"accelerometer; autoplay; clipboard-write; encrypted-media; gyroscope; picture-in-picture; web-share\" allowfullscreen><\/iframe><\/p>\n<p>Sobre el resguardo de los derechos, Sep\u00falveda agreg\u00f3 que \u201ccon los protocolos establecidos, se resguardar\u00e1n los derechos de los menores. Luego, una vez que toma intervenci\u00f3n el CAD se hace un informe y el juzgado toma la medida que cree conveniente. Puede ser el ingreso con los padres, entonces ah\u00ed se hace un cierre del caso y bueno, lo que permite esto es que si el chico vuelve a tener alguna situaci\u00f3n delictiva, ya haya una base de datos que permita un seguimiento del menor, quiz\u00e1s en el \u00e1mbito de su familia\u201d.<\/p>\n<p>Finalmente, en cuanto al aumento de la minoridad con conflictos con la ley en San Juan, el funcionario sum\u00f3 que \u201cla problem\u00e1tica m\u00e1s o menos a nivel nacional se mantiene, si hay alg\u00fan problema mayor es m\u00e1s que nada porque vienen con alg\u00fan tipo de problema de consumo, eso s\u00ed, pero m\u00e1s o menos las estad\u00edsticas se mantienen bastante parejas\u201d.<\/p>\n<p>Por otra parte, desde el momento de la aprehensi\u00f3n de la persona menor de edad, rige un marco normativo internacional, nacional y local en la materia.<\/p>\n<p>Toda norma reglamentaria y complementaria que se dicte debe compatibilizar con medidas progresivas en materia de derechos humanos para la infancia y la adolescencia.<\/p>\n<p>La Normativa Internacional incluye la Convenci\u00f3n Americana sobre Derechos Humanos, Convenci\u00f3n Internacional sobre los Derechos del Ni\u00f1o, Reglas M\u00ednimas de las Naciones Unidas para la Administraci\u00f3n de Justicia de Menores, Reglas M\u00ednimas de las Naciones Unidas para los Menores Privados de la Libertad y Reglas M\u00ednimas de las Naciones Unidas sobre las Medidas no privativas de la Libertad, entre otras.<\/p>\n<p>Normativa Nacional comprende Ley 22.278, R\u00e9gimen Penal de la Minoridad, Ley de Protecci\u00f3n Integral de los Derechos de Ni\u00f1os, Ni\u00f1as y Adolescentes N\u00b0 26.061,<\/p>\n<p>Declaraci\u00f3n del Consejo Federal de Derechos Humanos N\u00b06\/18, Mayo 2018, Acta Compromiso del Consejo Federal de Ni\u00f1ez, Adolescencia y Familia, mientras que la Provincial: Leyes provinciales de Protecci\u00f3n Integral de los Derechos de Ni\u00f1os, Ni\u00f1as y Adolescentes; y de Responsabilidad Penal Juvenil. Ley N\u00b0 727 -C Protecci\u00f3n Integral de la Provincia De San Juan, R\u00e9gimen Penal de la Minoridad, Ley 754-0-, Convenio entre el Poder Ejecutivo de San Juan y el Poder Judicial de San Juan para la implementaci\u00f3n del CAD.<\/p>\n<p><span style=\"color: #339966;\"><strong>M\u00e1s sobre el CAD<\/strong><\/span><\/p>\n<p>El presente protocolo se enmarca en el Acta Compromiso \u00abPara asegurar las bases del principio de especialidad en los primeros momentos de detenci\u00f3n\u00bb celebrada en el a\u00f1o 2016 en el \u00e1mbito del Consejo Federal de Ni\u00f1ez, Adolescencia y Familia y suscripta por la Provincia de San Juan.<\/p>\n<p>Dicho documento instituye el compromiso de las jurisdicciones provinciales de avanzar conforme a las particularidades de los procesos de cada jurisdicci\u00f3n, en la superaci\u00f3n definitiva de establecimientos de alojamiento de adolescentes infractores o presuntos infractores bajo la gesti\u00f3n de \u00e1reas no especializadas.<\/p>\n<p>Integra asimismo el marco normativo, la Ley Nacional N\u00b0 26.061, que recepta el principio de separaci\u00f3n de \u00e1mbitos de aplicaci\u00f3n de medidas protectivas y penales, que promueve el proceso de adecuaci\u00f3n en materia penal Juvenil ubicando responsabilidades pol\u00edticas y nuevas pr\u00e1cticas institucionales en el Poder Ejecutivo.<\/p>\n<p>En \u00e9ste contexto, el Gobierno de San Juan, a trav\u00e9s de la articulaci\u00f3n de los poderes Ejecutivo y Judicial, afianza un sistema penal juvenil bajo el amparo de los derechos humanos en general y de los derechos de los adolescentes en particular, sumando adem\u00e1s las reformas normativas que resulten oportunas, herramientas institucionales y comunitarias, en las pr\u00e1cticas cotidianas.<\/p>\n<p>&nbsp;<\/p>\n<p>&nbsp;<\/p>\n","protected":false},"excerpt":{"rendered":"<p>El gobernador de San Juan, Dr. Sergio U\u00f1ac firm\u00f3 en Casa de Gobierno un acta con funcionarios del Poder Judicial<\/p>\n","protected":false},"author":3,"featured_media":66245,"comment_status":"closed","ping_status":"closed","sticky":false,"template":"","format":"standard","meta":{"_acf_changed":false,"_seopress_robots_primary_cat":"none","_seopress_titles_title":"","_seopress_titles_desc":"","_seopress_robots_index":"","colormag_page_container_layout":"default_layout","colormag_page_sidebar_layout":"default_layout","footnotes":""},"categories":[1,7],"tags":[],"class_list":["post-66242","post","type-post","status-publish","format-standard","has-post-thumbnail","hentry","category-destacadas","category-videos"],"acf":[],"_links":{"self":[{"href":"https:\/\/vocesparalelas.com.ar\/sitio\/wp-json\/wp\/v2\/posts\/66242","targetHints":{"allow":["GET"]}}],"collection":[{"href":"https:\/\/vocesparalelas.com.ar\/sitio\/wp-json\/wp\/v2\/posts"}],"about":[{"href":"https:\/\/vocesparalelas.com.ar\/sitio\/wp-json\/wp\/v2\/types\/post"}],"author":[{"embeddable":true,"href":"https:\/\/vocesparalelas.com.ar\/sitio\/wp-json\/wp\/v2\/users\/3"}],"replies":[{"embeddable":true,"href":"https:\/\/vocesparalelas.com.ar\/sitio\/wp-json\/wp\/v2\/comments?post=66242"}],"version-history":[{"count":1,"href":"https:\/\/vocesparalelas.com.ar\/sitio\/wp-json\/wp\/v2\/posts\/66242\/revisions"}],"predecessor-version":[{"id":66246,"href":"https:\/\/vocesparalelas.com.ar\/sitio\/wp-json\/wp\/v2\/posts\/66242\/revisions\/66246"}],"wp:featuredmedia":[{"embeddable":true,"href":"https:\/\/vocesparalelas.com.ar\/sitio\/wp-json\/wp\/v2\/media\/66245"}],"wp:attachment":[{"href":"https:\/\/vocesparalelas.com.ar\/sitio\/wp-json\/wp\/v2\/media?parent=66242"}],"wp:term":[{"taxonomy":"category","embeddable":true,"href":"https:\/\/vocesparalelas.com.ar\/sitio\/wp-json\/wp\/v2\/categories?post=66242"},{"taxonomy":"post_tag","embeddable":true,"href":"https:\/\/vocesparalelas.com.ar\/sitio\/wp-json\/wp\/v2\/tags?post=66242"}],"curies":[{"name":"wp","href":"https:\/\/api.w.org\/{rel}","templated":true}]}}