{"id":66226,"date":"2023-11-27T14:36:30","date_gmt":"2023-11-27T17:36:30","guid":{"rendered":"https:\/\/vocesparalelas.com.ar\/sitio\/?p=66226"},"modified":"2023-11-29T01:28:02","modified_gmt":"2023-11-29T04:28:02","slug":"jornadas-academicas-cientificas-vant-lidar-en-el-cefocca-de-la-fi-de-la-unsj","status":"publish","type":"post","link":"https:\/\/vocesparalelas.com.ar\/sitio\/jornadas-academicas-cientificas-vant-lidar-en-el-cefocca-de-la-fi-de-la-unsj\/","title":{"rendered":"Jornadas Acad\u00e9micas &#8211; Cient\u00edficas VANT &#8211; LIDAR en el CEFOCCA de la FI de la UNSJ"},"content":{"rendered":"<p>Del Martes, 27 al Jueves, 30 de Noviembre, en el Centro de Fotogrametr\u00eda, Cartograf\u00eda y Catastro de la Facultad de Ingenier\u00eda de la UNSJ, se desarrollan las Jornadas Acad\u00e9micas &#8211; Cient\u00edficas VANT &#8211; LIDAR \u201cNuevas Tecnolog\u00edas aplicadas en la obtenci\u00f3n de datos de la Superficie Terrestre, por medio de relevamientos a\u00e9reos\u201d a cargo del Dr. Aleksander G. Chibunichev y Dr. Dmitry P. Blyakharsky,<\/p>\n<p><strong><span style=\"color: #3366ff;\">Cronograma<\/span><\/strong><\/p>\n<ul>\n<li>Lunes 27 de Noviembre, a las 19.00hs, en el Edificio de Rectorado de la Universidad Nacional de San Juan, Rep\u00fablica Argentina, Visita Protocolar de Autoridades de la UNSJ y Facultad de Ingenier\u00eda presentaci\u00f3n de<br \/>\nvisitantes Acad\u00e9micos Cient\u00edficos de la Universidades de Rusia.<\/li>\n<li>Martes 28 de Noviembre, de 9 a 13, en el Centro de Fotogrametr\u00eda, Cartograf\u00eda y Catastro de la Facultad de Ingenier\u00eda de la UNSJ, Escaneo l\u00e1ser a\u00e9reo no tripulado experiencia: 1.-Levantamiento multiespectral no tripulado experiencia; 2.- Aplicaciones de veh\u00edculos a\u00e9reos no tripulados en estudios glaciol\u00f3gicos: 3.- Planificaci\u00f3n de los vuelos para levantamiento a\u00e9reo. Informes. 4.- Preguntas y Respuestas. Expositores Dr. Aleksander G. Chibunichev y Dr. Dmitry P. Blyakharsky.<\/li>\n<li>Mi\u00e9rcoles, 29 de Noviembre, de 9 a 13 hs.; Relevamiento en Campo Zona de Cultivos en el Departamento Ullum. Vuelos Geoscan 501 con c\u00e1mara multiespectral. Expositores Dr. Aleksander G. Chibunichev y Dr. Dmitry P. Blyakharsky.<\/li>\n<li>Jueves 30 de Noviembre, de 9 a 13 hs.; en el Centro de Fotogrametr\u00eda, Cartograf\u00eda y Catastro Facultad de Ingenier\u00eda de la UNSJ. Fundamentos te\u00f3ricos de la creaci\u00f3n autom\u00e1tica de modelos digitales de superficie y ortofotoplano. Procesamiento a\u00e9reo en Metashape. Preguntas y Respuestas. Expositores Dr. Aleksander G. Chibunichev y Dr. Dmitry P. Blyakharsky.<\/li>\n<\/ul>\n<p><span style=\"color: #3366ff;\"><strong>M\u00e1s datos importantes<\/strong><\/span><\/p>\n<p><span style=\"color: #3366ff;\"><strong>Aleksander G.\u00a0 Chibunichev<\/strong><\/span><\/p>\n<p>Experiencia Profesional<\/p>\n<table width=\"293\">\n<tbody>\n<tr>\n<td>Desde: diciembre de 1977 hasta el presente<\/td>\n<\/tr>\n<\/tbody>\n<\/table>\n<p>Universidad Estatal de Moscu de Geogesia y Cartografia<\/p>\n<p>Profesor, de 1993 catedr\u00e1tico<\/p>\n<p>Departamento de Fotogrametr\u00eda<\/p>\n<p>Decano de facultad de Fotogrametr\u00eda (de 1992)<\/p>\n<p>Vice rector de la universidad (de 2007)<\/p>\n<p>Jefe de Departamento de fotogrametria (de 2014)<\/p>\n<p>Trabajaba como asesor de diferentes proyectos de fotogrametria analitica y digital.<\/p>\n<p><strong><span style=\"color: #3366ff;\">Educaci\u00f3n<\/span><\/strong><\/p>\n<table width=\"293\">\n<tbody>\n<tr>\n<td>1969\u00a0 hasta 1974<\/td>\n<\/tr>\n<\/tbody>\n<\/table>\n<p>Universidad Estatal de Moscu de Geodesia y Cartografia<\/p>\n<p>Ingeniero fotogrametrista<\/p>\n<p><span style=\"color: #3366ff;\"><strong>Posgrado:<\/strong><\/span><\/p>\n<p>Doctor en philosofia (PhD) (1977)<\/p>\n<p>Doctor en Ciencias Tecnicas (Dr) (1992)<\/p>\n<p><span style=\"color: #3366ff;\"><strong>Idiomas<\/strong><\/span><\/p>\n<p>Castellano, ingles<\/p>\n<p><span style=\"color: #3366ff;\"><b>Publicaciones cient\u00edficas y\u00a0metodol\u00f3gicas<\/b><\/span><\/p>\n<p>Mas de 100 art\u00edculos y manuales publicados en diferentes revistas cient\u00edficas en Rusia, Los Estados Unidos, Finlandia, China, Austria, Australia, Francia, Italia, Espa\u00f1a \u00a0y Cuba.<\/p>\n<p>Las publicaciones est\u00e1n vinculadas con los problemas de fotogrametr\u00eda anal\u00edtica y digital.<\/p>\n<p><span style=\"color: #3366ff;\"><strong>Actividades Internacionales <\/strong><\/span><\/p>\n<p>Participo en el trabajo de diferentes Congresos y Simposios Internacionales de la Sociedad Internacional de Fotogrametr\u00eda y Percepci\u00f3n Remota.<\/p>\n<p>Experiencia de ense\u00f1anza en castellano\u00a0 &#8211; 3 a\u00f1os en el Instituto Superior Minero-Metal\u00fargico de Moa (Cuba) como profesor de Fotogrametr\u00eda y director de las investigaciones cient\u00edficas en la esfera de aplicaci\u00f3n de la fotogrametr\u00eda en la miner\u00eda y la construcci\u00f3n. En cuatro (4) oportunidades \u00a0por 2 meses en la Universidad Nacional de San Juan (Argentina), dictando el curso \u00abfotogrametr\u00eda digital\u00bb, 1 mes en la Universidad de Mor\u00f3n y en Buenos Aires Bureau (Argentina), 3 meses en la Universidad Aut\u00f3noma de Sinaloa (M\u00e9xico)como asesor de maestr\u00eda. Universidad Polit\u00e9cnica de Madrid (3 veces durante \u00a03 meses) dictando el curso \u00abfotogrametr\u00eda no topogr\u00e1fica\u00bb y haciendo las investigaciones.<\/p>\n<p><span style=\"color: #3366ff;\"><strong>Dmitry P. Blyakharsky <\/strong><\/span><\/p>\n<p><span style=\"color: #3366ff;\"><strong>Experiencia profesional<\/strong><\/span><\/p>\n<p>Desde 2014 hasta la actualidad Instituto de Ciencias de la Tierra, Universidad de San Petersburgo<\/p>\n<p>Desde 2023 profesor asociado de cartograf\u00eda y geoinform\u00e1tica<\/p>\n<p>Desde julio de 2020 hasta La actualidad Geoskan LLC<\/p>\n<p>Se especializ\u00f3 en el uso de tecnolog\u00edas no tripuladas Vant ,para mapear el territorio<\/p>\n<p><span style=\"color: #3366ff;\"><strong>Educaci\u00f3n<\/strong><\/span><\/p>\n<p>De 2007 a 2013 Universidad de San Petersburgo<\/p>\n<p>Maestr\u00eda en cartograf\u00eda de informaci\u00f3n geogr\u00e1fica<\/p>\n<p>&nbsp;<\/p>\n<p><span style=\"color: #3366ff;\"><strong>Postgrado<\/strong><\/span><\/p>\n<p>Doctor en filosof\u00eda (PhD) (2020)<\/p>\n<p>&nbsp;<\/p>\n<p><span style=\"color: #3366ff;\"><strong>Idiomas<\/strong><\/span><\/p>\n<p>Ingl\u00e9s<\/p>\n<p>&nbsp;<\/p>\n<p><span style=\"color: #3366ff;\"><strong>Publicaciones cient\u00edficas y metodol\u00f3gicas<\/strong><\/span><\/p>\n<p>Autor de m\u00e1s de 30 art\u00edculos cient\u00edficos en las bases de datos cient\u00edficas Rintz, Scopus y Web of Science.<\/p>\n<p>&nbsp;<\/p>\n","protected":false},"excerpt":{"rendered":"<p>Del Martes, 27 al Jueves, 30 de Noviembre, en el Centro de Fotogrametr\u00eda, Cartograf\u00eda y Catastro de la Facultad de<\/p>\n","protected":false},"author":3,"featured_media":53930,"comment_status":"closed","ping_status":"closed","sticky":false,"template":"","format":"standard","meta":{"_acf_changed":false,"_seopress_robots_primary_cat":"none","_seopress_titles_title":"","_seopress_titles_desc":"","_seopress_robots_index":"","colormag_page_container_layout":"default_layout","colormag_page_sidebar_layout":"default_layout","footnotes":""},"categories":[9],"tags":[],"class_list":["post-66226","post","type-post","status-publish","format-standard","has-post-thumbnail","hentry","category-cursos"],"acf":[],"_links":{"self":[{"href":"https:\/\/vocesparalelas.com.ar\/sitio\/wp-json\/wp\/v2\/posts\/66226","targetHints":{"allow":["GET"]}}],"collection":[{"href":"https:\/\/vocesparalelas.com.ar\/sitio\/wp-json\/wp\/v2\/posts"}],"about":[{"href":"https:\/\/vocesparalelas.com.ar\/sitio\/wp-json\/wp\/v2\/types\/post"}],"author":[{"embeddable":true,"href":"https:\/\/vocesparalelas.com.ar\/sitio\/wp-json\/wp\/v2\/users\/3"}],"replies":[{"embeddable":true,"href":"https:\/\/vocesparalelas.com.ar\/sitio\/wp-json\/wp\/v2\/comments?post=66226"}],"version-history":[{"count":3,"href":"https:\/\/vocesparalelas.com.ar\/sitio\/wp-json\/wp\/v2\/posts\/66226\/revisions"}],"predecessor-version":[{"id":66231,"href":"https:\/\/vocesparalelas.com.ar\/sitio\/wp-json\/wp\/v2\/posts\/66226\/revisions\/66231"}],"wp:featuredmedia":[{"embeddable":true,"href":"https:\/\/vocesparalelas.com.ar\/sitio\/wp-json\/wp\/v2\/media\/53930"}],"wp:attachment":[{"href":"https:\/\/vocesparalelas.com.ar\/sitio\/wp-json\/wp\/v2\/media?parent=66226"}],"wp:term":[{"taxonomy":"category","embeddable":true,"href":"https:\/\/vocesparalelas.com.ar\/sitio\/wp-json\/wp\/v2\/categories?post=66226"},{"taxonomy":"post_tag","embeddable":true,"href":"https:\/\/vocesparalelas.com.ar\/sitio\/wp-json\/wp\/v2\/tags?post=66226"}],"curies":[{"name":"wp","href":"https:\/\/api.w.org\/{rel}","templated":true}]}}