{"id":66200,"date":"2023-11-26T19:10:45","date_gmt":"2023-11-26T22:10:45","guid":{"rendered":"https:\/\/vocesparalelas.com.ar\/sitio\/?p=66200"},"modified":"2023-11-26T21:30:12","modified_gmt":"2023-11-27T00:30:12","slug":"apera-distingue-al-diputado-nacional-por-san-juan-ing-jose-luis-gioja-por-su-trayectoria","status":"publish","type":"post","link":"https:\/\/vocesparalelas.com.ar\/sitio\/apera-distingue-al-diputado-nacional-por-san-juan-ing-jose-luis-gioja-por-su-trayectoria\/","title":{"rendered":"APeRa distingue al Diputado Nacional por San Juan, Ing. Jos\u00e9 Luis Gioja por su trayectoria"},"content":{"rendered":"<p>El Martes, 28 de Noviembre, a las 17 hs.; en el Sal\u00f3n Blanco de la C\u00e1mara de Diputados de la Naci\u00f3n, la Asociaci\u00f3n de Periodistas de la Rep\u00fablica Argentina &#8211; APeRa &#8211; al Diputado Nacional por San Juan, Ing. Jos\u00e9 Luis Gioja por su trayectoria como personalidad de la pol\u00edtica argentina.<\/p>\n<p>APeRa es la Asociaci\u00f3n que nuclea a periodistas dela Rep\u00fablica Argentina. Adem\u00e1s, distingue al<\/p>\n<ul>\n<li>Diputado Nacional por C\u00f3rdoba, Dr. Mario Negri,<\/li>\n<li>Diputada Nacional por Buenos Aires,\u00a0Dra. Margarita Stolbizer y<\/li>\n<li>Diputada Nacional por Buenos Aires, Dra. Graciela Cama\u00f1o<\/li>\n<\/ul>\n<p>Quienes abandonan el Congreso de la Naci\u00f3n despu\u00e9s de dilatadas trayectorias legislativas.<\/p>\n<p>Es importante desatacar que, el Diputado Nacional por San Juan, Ing. Jos\u00e9 Luis Gioja ocup\u00f3 puestos muy relevantes en el quehacer pol\u00edtico nacional, tres veces gobernador de San Juan, Senador y Diputado Nacional, vicepresidente en la C\u00e1mara de Diputados, Presidente Provisional del Senado y Presidente del Partido Justicialista, siempre representando y trabajado por la Provincia de San Juan.<\/p>\n<p><img loading=\"lazy\" decoding=\"async\" class=\"alignnone size-large wp-image-66203\" src=\"https:\/\/vocesparalelas.com.ar\/sitio\/wp-content\/uploads\/2023\/11\/SALON-BLANCO.jpg\" alt=\"\" width=\"800\" height=\"533\" srcset=\"https:\/\/vocesparalelas.com.ar\/sitio\/wp-content\/uploads\/2023\/11\/SALON-BLANCO.jpg 800w, https:\/\/vocesparalelas.com.ar\/sitio\/wp-content\/uploads\/2023\/11\/SALON-BLANCO-300x200.jpg 300w, https:\/\/vocesparalelas.com.ar\/sitio\/wp-content\/uploads\/2023\/11\/SALON-BLANCO-768x512.jpg 768w\" sizes=\"auto, (max-width: 800px) 100vw, 800px\" \/><\/p>\n<p>&nbsp;<\/p>\n<p>&nbsp;<\/p>\n","protected":false},"excerpt":{"rendered":"<p>El Martes, 28 de Noviembre, a las 17 hs.; en el Sal\u00f3n Blanco de la C\u00e1mara de Diputados de la<\/p>\n","protected":false},"author":3,"featured_media":32567,"comment_status":"closed","ping_status":"closed","sticky":false,"template":"","format":"standard","meta":{"_acf_changed":false,"_seopress_robots_primary_cat":"none","_seopress_titles_title":"","_seopress_titles_desc":"","_seopress_robots_index":"","colormag_page_container_layout":"default_layout","colormag_page_sidebar_layout":"default_layout","footnotes":""},"categories":[1],"tags":[],"class_list":["post-66200","post","type-post","status-publish","format-standard","has-post-thumbnail","hentry","category-destacadas"],"acf":[],"_links":{"self":[{"href":"https:\/\/vocesparalelas.com.ar\/sitio\/wp-json\/wp\/v2\/posts\/66200","targetHints":{"allow":["GET"]}}],"collection":[{"href":"https:\/\/vocesparalelas.com.ar\/sitio\/wp-json\/wp\/v2\/posts"}],"about":[{"href":"https:\/\/vocesparalelas.com.ar\/sitio\/wp-json\/wp\/v2\/types\/post"}],"author":[{"embeddable":true,"href":"https:\/\/vocesparalelas.com.ar\/sitio\/wp-json\/wp\/v2\/users\/3"}],"replies":[{"embeddable":true,"href":"https:\/\/vocesparalelas.com.ar\/sitio\/wp-json\/wp\/v2\/comments?post=66200"}],"version-history":[{"count":2,"href":"https:\/\/vocesparalelas.com.ar\/sitio\/wp-json\/wp\/v2\/posts\/66200\/revisions"}],"predecessor-version":[{"id":66211,"href":"https:\/\/vocesparalelas.com.ar\/sitio\/wp-json\/wp\/v2\/posts\/66200\/revisions\/66211"}],"wp:featuredmedia":[{"embeddable":true,"href":"https:\/\/vocesparalelas.com.ar\/sitio\/wp-json\/wp\/v2\/media\/32567"}],"wp:attachment":[{"href":"https:\/\/vocesparalelas.com.ar\/sitio\/wp-json\/wp\/v2\/media?parent=66200"}],"wp:term":[{"taxonomy":"category","embeddable":true,"href":"https:\/\/vocesparalelas.com.ar\/sitio\/wp-json\/wp\/v2\/categories?post=66200"},{"taxonomy":"post_tag","embeddable":true,"href":"https:\/\/vocesparalelas.com.ar\/sitio\/wp-json\/wp\/v2\/tags?post=66200"}],"curies":[{"name":"wp","href":"https:\/\/api.w.org\/{rel}","templated":true}]}}