{"id":66186,"date":"2023-11-25T20:29:12","date_gmt":"2023-11-25T23:29:12","guid":{"rendered":"https:\/\/vocesparalelas.com.ar\/sitio\/?p=66186"},"modified":"2023-11-29T21:38:33","modified_gmt":"2023-11-30T00:38:33","slug":"se-desarrollo-el-taller-presencial-el-desafio-del-desarrollo-de-competencias-en-mineria-en-san-juan-2025-2035-en-la-fi-de-la-unsj","status":"publish","type":"post","link":"https:\/\/vocesparalelas.com.ar\/sitio\/se-desarrollo-el-taller-presencial-el-desafio-del-desarrollo-de-competencias-en-mineria-en-san-juan-2025-2035-en-la-fi-de-la-unsj\/","title":{"rendered":"Se desarroll\u00f3 el Taller presencial \u00abEl Desaf\u00edo del desarrollo de competencias en Miner\u00eda en San Juan, 2025-2035\u00bb en la FI de la UNSJ"},"content":{"rendered":"<p>El 22 y 23 de Noviembre, en Aula Magna del Nucleamiento de Ingenier\u00eda de Minas de la Facultad de Ingenier\u00eda de la Universidad Nacional de San Juan, Provincia de San Juan, Rep\u00fablica Argentina, se desarroll\u00f3 el Taller presencial \u00abEl Desaf\u00edo del desarrollo de competencias en Miner\u00eda en San Juan, 2025-2035\u00bb.<\/p>\n<p><strong><span style=\"color: #800080;\">Organizaron<\/span><\/strong><\/p>\n<ul>\n<li>Empresa Glencore Pach\u00f3n<\/li>\n<li>FI de la UNSJ<\/li>\n<\/ul>\n<p>Por ello, Voces Paralelas desarroll\u00f3 una entrevista period\u00edstica al L\u00edder de Estudios de Capital Humano de la empresa minera Glencor Pach\u00f3n, Provincia de San Juan, Rep\u00fablica Argentina, Ing. Juan Hugo Ponce, quien describi\u00f3 el trabajo que viene realizando la empresa en la comunidad.<\/p>\n<p><iframe loading=\"lazy\" title=\"FI UNSJ MINERA GLENCOR PACH\u00d3N ING JUAN HUGO PONCE\" width=\"800\" height=\"450\" src=\"https:\/\/www.youtube.com\/embed\/rp_IvH7VSHM?feature=oembed\" frameborder=\"0\" allow=\"accelerometer; autoplay; clipboard-write; encrypted-media; gyroscope; picture-in-picture; web-share\" allowfullscreen><\/iframe><\/p>\n<p>&nbsp;<\/p>\n<figure id=\"attachment_66197\" aria-describedby=\"caption-attachment-66197\" style=\"width: 800px\" class=\"wp-caption alignnone\"><img loading=\"lazy\" decoding=\"async\" class=\"size-full wp-image-66197\" src=\"https:\/\/vocesparalelas.com.ar\/sitio\/wp-content\/uploads\/2023\/11\/PACHON-SAN-JUAN.jpg\" alt=\"\" width=\"800\" height=\"450\" srcset=\"https:\/\/vocesparalelas.com.ar\/sitio\/wp-content\/uploads\/2023\/11\/PACHON-SAN-JUAN.jpg 800w, https:\/\/vocesparalelas.com.ar\/sitio\/wp-content\/uploads\/2023\/11\/PACHON-SAN-JUAN-300x169.jpg 300w, https:\/\/vocesparalelas.com.ar\/sitio\/wp-content\/uploads\/2023\/11\/PACHON-SAN-JUAN-768x432.jpg 768w\" sizes=\"auto, (max-width: 800px) 100vw, 800px\" \/><figcaption id=\"caption-attachment-66197\" class=\"wp-caption-text\">Minera Glencor Pach\u00f3n, Provincia de San Juan, Rep\u00fablica Argentina<\/figcaption><\/figure>\n<p>&nbsp;<\/p>\n<p>Luego, la Vicedecana de la FI de la UNSJ, Dr. Andrea D\u00edaz, remarc\u00f3 el trabajo que viene realizando la Unidad Acad\u00e9mica con el Ministerio de Educaci\u00f3n del Gobierno de San Juan para fortalecer las Educaci\u00f3n T\u00e9cnica con orientaci\u00f3n a la miner\u00eda.<\/p>\n<p><iframe loading=\"lazy\" title=\"FI UNSJ VICEDECANA DRA ANDREA D\u00cdAZ\" width=\"800\" height=\"450\" src=\"https:\/\/www.youtube.com\/embed\/eBjqfyuTEcQ?feature=oembed\" frameborder=\"0\" allow=\"accelerometer; autoplay; clipboard-write; encrypted-media; gyroscope; picture-in-picture; web-share\" allowfullscreen><\/iframe><\/p>\n<p>&nbsp;<\/p>\n<p>Adem\u00e1s, Voces Paralelas, ofrece un fragmento de la exposici\u00f3n del Gerente de Corporaci\u00f3n Cl\u00faster Minero Regi\u00f3n de Antofagasta de la Rep\u00fablica de Chile, Dr. Orlando Gahona Flores, quien sugiri\u00f3 paciencia y un acercamiento para conversar con los distintos sectores de la sociedad.<\/p>\n<p><iframe loading=\"lazy\" title=\"FI UNSJ CORPORACION CL\u00daSTER MINERO REGI\u00d3N ANTOFAGASTA CHILE DR ORLANDO GAHONA FLORES\" width=\"800\" height=\"450\" src=\"https:\/\/www.youtube.com\/embed\/CvT9mXUX_LM?feature=oembed\" frameborder=\"0\" allow=\"accelerometer; autoplay; clipboard-write; encrypted-media; gyroscope; picture-in-picture; web-share\" allowfullscreen><\/iframe><\/p>\n<p><span style=\"color: #800080;\"><strong>Hitos del Cl\u00faster Minero Regi\u00f3n de Antofagasta, Rep\u00fablica de Chile<\/strong><\/span><\/p>\n<ul>\n<li>Acuerdos de trabajo colaborativo con Gobierno Regi\u00f3n de Antofagasta.<\/li>\n<li>Alianzas estrat\u00e9gicas con grupos mineros Antofagasta Minerals, BHP, Codelco Chile, SQM.<\/li>\n<li>Creaci\u00f3n y desarrollo de los colegios t\u00e9cnico industrial Don Bosco de Antofagasta y Calama.<\/li>\n<li>Consorcio HEUMA, Redise\u00f1o de Facultades de Ingenier\u00eda 2030.<\/li>\n<li>Plataforma Regional ELEVA, Formaci\u00f3n T\u00e9cnica.<\/li>\n<li>Dise\u00f1o de Portal de Empleabilidad Local en conjunto con grupo Antofagasta Minerals.<\/li>\n<li>Portal de Abastecimiento Local BHP-SAWU, US$ 150 millones compras locales<\/li>\n<li>Fomento a la exportaci\u00f3n, Ruedas de Negocios con ProChile, Red de Centros de Tecnol\u00f3gicos y apoyo a empresas: CET, CIPTEMIN, CICITEM, CIETZASA, etc.<\/li>\n<li>Concursos Desaf\u00edos Tecnol\u00f3gicos Mineros, 2017, 2018, 2019.<\/li>\n<\/ul>\n<p>&nbsp;<\/p>\n<figure id=\"attachment_66192\" aria-describedby=\"caption-attachment-66192\" style=\"width: 692px\" class=\"wp-caption aligncenter\"><img loading=\"lazy\" decoding=\"async\" class=\"size-large wp-image-66192\" src=\"https:\/\/vocesparalelas.com.ar\/sitio\/wp-content\/uploads\/2023\/11\/MAPA-ANTOFAGASTA-692x800.jpg\" alt=\"\" width=\"692\" height=\"800\" srcset=\"https:\/\/vocesparalelas.com.ar\/sitio\/wp-content\/uploads\/2023\/11\/MAPA-ANTOFAGASTA-692x800.jpg 692w, https:\/\/vocesparalelas.com.ar\/sitio\/wp-content\/uploads\/2023\/11\/MAPA-ANTOFAGASTA-259x300.jpg 259w, https:\/\/vocesparalelas.com.ar\/sitio\/wp-content\/uploads\/2023\/11\/MAPA-ANTOFAGASTA-768x888.jpg 768w, https:\/\/vocesparalelas.com.ar\/sitio\/wp-content\/uploads\/2023\/11\/MAPA-ANTOFAGASTA.jpg 800w\" sizes=\"auto, (max-width: 692px) 100vw, 692px\" \/><figcaption id=\"caption-attachment-66192\" class=\"wp-caption-text\">Regi\u00f3n Antofagasta, Rep\u00fablica de Chile<\/figcaption><\/figure>\n<p>&nbsp;<\/p>\n<p>El L\u00edder de Estudios de Capital Humano de la empresa minera Glencor Pach\u00f3n, Provincia de San Juan, Rep\u00fablica Argentina, Ing. Juan Hugo Ponce, tuvo la iniciativa de ofrecer el Taller junto la FI de la UNSJ, el Gerente de Desarrollo de Competencias del Centro de Entrenamiento Industrial y Minero \u2013 CEIM \u2013 Ing. Milton Flores Pardo y el Gerente de Corporaci\u00f3n Cl\u00faster Minero Regi\u00f3n Antofagasta, Rep\u00fablica de Chile, Dr. Orlando Gahona Flores.<\/p>\n<p><img loading=\"lazy\" decoding=\"async\" class=\"alignnone size-full wp-image-66066\" src=\"https:\/\/vocesparalelas.com.ar\/sitio\/wp-content\/uploads\/2023\/11\/FI-UNSJ-MINERIA-01.jpg\" alt=\"\" width=\"800\" height=\"533\" srcset=\"https:\/\/vocesparalelas.com.ar\/sitio\/wp-content\/uploads\/2023\/11\/FI-UNSJ-MINERIA-01.jpg 800w, https:\/\/vocesparalelas.com.ar\/sitio\/wp-content\/uploads\/2023\/11\/FI-UNSJ-MINERIA-01-300x200.jpg 300w, https:\/\/vocesparalelas.com.ar\/sitio\/wp-content\/uploads\/2023\/11\/FI-UNSJ-MINERIA-01-768x512.jpg 768w\" sizes=\"auto, (max-width: 800px) 100vw, 800px\" \/><\/p>\n<p><span style=\"color: #800080;\"><strong>Temario<\/strong><\/span><\/p>\n<ul>\n<li>Panorama General del estado de los principales proyectos mineros en San Juan 2025-2035<\/li>\n<li>Josemaria<\/li>\n<li>Los Azules<\/li>\n<li>Altar<\/li>\n<li>Gualcarnayo<\/li>\n<li>Panorama educativo de San Juan y desaf\u00edos futuros<\/li>\n<li>Desarrollo de Competencias<\/li>\n<li>Modelo de Desarrollo Competencias para la miner\u00eda<\/li>\n<li>Ecuador &#8211; Proyecto Fruta del Norte<\/li>\n<li>Estrategias de Vinculaci\u00f3n para el desarrollo del Capital Humano por CEIM<\/li>\n<li>Trabajando en equipo por una regi\u00f3n: El caso del Cl\u00faster Minero de Antofagasta Rep\u00fablica de Chile.<\/li>\n<li>Conclusiones y resumen de pasos futuros<\/li>\n<\/ul>\n<p><img loading=\"lazy\" decoding=\"async\" class=\"alignnone size-full wp-image-66068\" src=\"https:\/\/vocesparalelas.com.ar\/sitio\/wp-content\/uploads\/2023\/11\/FI-UNSJ-MINERIA-03.jpg\" alt=\"\" width=\"800\" height=\"533\" srcset=\"https:\/\/vocesparalelas.com.ar\/sitio\/wp-content\/uploads\/2023\/11\/FI-UNSJ-MINERIA-03.jpg 800w, https:\/\/vocesparalelas.com.ar\/sitio\/wp-content\/uploads\/2023\/11\/FI-UNSJ-MINERIA-03-300x200.jpg 300w, https:\/\/vocesparalelas.com.ar\/sitio\/wp-content\/uploads\/2023\/11\/FI-UNSJ-MINERIA-03-768x512.jpg 768w\" sizes=\"auto, (max-width: 800px) 100vw, 800px\" \/><\/p>\n<p>&nbsp;<\/p>\n<p><img loading=\"lazy\" decoding=\"async\" class=\"alignnone size-large wp-image-41814\" src=\"https:\/\/vocesparalelas.com.ar\/sitio\/wp-content\/uploads\/2021\/09\/FI-MINERIA-800x476.jpg\" alt=\"\" width=\"800\" height=\"476\" srcset=\"https:\/\/vocesparalelas.com.ar\/sitio\/wp-content\/uploads\/2021\/09\/FI-MINERIA-800x476.jpg 800w, https:\/\/vocesparalelas.com.ar\/sitio\/wp-content\/uploads\/2021\/09\/FI-MINERIA-300x178.jpg 300w, https:\/\/vocesparalelas.com.ar\/sitio\/wp-content\/uploads\/2021\/09\/FI-MINERIA-768x457.jpg 768w, https:\/\/vocesparalelas.com.ar\/sitio\/wp-content\/uploads\/2021\/09\/FI-MINERIA.jpg 1024w\" sizes=\"auto, (max-width: 800px) 100vw, 800px\" \/><\/p>\n<p><img loading=\"lazy\" decoding=\"async\" class=\"alignnone size-full wp-image-60280\" src=\"https:\/\/vocesparalelas.com.ar\/sitio\/wp-content\/uploads\/2023\/06\/FI-UNSJ-FRENTE.jpg\" alt=\"\" width=\"800\" height=\"600\" srcset=\"https:\/\/vocesparalelas.com.ar\/sitio\/wp-content\/uploads\/2023\/06\/FI-UNSJ-FRENTE.jpg 800w, https:\/\/vocesparalelas.com.ar\/sitio\/wp-content\/uploads\/2023\/06\/FI-UNSJ-FRENTE-300x225.jpg 300w, https:\/\/vocesparalelas.com.ar\/sitio\/wp-content\/uploads\/2023\/06\/FI-UNSJ-FRENTE-768x576.jpg 768w\" sizes=\"auto, (max-width: 800px) 100vw, 800px\" \/><\/p>\n","protected":false},"excerpt":{"rendered":"<p>El 22 y 23 de Noviembre, en Aula Magna del Nucleamiento de Ingenier\u00eda de Minas de la Facultad de Ingenier\u00eda<\/p>\n","protected":false},"author":3,"featured_media":66067,"comment_status":"closed","ping_status":"closed","sticky":false,"template":"","format":"standard","meta":{"_acf_changed":false,"_seopress_robots_primary_cat":"none","_seopress_titles_title":"","_seopress_titles_desc":"","_seopress_robots_index":"","colormag_page_container_layout":"default_layout","colormag_page_sidebar_layout":"default_layout","footnotes":""},"categories":[9,7],"tags":[],"class_list":["post-66186","post","type-post","status-publish","format-standard","has-post-thumbnail","hentry","category-cursos","category-videos"],"acf":[],"_links":{"self":[{"href":"https:\/\/vocesparalelas.com.ar\/sitio\/wp-json\/wp\/v2\/posts\/66186","targetHints":{"allow":["GET"]}}],"collection":[{"href":"https:\/\/vocesparalelas.com.ar\/sitio\/wp-json\/wp\/v2\/posts"}],"about":[{"href":"https:\/\/vocesparalelas.com.ar\/sitio\/wp-json\/wp\/v2\/types\/post"}],"author":[{"embeddable":true,"href":"https:\/\/vocesparalelas.com.ar\/sitio\/wp-json\/wp\/v2\/users\/3"}],"replies":[{"embeddable":true,"href":"https:\/\/vocesparalelas.com.ar\/sitio\/wp-json\/wp\/v2\/comments?post=66186"}],"version-history":[{"count":7,"href":"https:\/\/vocesparalelas.com.ar\/sitio\/wp-json\/wp\/v2\/posts\/66186\/revisions"}],"predecessor-version":[{"id":66198,"href":"https:\/\/vocesparalelas.com.ar\/sitio\/wp-json\/wp\/v2\/posts\/66186\/revisions\/66198"}],"wp:featuredmedia":[{"embeddable":true,"href":"https:\/\/vocesparalelas.com.ar\/sitio\/wp-json\/wp\/v2\/media\/66067"}],"wp:attachment":[{"href":"https:\/\/vocesparalelas.com.ar\/sitio\/wp-json\/wp\/v2\/media?parent=66186"}],"wp:term":[{"taxonomy":"category","embeddable":true,"href":"https:\/\/vocesparalelas.com.ar\/sitio\/wp-json\/wp\/v2\/categories?post=66186"},{"taxonomy":"post_tag","embeddable":true,"href":"https:\/\/vocesparalelas.com.ar\/sitio\/wp-json\/wp\/v2\/tags?post=66186"}],"curies":[{"name":"wp","href":"https:\/\/api.w.org\/{rel}","templated":true}]}}