{"id":66180,"date":"2023-11-25T13:01:06","date_gmt":"2023-11-25T16:01:06","guid":{"rendered":"https:\/\/vocesparalelas.com.ar\/sitio\/?p=66180"},"modified":"2023-11-28T00:20:37","modified_gmt":"2023-11-28T03:20:37","slug":"renovacion-de-contratos-2024-en-educacion-de-san-juan","status":"publish","type":"post","link":"https:\/\/vocesparalelas.com.ar\/sitio\/renovacion-de-contratos-2024-en-educacion-de-san-juan\/","title":{"rendered":"Renovaci\u00f3n de contratos 2024 en Educaci\u00f3n de San Juan"},"content":{"rendered":"<p>El Ministerio de Educaci\u00f3n del Gobierno de San Juan, a trav\u00e9s de la Secretar\u00eda de Coordinaci\u00f3n Administrativa y Financiera, informa a continuaci\u00f3n el cronograma de Renovaci\u00f3n de Contratos 2024 para personal de Servicios Generales, administrativos y profesionales.<\/p>\n<p><strong><span style=\"color: #339966;\">1) Personal\u00a0de Servicios Generales (porteros)<\/span><\/strong><\/p>\n<p>&nbsp;<\/p>\n<p><img loading=\"lazy\" decoding=\"async\" class=\"alignnone size-full wp-image-66183 aligncenter\" src=\"https:\/\/vocesparalelas.com.ar\/sitio\/wp-content\/uploads\/2023\/11\/RENOVACION-01.jpg\" alt=\"\" width=\"524\" height=\"167\" srcset=\"https:\/\/vocesparalelas.com.ar\/sitio\/wp-content\/uploads\/2023\/11\/RENOVACION-01.jpg 524w, https:\/\/vocesparalelas.com.ar\/sitio\/wp-content\/uploads\/2023\/11\/RENOVACION-01-300x96.jpg 300w\" sizes=\"auto, (max-width: 524px) 100vw, 524px\" \/><\/p>\n<p>&nbsp;<\/p>\n<p><span style=\"color: #339966;\"><strong>2) Contratados de Zonas Alejadas (J\u00e1chal, Iglesia, Valle F\u00e9rtil y Calingasta)<\/strong><\/span><\/p>\n<p>Contratados de Zonas Alejadas de J\u00e1chal, Iglesia, Valle F\u00e9rtil y Calingasta, deben presentarse en el\u00a0Centro de Convenciones ubicado en calles Las Heras 101 norte y 25 de Mayo,\u00a0a partir del lunes 27 al mi\u00e9rcoles 29 de noviembre de 7:30 a 12.30 horas,\u00a0tendr\u00e1n prioridad en la atenci\u00f3n, ser\u00e1 por orden de llegada, cualquiera sea la terminaci\u00f3n del DNI<\/p>\n<p><span style=\"color: #339966;\"><strong>3) Administrativos y Profesionales<\/strong><\/span><\/p>\n<p><img loading=\"lazy\" decoding=\"async\" class=\"alignnone size-full wp-image-66184 aligncenter\" src=\"https:\/\/vocesparalelas.com.ar\/sitio\/wp-content\/uploads\/2023\/11\/RENOVACION-02.jpg\" alt=\"\" width=\"524\" height=\"167\" srcset=\"https:\/\/vocesparalelas.com.ar\/sitio\/wp-content\/uploads\/2023\/11\/RENOVACION-02.jpg 524w, https:\/\/vocesparalelas.com.ar\/sitio\/wp-content\/uploads\/2023\/11\/RENOVACION-02-300x96.jpg 300w\" sizes=\"auto, (max-width: 524px) 100vw, 524px\" \/><\/p>\n<p>&nbsp;<\/p>\n<h3><span style=\"color: #339966;\"><strong>Documentaci\u00f3n requerida<\/strong><\/span><\/h3>\n<p>Tienen que acudir con toda la documentaci\u00f3n solicitada o no podr\u00e1n efectuar el tr\u00e1mite y se dar\u00e1 la baja al contrato<strong>.<\/strong><\/p>\n<p>1-Dos (2) fotocopias legibles de DNI tarjeta (anverso y reverso), legalizadas.<\/p>\n<p>2-Constancia de inscripci\u00f3n de AFIP actualizada, donde conste la inscripci\u00f3n en Ingresos Brutos a trav\u00e9s de la leyenda \u201cR\u00e9gimen simplificado impuesto sobre los ingresos brutos San Juan &#8211; AC\u201d. Adem\u00e1s es indispensable tener como actividad principal \u201cSERVICIOS PERSONALES NCP\u201d.<\/p>\n<p>3-Certificaci\u00f3n negativa de ANSES actualizada. Ingresando a la p\u00e1gina de ANSES (www.anses.gov.ar).<\/p>\n<p>*En caso de figurar como trabajador en actividad, deber\u00e1 presentar una nota firmada por su empleador, o jefe directo, con el horario y los d\u00edas de trabajo. Si corresponde, presentar declaraci\u00f3n jurada de cargo \/ horas c\u00e1tedras.<\/p>\n<p>*Si cuenta con alguna prestaci\u00f3n por desempleo, plan social, monotributo social, pensi\u00f3n no contributiva o similar deber\u00e1 darle de baja.<\/p>\n<ol start=\"4\">\n<li>Certificado de Activo de la Administraci\u00f3n P\u00fablica Provincial. El mismo se puede obtener ingresando a la aplicaci\u00f3n \u201cCiudadano Digital\u201d o en la Oficina de Recursos Humanos del Ministerio de Hacienda (Centro C\u00edvico \u2013 2\u00b0 Piso \u2013 N\u00facleo 6).<\/li>\n<li>Personal jubilado o pensionado deber\u00e1 presentar \u00faltimo ticket de cobro o recibo de haberes. El mismo puede obtenerse mediante cajero autom\u00e1tico.<\/li>\n<li>Toda la documentaci\u00f3n solicitada debe estar legalizada por su jefe inmediato o directivo.<\/li>\n<\/ol>\n<p><span style=\"color: #339966;\"><strong>Seguro por accidentes laborales<\/strong><\/span><\/p>\n<p>Debe estar actualizado para poder percibir el primer pago del a\u00f1o 2024. Los importes son los siguientes:<\/p>\n<ol>\n<li>Muerte o invalidez total\/parcial por $ 3.000.000<\/li>\n<li>Gastos m\u00e9dicos y farmac\u00e9uticos por $ 150.000<\/li>\n<\/ol>\n<p><img loading=\"lazy\" decoding=\"async\" class=\"alignnone size-full wp-image-28629\" src=\"https:\/\/vocesparalelas.com.ar\/sitio\/wp-content\/uploads\/2020\/05\/MINISTERIO-EDUCACION-SJ.jpg\" alt=\"\" width=\"800\" height=\"533\" srcset=\"https:\/\/vocesparalelas.com.ar\/sitio\/wp-content\/uploads\/2020\/05\/MINISTERIO-EDUCACION-SJ.jpg 800w, https:\/\/vocesparalelas.com.ar\/sitio\/wp-content\/uploads\/2020\/05\/MINISTERIO-EDUCACION-SJ-300x200.jpg 300w, https:\/\/vocesparalelas.com.ar\/sitio\/wp-content\/uploads\/2020\/05\/MINISTERIO-EDUCACION-SJ-768x512.jpg 768w\" sizes=\"auto, (max-width: 800px) 100vw, 800px\" \/><\/p>\n","protected":false},"excerpt":{"rendered":"<p>El Ministerio de Educaci\u00f3n del Gobierno de San Juan, a trav\u00e9s de la Secretar\u00eda de Coordinaci\u00f3n Administrativa y Financiera, informa<\/p>\n","protected":false},"author":3,"featured_media":37957,"comment_status":"closed","ping_status":"closed","sticky":false,"template":"","format":"standard","meta":{"_acf_changed":false,"_seopress_robots_primary_cat":"none","_seopress_titles_title":"","_seopress_titles_desc":"","_seopress_robots_index":"","colormag_page_container_layout":"default_layout","colormag_page_sidebar_layout":"default_layout","footnotes":""},"categories":[2],"tags":[],"class_list":["post-66180","post","type-post","status-publish","format-standard","has-post-thumbnail","hentry","category-convocatorias"],"acf":[],"_links":{"self":[{"href":"https:\/\/vocesparalelas.com.ar\/sitio\/wp-json\/wp\/v2\/posts\/66180","targetHints":{"allow":["GET"]}}],"collection":[{"href":"https:\/\/vocesparalelas.com.ar\/sitio\/wp-json\/wp\/v2\/posts"}],"about":[{"href":"https:\/\/vocesparalelas.com.ar\/sitio\/wp-json\/wp\/v2\/types\/post"}],"author":[{"embeddable":true,"href":"https:\/\/vocesparalelas.com.ar\/sitio\/wp-json\/wp\/v2\/users\/3"}],"replies":[{"embeddable":true,"href":"https:\/\/vocesparalelas.com.ar\/sitio\/wp-json\/wp\/v2\/comments?post=66180"}],"version-history":[{"count":1,"href":"https:\/\/vocesparalelas.com.ar\/sitio\/wp-json\/wp\/v2\/posts\/66180\/revisions"}],"predecessor-version":[{"id":66185,"href":"https:\/\/vocesparalelas.com.ar\/sitio\/wp-json\/wp\/v2\/posts\/66180\/revisions\/66185"}],"wp:featuredmedia":[{"embeddable":true,"href":"https:\/\/vocesparalelas.com.ar\/sitio\/wp-json\/wp\/v2\/media\/37957"}],"wp:attachment":[{"href":"https:\/\/vocesparalelas.com.ar\/sitio\/wp-json\/wp\/v2\/media?parent=66180"}],"wp:term":[{"taxonomy":"category","embeddable":true,"href":"https:\/\/vocesparalelas.com.ar\/sitio\/wp-json\/wp\/v2\/categories?post=66180"},{"taxonomy":"post_tag","embeddable":true,"href":"https:\/\/vocesparalelas.com.ar\/sitio\/wp-json\/wp\/v2\/tags?post=66180"}],"curies":[{"name":"wp","href":"https:\/\/api.w.org\/{rel}","templated":true}]}}