{"id":66163,"date":"2023-11-22T22:11:24","date_gmt":"2023-11-23T01:11:24","guid":{"rendered":"https:\/\/vocesparalelas.com.ar\/sitio\/?p=66163"},"modified":"2023-11-26T19:48:38","modified_gmt":"2023-11-26T22:48:38","slug":"obra-de-teatro-lo-que-el-corazon-no-olvida-en-san-juan","status":"publish","type":"post","link":"https:\/\/vocesparalelas.com.ar\/sitio\/obra-de-teatro-lo-que-el-corazon-no-olvida-en-san-juan\/","title":{"rendered":"Obra de Teatro \u00abLo que el coraz\u00f3n no olvida\u00bb en San Juan"},"content":{"rendered":"<p>El S\u00e1bado, 25 de Noviembre, a las 21:30 hs.; en el Espacio Teatral T\u00edteres en Serio se presenta la obra de teatro \u00abLo que el coraz\u00f3n no olvida\u00bb.<\/p>\n<p>Es importante destacar que, la funci\u00f3n es del Taller de teatro Adultos Mayores \u00abAqu\u00ed y Ahora\u00bb 2023, con la Coordinaci\u00f3n y Direcci\u00f3n de la Prof. Celeste Castro.<\/p>\n<p><span style=\"color: #ff00ff;\"><strong>Ficha T\u00e9cnica<\/strong><\/span><\/p>\n<ul>\n<li>Elenco: Vintage Theatr\u00e9<\/li>\n<li>Int\u00e9rpretes: Olga G\u00f3mez; Olga P\u00e9rez; Susana Noguera; Edith Pe\u00f1a; Paco Mart\u00edn; Adriana Garc\u00eda; Grazziela Russo<\/li>\n<\/ul>\n<p><img loading=\"lazy\" decoding=\"async\" class=\"alignnone size-full wp-image-66170\" src=\"https:\/\/vocesparalelas.com.ar\/sitio\/wp-content\/uploads\/2023\/11\/teatro-corazon-01.jpg\" alt=\"\" width=\"800\" height=\"450\" srcset=\"https:\/\/vocesparalelas.com.ar\/sitio\/wp-content\/uploads\/2023\/11\/teatro-corazon-01.jpg 800w, https:\/\/vocesparalelas.com.ar\/sitio\/wp-content\/uploads\/2023\/11\/teatro-corazon-01-300x169.jpg 300w, https:\/\/vocesparalelas.com.ar\/sitio\/wp-content\/uploads\/2023\/11\/teatro-corazon-01-768x432.jpg 768w\" sizes=\"auto, (max-width: 800px) 100vw, 800px\" \/><\/p>\n<ul>\n<li>Duraci\u00f3n de la obra en minutos 1 hora<\/li>\n<\/ul>\n<p><span style=\"color: #ff00ff;\"><strong>S\u00edntesis<\/strong><\/span><\/p>\n<p>Es una emotiva obra de teatro &#8211; comedia, que cuenta el paso del tiempo de un grupo de amigos que se acompa\u00f1\u00f3 en cada momento de sus vidas&#8230;d\u00e1ndole tiempo siempre, al tesoro m\u00e1s preciado&#8230;la amistad. Un grupo de amigos atesora, toda una vida llena de aventuras\u2026en la memoria? No, en el coraz\u00f3n.<\/p>\n<p><span style=\"color: #ff00ff;\"><strong>Valores<\/strong><\/span><\/p>\n<ul>\n<li>Entrada general $2500<\/li>\n<li>Anticipadas con descuento en el link<\/li>\n<\/ul>\n<p><a href=\"https:\/\/www.eventbrite.com.ar\/e\/lo-que-el-corazon-no-olvida-tickets-753879653337\">https:\/\/www.eventbrite.com.ar\/e\/lo-que-el-corazon-no-olvida-tickets-753879653337<\/a><\/p>\n<p>&nbsp;<\/p>\n<p>&nbsp;<\/p>\n","protected":false},"excerpt":{"rendered":"<p>El S\u00e1bado, 25 de Noviembre, a las 21:30 hs.; en el Espacio Teatral T\u00edteres en Serio se presenta la obra<\/p>\n","protected":false},"author":3,"featured_media":66166,"comment_status":"closed","ping_status":"closed","sticky":false,"template":"","format":"standard","meta":{"_acf_changed":false,"_seopress_robots_primary_cat":"none","_seopress_titles_title":"","_seopress_titles_desc":"","_seopress_robots_index":"","colormag_page_container_layout":"default_layout","colormag_page_sidebar_layout":"default_layout","footnotes":""},"categories":[1],"tags":[],"class_list":["post-66163","post","type-post","status-publish","format-standard","has-post-thumbnail","hentry","category-destacadas"],"acf":[],"_links":{"self":[{"href":"https:\/\/vocesparalelas.com.ar\/sitio\/wp-json\/wp\/v2\/posts\/66163","targetHints":{"allow":["GET"]}}],"collection":[{"href":"https:\/\/vocesparalelas.com.ar\/sitio\/wp-json\/wp\/v2\/posts"}],"about":[{"href":"https:\/\/vocesparalelas.com.ar\/sitio\/wp-json\/wp\/v2\/types\/post"}],"author":[{"embeddable":true,"href":"https:\/\/vocesparalelas.com.ar\/sitio\/wp-json\/wp\/v2\/users\/3"}],"replies":[{"embeddable":true,"href":"https:\/\/vocesparalelas.com.ar\/sitio\/wp-json\/wp\/v2\/comments?post=66163"}],"version-history":[{"count":4,"href":"https:\/\/vocesparalelas.com.ar\/sitio\/wp-json\/wp\/v2\/posts\/66163\/revisions"}],"predecessor-version":[{"id":66171,"href":"https:\/\/vocesparalelas.com.ar\/sitio\/wp-json\/wp\/v2\/posts\/66163\/revisions\/66171"}],"wp:featuredmedia":[{"embeddable":true,"href":"https:\/\/vocesparalelas.com.ar\/sitio\/wp-json\/wp\/v2\/media\/66166"}],"wp:attachment":[{"href":"https:\/\/vocesparalelas.com.ar\/sitio\/wp-json\/wp\/v2\/media?parent=66163"}],"wp:term":[{"taxonomy":"category","embeddable":true,"href":"https:\/\/vocesparalelas.com.ar\/sitio\/wp-json\/wp\/v2\/categories?post=66163"},{"taxonomy":"post_tag","embeddable":true,"href":"https:\/\/vocesparalelas.com.ar\/sitio\/wp-json\/wp\/v2\/tags?post=66163"}],"curies":[{"name":"wp","href":"https:\/\/api.w.org\/{rel}","templated":true}]}}