{"id":66152,"date":"2023-11-24T21:25:39","date_gmt":"2023-11-25T00:25:39","guid":{"rendered":"https:\/\/vocesparalelas.com.ar\/sitio\/?p=66152"},"modified":"2023-11-26T22:59:11","modified_gmt":"2023-11-27T01:59:11","slug":"se-convoca-a-conformar-el-equipo-movil-de-apoyo-a-la-inclusion-en-san-juan","status":"publish","type":"post","link":"https:\/\/vocesparalelas.com.ar\/sitio\/se-convoca-a-conformar-el-equipo-movil-de-apoyo-a-la-inclusion-en-san-juan\/","title":{"rendered":"Se convoca a conformar el Equipo M\u00f3vil de Apoyo a la Inclusi\u00f3n en San Juan"},"content":{"rendered":"<p>El Ministerio de Educaci\u00f3n del Gobierno de San Juan convoca a integrar el Equipo M\u00f3vil de Apoyo a la Inclusi\u00f3n a Profesores o Licenciados en:<\/p>\n<ul>\n<li>Educaci\u00f3n Especial<\/li>\n<li>Ciencias de la Educaci\u00f3n<\/li>\n<li>Psicopedagog\u00eda<\/li>\n<\/ul>\n<p>Hasta el 29 de Noviembre, los postulantes deben enviar su CV, especificando en Asunto: profesor en Educaci\u00f3n Especial o Asesor Pedag\u00f3gico al e-mail<\/p>\n<p><span id=\"cloak937879bc94f5708a8fd633fff1df7ee6\"><a href=\"mailto:equipoapoyoinclusion@gmail.com\">equipoapoyoinclusion@gmail.com<\/a><\/span><\/p>\n<p><img loading=\"lazy\" decoding=\"async\" class=\"alignnone size-full wp-image-35213\" src=\"https:\/\/vocesparalelas.com.ar\/sitio\/wp-content\/uploads\/2021\/02\/DOCENTES-APOYO-10.jpg\" alt=\"\" width=\"800\" height=\"533\" srcset=\"https:\/\/vocesparalelas.com.ar\/sitio\/wp-content\/uploads\/2021\/02\/DOCENTES-APOYO-10.jpg 800w, https:\/\/vocesparalelas.com.ar\/sitio\/wp-content\/uploads\/2021\/02\/DOCENTES-APOYO-10-300x200.jpg 300w, https:\/\/vocesparalelas.com.ar\/sitio\/wp-content\/uploads\/2021\/02\/DOCENTES-APOYO-10-768x512.jpg 768w\" sizes=\"auto, (max-width: 800px) 100vw, 800px\" \/><\/p>\n<p>&nbsp;<\/p>\n<p>&nbsp;<\/p>\n","protected":false},"excerpt":{"rendered":"<p>El Ministerio de Educaci\u00f3n del Gobierno de San Juan convoca a integrar el Equipo M\u00f3vil de Apoyo a la Inclusi\u00f3n<\/p>\n","protected":false},"author":3,"featured_media":28629,"comment_status":"closed","ping_status":"closed","sticky":false,"template":"","format":"standard","meta":{"_acf_changed":false,"_seopress_robots_primary_cat":"none","_seopress_titles_title":"","_seopress_titles_desc":"","_seopress_robots_index":"","colormag_page_container_layout":"default_layout","colormag_page_sidebar_layout":"default_layout","footnotes":""},"categories":[5],"tags":[],"class_list":["post-66152","post","type-post","status-publish","format-standard","has-post-thumbnail","hentry","category-ofrecimientos"],"acf":[],"_links":{"self":[{"href":"https:\/\/vocesparalelas.com.ar\/sitio\/wp-json\/wp\/v2\/posts\/66152","targetHints":{"allow":["GET"]}}],"collection":[{"href":"https:\/\/vocesparalelas.com.ar\/sitio\/wp-json\/wp\/v2\/posts"}],"about":[{"href":"https:\/\/vocesparalelas.com.ar\/sitio\/wp-json\/wp\/v2\/types\/post"}],"author":[{"embeddable":true,"href":"https:\/\/vocesparalelas.com.ar\/sitio\/wp-json\/wp\/v2\/users\/3"}],"replies":[{"embeddable":true,"href":"https:\/\/vocesparalelas.com.ar\/sitio\/wp-json\/wp\/v2\/comments?post=66152"}],"version-history":[{"count":1,"href":"https:\/\/vocesparalelas.com.ar\/sitio\/wp-json\/wp\/v2\/posts\/66152\/revisions"}],"predecessor-version":[{"id":66155,"href":"https:\/\/vocesparalelas.com.ar\/sitio\/wp-json\/wp\/v2\/posts\/66152\/revisions\/66155"}],"wp:featuredmedia":[{"embeddable":true,"href":"https:\/\/vocesparalelas.com.ar\/sitio\/wp-json\/wp\/v2\/media\/28629"}],"wp:attachment":[{"href":"https:\/\/vocesparalelas.com.ar\/sitio\/wp-json\/wp\/v2\/media?parent=66152"}],"wp:term":[{"taxonomy":"category","embeddable":true,"href":"https:\/\/vocesparalelas.com.ar\/sitio\/wp-json\/wp\/v2\/categories?post=66152"},{"taxonomy":"post_tag","embeddable":true,"href":"https:\/\/vocesparalelas.com.ar\/sitio\/wp-json\/wp\/v2\/tags?post=66152"}],"curies":[{"name":"wp","href":"https:\/\/api.w.org\/{rel}","templated":true}]}}