{"id":66148,"date":"2023-12-01T20:04:52","date_gmt":"2023-12-01T23:04:52","guid":{"rendered":"https:\/\/vocesparalelas.com.ar\/sitio\/?p=66148"},"modified":"2023-12-03T22:18:03","modified_gmt":"2023-12-04T01:18:03","slug":"taller-mujeres-construyendo-espacios-seguros-en-caucete","status":"publish","type":"post","link":"https:\/\/vocesparalelas.com.ar\/sitio\/taller-mujeres-construyendo-espacios-seguros-en-caucete\/","title":{"rendered":"Taller \u201cMujeres construyendo Espacios Seguros\u201d en Caucete"},"content":{"rendered":"<p>El S\u00e1bado, 2 de Diciembre, a las 17:30 hs.; en el Centro de Atenci\u00f3n y Acompa\u00f1amiento de Consumos Problem\u00e1ticos, B\u00ba Pie de Palo, Mza R Casa 20, Departamento Caucete, se desarrolla el Taller \u201cMujeres construyendo Espacios Seguros\u201d, en su segundo encuentro.<\/p>\n<p>Las investigadoras de la Facultad de Arquitectura, Urbanismo y Dise\u00f1o de la Universidad Nacional de San Juan invitan a mapear juntas los recorridos de la vida cotidiana en el barrio que quieren.<\/p>\n<p><strong><span style=\"color: #ff00ff;\">Objetivo<\/span><\/strong><\/p>\n<ul>\n<li>Indagar en los recorridos que, con mayor frecuencia, realizan las mujeres, as\u00ed como las caracter\u00edsticas de los espacios p\u00fablicos por los cuales transitan. Con los aportes individuales y colectivos construidos, tenemos la intenci\u00f3n de elaborar una propuesta de corredores seguros comunitarios para la vida cotidiana de las mujeres.<\/li>\n<\/ul>\n<p>Esta actividad, en conjunto con el Taller de Sensibilizaci\u00f3n realizado el 30 de Septiembre de 2023, en el barrio, se enmarcan en el acta acuerdo firmada entre la FAUD y la Municipalidad de Caucete a los efectos de impulsar el Proyecto de Desarrollo Tecnol\u00f3gico y Social \u2013 PDTS &#8211; \u201cVida cotidiana en entornos habitables.<\/p>\n<p>Aportes a la seguridad urbana en territorios de expansi\u00f3n con perspectiva de g\u00e9nero\u201d que busca, en \u00faltima instancia, dise\u00f1ar una herramienta de gesti\u00f3n para la pol\u00edtica p\u00fablica que contribuya a garantizar la seguridad urbana de las mujeres en entornos locales.<\/p>\n<p>Dicho PDTS se desarrolla en el Instituto Regional de Planeamiento y H\u00e1bitat \u2013 IRPHa \u2013 CONICET \u2013UNSJ &#8211; dependiente de la Facultad de Arquitectura, Urbanismo y Dise\u00f1o de la Universidad Nacional de San Juan Urbanismo y Dise\u00f1o, bajo la direcci\u00f3n de la Mg. Arq. Amelia Scognamillo y la Dra. Lic. Valentina Soria.<\/p>\n<p><span style=\"color: #ff00ff;\"><strong>Organizan<\/strong><\/span><\/p>\n<ul>\n<li>IRPHa \u2013 CONICET \u2013UNSJ<\/li>\n<li>FAUD de la UNSJ<\/li>\n<li>Municipalidad de Caucete<\/li>\n<\/ul>\n<p><strong><span style=\"color: #ff00ff;\">Equipo de trabajo del IRPHa \u2013 CONICET \u2013UNSJ<\/span><\/strong><\/p>\n<ul>\n<li>Directora: Mg. Arq. Amelia Scognamillo.<\/li>\n<li>Codirectora: Dra. Lic. Valentina Soria<\/li>\n<li>Integrantes: Dra. Arq. Alcion Alonso; Esp. Arq. Ana Blanco; DG Eliana Perniche, Arq. Gabriela Caama\u00f1o, Arq. Graciela Pappano, Arq. Ivonne Quispe, Arq. Mariana Galdeano, Dra. Arq. Romina Sales<\/li>\n<li>Becarias: Lic. Virginia C\u00f3rdoba; Estudiante de Arquitectura Angelica Volcanes<\/li>\n<li>Adscrita: Estudiante de Dise\u00f1o Gr\u00e1fico Camila Grgic<\/li>\n<\/ul>\n<p><img loading=\"lazy\" decoding=\"async\" class=\"alignnone size-full wp-image-66458\" src=\"https:\/\/vocesparalelas.com.ar\/sitio\/wp-content\/uploads\/2023\/11\/IRPHa-FAUD-UNSJ-MAPEO-02.jpg\" alt=\"\" width=\"800\" height=\"533\" srcset=\"https:\/\/vocesparalelas.com.ar\/sitio\/wp-content\/uploads\/2023\/11\/IRPHa-FAUD-UNSJ-MAPEO-02.jpg 800w, https:\/\/vocesparalelas.com.ar\/sitio\/wp-content\/uploads\/2023\/11\/IRPHa-FAUD-UNSJ-MAPEO-02-300x200.jpg 300w, https:\/\/vocesparalelas.com.ar\/sitio\/wp-content\/uploads\/2023\/11\/IRPHa-FAUD-UNSJ-MAPEO-02-768x512.jpg 768w\" sizes=\"auto, (max-width: 800px) 100vw, 800px\" \/><\/p>\n<p>&nbsp;<\/p>\n<p>Por ello, Voces Paralelas desarroll\u00f3 una entrevista period\u00edstica a una de las integrantes del equipo de trabajo de investigaci\u00f3n cient\u00edfica del IRPHa \u2013 CONICET \u2013UNSJ,\u00a0Esp. Arq. Ana Blanco, quien describi\u00f3 el trabajo que est\u00e1n realizando para que las mujeres se sientan m\u00e1s seguras en su vida cotidiana en entornos habitables.<\/p>\n<p><iframe loading=\"lazy\" title=\"IRPHA FAUD UNSJ  ARQ ANA BLANCO\" width=\"800\" height=\"450\" src=\"https:\/\/www.youtube.com\/embed\/y2o1SlSJYCk?feature=oembed\" frameborder=\"0\" allow=\"accelerometer; autoplay; clipboard-write; encrypted-media; gyroscope; picture-in-picture; web-share\" allowfullscreen><\/iframe><\/p>\n<p>&nbsp;<\/p>\n<p><img loading=\"lazy\" decoding=\"async\" class=\"alignnone size-full wp-image-59158\" src=\"https:\/\/vocesparalelas.com.ar\/sitio\/wp-content\/uploads\/2023\/05\/FAUD-LOGO-03.jpg\" alt=\"\" width=\"800\" height=\"471\" srcset=\"https:\/\/vocesparalelas.com.ar\/sitio\/wp-content\/uploads\/2023\/05\/FAUD-LOGO-03.jpg 800w, https:\/\/vocesparalelas.com.ar\/sitio\/wp-content\/uploads\/2023\/05\/FAUD-LOGO-03-300x177.jpg 300w, https:\/\/vocesparalelas.com.ar\/sitio\/wp-content\/uploads\/2023\/05\/FAUD-LOGO-03-768x452.jpg 768w\" sizes=\"auto, (max-width: 800px) 100vw, 800px\" \/><\/p>\n","protected":false},"excerpt":{"rendered":"<p>El S\u00e1bado, 2 de Diciembre, a las 17:30 hs.; en el Centro de Atenci\u00f3n y Acompa\u00f1amiento de Consumos Problem\u00e1ticos, B\u00ba<\/p>\n","protected":false},"author":3,"featured_media":66457,"comment_status":"closed","ping_status":"closed","sticky":false,"template":"","format":"standard","meta":{"_acf_changed":false,"_seopress_robots_primary_cat":"none","_seopress_titles_title":"","_seopress_titles_desc":"","_seopress_robots_index":"","colormag_page_container_layout":"default_layout","colormag_page_sidebar_layout":"default_layout","footnotes":""},"categories":[15,7],"tags":[],"class_list":["post-66148","post","type-post","status-publish","format-standard","has-post-thumbnail","hentry","category-posgrados","category-videos"],"acf":[],"_links":{"self":[{"href":"https:\/\/vocesparalelas.com.ar\/sitio\/wp-json\/wp\/v2\/posts\/66148","targetHints":{"allow":["GET"]}}],"collection":[{"href":"https:\/\/vocesparalelas.com.ar\/sitio\/wp-json\/wp\/v2\/posts"}],"about":[{"href":"https:\/\/vocesparalelas.com.ar\/sitio\/wp-json\/wp\/v2\/types\/post"}],"author":[{"embeddable":true,"href":"https:\/\/vocesparalelas.com.ar\/sitio\/wp-json\/wp\/v2\/users\/3"}],"replies":[{"embeddable":true,"href":"https:\/\/vocesparalelas.com.ar\/sitio\/wp-json\/wp\/v2\/comments?post=66148"}],"version-history":[{"count":3,"href":"https:\/\/vocesparalelas.com.ar\/sitio\/wp-json\/wp\/v2\/posts\/66148\/revisions"}],"predecessor-version":[{"id":66460,"href":"https:\/\/vocesparalelas.com.ar\/sitio\/wp-json\/wp\/v2\/posts\/66148\/revisions\/66460"}],"wp:featuredmedia":[{"embeddable":true,"href":"https:\/\/vocesparalelas.com.ar\/sitio\/wp-json\/wp\/v2\/media\/66457"}],"wp:attachment":[{"href":"https:\/\/vocesparalelas.com.ar\/sitio\/wp-json\/wp\/v2\/media?parent=66148"}],"wp:term":[{"taxonomy":"category","embeddable":true,"href":"https:\/\/vocesparalelas.com.ar\/sitio\/wp-json\/wp\/v2\/categories?post=66148"},{"taxonomy":"post_tag","embeddable":true,"href":"https:\/\/vocesparalelas.com.ar\/sitio\/wp-json\/wp\/v2\/tags?post=66148"}],"curies":[{"name":"wp","href":"https:\/\/api.w.org\/{rel}","templated":true}]}}