{"id":66071,"date":"2023-11-23T19:01:10","date_gmt":"2023-11-23T22:01:10","guid":{"rendered":"https:\/\/vocesparalelas.com.ar\/sitio\/?p=66071"},"modified":"2023-11-23T20:45:19","modified_gmt":"2023-11-23T23:45:19","slug":"acto-inaugural-del-ensamble-de-las-partes-del-radiotelescopio-china-argentina","status":"publish","type":"post","link":"https:\/\/vocesparalelas.com.ar\/sitio\/acto-inaugural-del-ensamble-de-las-partes-del-radiotelescopio-china-argentina\/","title":{"rendered":"Acto inaugural del ensamble de las partes del Radiotelescopio China &#8211; Argentina"},"content":{"rendered":"<p>El Viernes, 24 de Noviembre, se realiza en la Estaci\u00f3n de Altura \u201cCarlos Ulrico Cesco\u201d de la Localidad de Barreal, Departamento Calingasta el acto inaugural del ensamble de las partes del Radiotelescopio China &#8211; Argentina &#8211; CART -, luego de ya concluidas las tareas de transporte de las partes de su gran antena de 42 metros de di\u00e1metro y m\u00e1s de mil toneladas.<\/p>\n<p>Al acto, adem\u00e1s de autoridades de la UNSJ presididas por el rector Ing. Tadeo Berenguer y la vicerrectora Dra. Anal\u00eda Ponce, la vicedecana a cargo del decanato de la Facultad de Ciencias Exactas, F\u00edsicas y Naturales de la Universidad Nacional de San Juan, Dra. Natalia Nu\u00f1ez; la secretaria de Estado de Ciencia, Tecnolog\u00eda e Innovaci\u00f3n del Gobierno de San Juan, Ing. Marita Benavente; el director del Observatorio Astron\u00f3mico \u201cF\u00e9lix Aguilar\u201d &#8211; OAFA -, Dr. Carlos Francile, el Embajador Extraordinario y Plenipotenciario de la Rep\u00fablica Popular China en la Rep\u00fablica Argentina, Wang\u2002Wei, el Gobernador de San Juan, Dr. Sergio U\u00f1ac y el gobernador electo de San Juan, Dr. Marcelo Orrego.<\/p>\n<figure id=\"attachment_66074\" aria-describedby=\"caption-attachment-66074\" style=\"width: 800px\" class=\"wp-caption alignnone\"><img loading=\"lazy\" decoding=\"async\" class=\"wp-image-66074 size-full\" src=\"https:\/\/vocesparalelas.com.ar\/sitio\/wp-content\/uploads\/2023\/11\/EMBAJADOR-DE-CHINA-EN-ARGENTINA-WANG-WEI.jpg\" alt=\"\" width=\"800\" height=\"576\" srcset=\"https:\/\/vocesparalelas.com.ar\/sitio\/wp-content\/uploads\/2023\/11\/EMBAJADOR-DE-CHINA-EN-ARGENTINA-WANG-WEI.jpg 800w, https:\/\/vocesparalelas.com.ar\/sitio\/wp-content\/uploads\/2023\/11\/EMBAJADOR-DE-CHINA-EN-ARGENTINA-WANG-WEI-300x216.jpg 300w, https:\/\/vocesparalelas.com.ar\/sitio\/wp-content\/uploads\/2023\/11\/EMBAJADOR-DE-CHINA-EN-ARGENTINA-WANG-WEI-768x553.jpg 768w\" sizes=\"auto, (max-width: 800px) 100vw, 800px\" \/><figcaption id=\"caption-attachment-66074\" class=\"wp-caption-text\">Embajador Extraordinario y Plenipotenciario de la Rep\u00fablica Popular China en la Rep\u00fablica Argentina, Wang\u2002Wei<\/figcaption><\/figure>\n<p>El Proyecto CART es resultado del trabajo conjunto de la Universidad Nacional de San Juan, el Consejo Nacional de Investigaciones Cient\u00edficas y T\u00e9cnicas\u00a0 &#8211; CONICET -, el Gobierno de San Juan y el Observatorio Astron\u00f3mico Nacional de la Academia de Ciencias de China.<\/p>\n<p>El instrumento astron\u00f3mico ya tiene su base construida en la zona de El Leoncito, en \u00e1mbitos de la Estaci\u00f3n de Altura \u201cCarlos Ulrico Cesco\u201d, dependiente del Observatorio Astron\u00f3mico \u201cF\u00e9lix Aguilar\u201d de la Facultad de Ciencias Exactas, F\u00edsicas y Naturales de la UNSJ.<\/p>\n<p>Las partes met\u00e1licas de la antena, que son como un gran o\u00eddo en el cielo destinado a detectar se\u00f1ales del espacio, comenzaron a llegar en camiones desde el puerto de Z\u00e1rate en Agosto 2023, a donde llegaron desde la Rep\u00fablica de China. En total fue alrededor de una centena de equipos consistentes en camiones y carretones que transportaron las partes hasta Barreal a lo largo de un mes.<\/p>\n<p>Por ello, Voces Paralelas desarroll\u00f3 una entrevista period\u00edstica a la Vicedecana a cargo del decanato de la FCEFN de la UNSJ, Dra. Natalia Nu\u00f1ez, quien describi\u00f3 lo que significa el ensamble de las partes del Radiotelescopio China &#8211; Argentina, un equipamiento tecnol\u00f3gico Astron\u00f3mico \u00fanico en Sudam\u00e9rica.<\/p>\n<figure id=\"attachment_66056\" aria-describedby=\"caption-attachment-66056\" style=\"width: 800px\" class=\"wp-caption alignnone\"><img loading=\"lazy\" decoding=\"async\" class=\"size-full wp-image-66056\" src=\"https:\/\/vocesparalelas.com.ar\/sitio\/wp-content\/uploads\/2023\/11\/FCEFN-UNSJ-DRA-NATALIA-NUNEZ-01.jpg\" alt=\"\" width=\"800\" height=\"533\" srcset=\"https:\/\/vocesparalelas.com.ar\/sitio\/wp-content\/uploads\/2023\/11\/FCEFN-UNSJ-DRA-NATALIA-NUNEZ-01.jpg 800w, https:\/\/vocesparalelas.com.ar\/sitio\/wp-content\/uploads\/2023\/11\/FCEFN-UNSJ-DRA-NATALIA-NUNEZ-01-300x200.jpg 300w, https:\/\/vocesparalelas.com.ar\/sitio\/wp-content\/uploads\/2023\/11\/FCEFN-UNSJ-DRA-NATALIA-NUNEZ-01-768x512.jpg 768w\" sizes=\"auto, (max-width: 800px) 100vw, 800px\" \/><figcaption id=\"caption-attachment-66056\" class=\"wp-caption-text\">Vicedecana a cargo del Decanato de la FCEFN de la UNSJ, Dra. Natalia N\u00fa\u00f1ez<\/figcaption><\/figure>\n<p>&nbsp;<\/p>\n<p><iframe loading=\"lazy\" title=\"FCEFN UNSJ VICEDECANA DRA NATALIA NU\u00d1EZ\" width=\"800\" height=\"450\" src=\"https:\/\/www.youtube.com\/embed\/YyVq3S92h-A?feature=oembed\" frameborder=\"0\" allow=\"accelerometer; autoplay; clipboard-write; encrypted-media; gyroscope; picture-in-picture; web-share\" allowfullscreen><\/iframe><\/p>\n<p>&nbsp;<\/p>\n<figure id=\"attachment_22500\" aria-describedby=\"caption-attachment-22500\" style=\"width: 800px\" class=\"wp-caption alignnone\"><img loading=\"lazy\" decoding=\"async\" class=\"wp-image-22500 size-large\" src=\"https:\/\/vocesparalelas.com.ar\/sitio\/wp-content\/uploads\/2019\/07\/UNSJ-TELESCOPIO-01-800x600.jpg\" alt=\"\" width=\"800\" height=\"600\" srcset=\"https:\/\/vocesparalelas.com.ar\/sitio\/wp-content\/uploads\/2019\/07\/UNSJ-TELESCOPIO-01-800x600.jpg 800w, https:\/\/vocesparalelas.com.ar\/sitio\/wp-content\/uploads\/2019\/07\/UNSJ-TELESCOPIO-01-300x225.jpg 300w, https:\/\/vocesparalelas.com.ar\/sitio\/wp-content\/uploads\/2019\/07\/UNSJ-TELESCOPIO-01-768x576.jpg 768w, https:\/\/vocesparalelas.com.ar\/sitio\/wp-content\/uploads\/2019\/07\/UNSJ-TELESCOPIO-01.jpg 1000w\" sizes=\"auto, (max-width: 800px) 100vw, 800px\" \/><figcaption id=\"caption-attachment-22500\" class=\"wp-caption-text\">Radiotelescopio China &#8211; Argentina &#8211; CART\u00a0ubicado en la Estaci\u00f3n de Altura \u201cCarlos Ulrico Cesco\u201d, Localidad de Barreal, Departamento Calingasta, Provincia de San Juan, Rep\u00fablica Argentina<\/figcaption><\/figure>\n<p>&nbsp;<\/p>\n","protected":false},"excerpt":{"rendered":"<p>El Viernes, 24 de Noviembre, se realiza en la Estaci\u00f3n de Altura \u201cCarlos Ulrico Cesco\u201d de la Localidad de Barreal,<\/p>\n","protected":false},"author":3,"featured_media":66057,"comment_status":"closed","ping_status":"closed","sticky":false,"template":"","format":"standard","meta":{"_acf_changed":false,"_seopress_robots_primary_cat":"none","_seopress_titles_title":"","_seopress_titles_desc":"","_seopress_robots_index":"","colormag_page_container_layout":"default_layout","colormag_page_sidebar_layout":"default_layout","footnotes":""},"categories":[1,7],"tags":[],"class_list":["post-66071","post","type-post","status-publish","format-standard","has-post-thumbnail","hentry","category-destacadas","category-videos"],"acf":[],"_links":{"self":[{"href":"https:\/\/vocesparalelas.com.ar\/sitio\/wp-json\/wp\/v2\/posts\/66071","targetHints":{"allow":["GET"]}}],"collection":[{"href":"https:\/\/vocesparalelas.com.ar\/sitio\/wp-json\/wp\/v2\/posts"}],"about":[{"href":"https:\/\/vocesparalelas.com.ar\/sitio\/wp-json\/wp\/v2\/types\/post"}],"author":[{"embeddable":true,"href":"https:\/\/vocesparalelas.com.ar\/sitio\/wp-json\/wp\/v2\/users\/3"}],"replies":[{"embeddable":true,"href":"https:\/\/vocesparalelas.com.ar\/sitio\/wp-json\/wp\/v2\/comments?post=66071"}],"version-history":[{"count":7,"href":"https:\/\/vocesparalelas.com.ar\/sitio\/wp-json\/wp\/v2\/posts\/66071\/revisions"}],"predecessor-version":[{"id":66087,"href":"https:\/\/vocesparalelas.com.ar\/sitio\/wp-json\/wp\/v2\/posts\/66071\/revisions\/66087"}],"wp:featuredmedia":[{"embeddable":true,"href":"https:\/\/vocesparalelas.com.ar\/sitio\/wp-json\/wp\/v2\/media\/66057"}],"wp:attachment":[{"href":"https:\/\/vocesparalelas.com.ar\/sitio\/wp-json\/wp\/v2\/media?parent=66071"}],"wp:term":[{"taxonomy":"category","embeddable":true,"href":"https:\/\/vocesparalelas.com.ar\/sitio\/wp-json\/wp\/v2\/categories?post=66071"},{"taxonomy":"post_tag","embeddable":true,"href":"https:\/\/vocesparalelas.com.ar\/sitio\/wp-json\/wp\/v2\/tags?post=66071"}],"curies":[{"name":"wp","href":"https:\/\/api.w.org\/{rel}","templated":true}]}}