{"id":66033,"date":"2023-11-22T21:33:24","date_gmt":"2023-11-23T00:33:24","guid":{"rendered":"https:\/\/vocesparalelas.com.ar\/sitio\/?p=66033"},"modified":"2023-11-24T21:49:59","modified_gmt":"2023-11-25T00:49:59","slug":"una-presentacion-pedagogica-musical-de-las-orquestas-y-coros-de-san-juan","status":"publish","type":"post","link":"https:\/\/vocesparalelas.com.ar\/sitio\/una-presentacion-pedagogica-musical-de-las-orquestas-y-coros-de-san-juan\/","title":{"rendered":"Una presentaci\u00f3n pedag\u00f3gica musical de las Orquestas y coros de San  Juan"},"content":{"rendered":"<p>El S\u00e1bado, 25 de Noviembre, de 10 a 14 horas, en la Escuela Enrique Mosconi se realiza el Segundo Encuentro Provincial de Orquestas y Coros, culminando las actividades por el D\u00eda de la M\u00fasica.<\/p>\n<p>Los integrantes del programa realizan actividades pedag\u00f3gico musicales con cada uno de los instrumentos, recreativas para el fortalecimiento de v\u00ednculos, culminando con una puesta en com\u00fan del trabajo que realizaron en las clases como: t\u00e9cnica, destreza, motricidad e interpretaci\u00f3n del instrumento.<\/p>\n<p>El Martes. 5 de Diciembre, a las 20 horas, se realiza el concierto final con la participaci\u00f3n de todas las orquestas y coros del programa en el Auditorio Juan Victoria.<\/p>\n<p><span style=\"color: #339966;\"><strong>Actividades desarrolladas<\/strong><\/span><\/p>\n<p>El Equipo Jurisdiccional de Programa Nacional de Orquestas y Coros desarroll\u00f3 una serie de actividades previas al concierto de cierre del Ciclo 2023 con jornadas de capacitaci\u00f3n, talleres y conciertos did\u00e1cticos.<\/p>\n<p>En la Escuela Teniente Pedro Nolasco Fonseca, los docentes del programa participaron de una jornada de capacitaci\u00f3n sobre el \u201cAbordaje y prevenci\u00f3n de situaciones complejas en escuelas\u201d. El objetivo es fortalecer l\u00edneas de acci\u00f3n en el marco de la Resoluci\u00f3n 6515, sobre la detecci\u00f3n y acciones de alumnos en situaciones que necesiten asistencia con el seguimiento y acompa\u00f1amiento desde la escuela al estudiante y la familia. La jornada estuvo a cargo de las licenciadas Evelyn Armada y Agostina Ferreyra, integrantes de Gabinetes T\u00e9cnicos Interdisciplinarios.<\/p>\n<p>Adem\u00e1s se realiz\u00f3 una \u201cJornada de Familia\u201d, en la que participaron estudiantes con sus padres, donde se desarroll\u00f3 una clase abierta mostrando el trabajo sinf\u00f3nico coral y la \u201cm\u00fasica\u201d de cada escuela. Los alumnos y docentes brindaron clases a sus padres sobre la ejecuci\u00f3n y emisi\u00f3n de cada instrumento, para que vivenciar\u00e1n la experiencia de los chicos en cada ensayo. Compartieron juegos y canciones.<\/p>\n<p><span style=\"color: #339966;\"><strong>Primer Encuentro Provincial de Orquestas y Coros<\/strong><\/span><\/p>\n<p>En la Escuela Secundaria Ingeniero Enrique Mosconi se realiz\u00f3 el Primer Encuentro Provincial de Orquestas y Coros con la participaci\u00f3n de m\u00e1s de 200 alumnos que integran el programa. Durante el encuentro, los profesores realizaron talleres de flauta traversa, clarinete, trompeta, tromb\u00f3n, viol\u00edn, violonchello, contrabajo, percusi\u00f3n, t\u00e9cnica vocal y trabajo coral. Intercambiaron de experiencias y juegos para fortalecer v\u00ednculos entre los alumnos. Para finalizar se realiz\u00f3 un ensamble con la obra \u201cA rodar mi vida\u201d, de Fito P\u00e1ez, con arreglo para orquesta y coro del docente Sebasti\u00e1n Vera, siguiendo la l\u00ednea de rock nacional que atraviesa como tem\u00e1tica la propuesta pedag\u00f3gica del programa. Participaron alumnos de las escuelas secundarias Enrique Pestalozzi, Enrique Mosconi, Arturo Capdevila, Diego de Salinas y los colegios secundarios Provincial de Rivadavia y Capit\u00e1n de Fragata Carlos Mar\u00eda Moyano.<\/p>\n<p>&nbsp;<\/p>\n","protected":false},"excerpt":{"rendered":"<p>El S\u00e1bado, 25 de Noviembre, de 10 a 14 horas, en la Escuela Enrique Mosconi se realiza el Segundo Encuentro<\/p>\n","protected":false},"author":3,"featured_media":42245,"comment_status":"closed","ping_status":"closed","sticky":false,"template":"","format":"standard","meta":{"_acf_changed":false,"_seopress_robots_primary_cat":"none","_seopress_titles_title":"","_seopress_titles_desc":"","_seopress_robots_index":"","colormag_page_container_layout":"default_layout","colormag_page_sidebar_layout":"default_layout","footnotes":""},"categories":[20],"tags":[],"class_list":["post-66033","post","type-post","status-publish","format-standard","has-post-thumbnail","hentry","category-cartelera"],"acf":[],"_links":{"self":[{"href":"https:\/\/vocesparalelas.com.ar\/sitio\/wp-json\/wp\/v2\/posts\/66033","targetHints":{"allow":["GET"]}}],"collection":[{"href":"https:\/\/vocesparalelas.com.ar\/sitio\/wp-json\/wp\/v2\/posts"}],"about":[{"href":"https:\/\/vocesparalelas.com.ar\/sitio\/wp-json\/wp\/v2\/types\/post"}],"author":[{"embeddable":true,"href":"https:\/\/vocesparalelas.com.ar\/sitio\/wp-json\/wp\/v2\/users\/3"}],"replies":[{"embeddable":true,"href":"https:\/\/vocesparalelas.com.ar\/sitio\/wp-json\/wp\/v2\/comments?post=66033"}],"version-history":[{"count":1,"href":"https:\/\/vocesparalelas.com.ar\/sitio\/wp-json\/wp\/v2\/posts\/66033\/revisions"}],"predecessor-version":[{"id":66036,"href":"https:\/\/vocesparalelas.com.ar\/sitio\/wp-json\/wp\/v2\/posts\/66033\/revisions\/66036"}],"wp:featuredmedia":[{"embeddable":true,"href":"https:\/\/vocesparalelas.com.ar\/sitio\/wp-json\/wp\/v2\/media\/42245"}],"wp:attachment":[{"href":"https:\/\/vocesparalelas.com.ar\/sitio\/wp-json\/wp\/v2\/media?parent=66033"}],"wp:term":[{"taxonomy":"category","embeddable":true,"href":"https:\/\/vocesparalelas.com.ar\/sitio\/wp-json\/wp\/v2\/categories?post=66033"},{"taxonomy":"post_tag","embeddable":true,"href":"https:\/\/vocesparalelas.com.ar\/sitio\/wp-json\/wp\/v2\/tags?post=66033"}],"curies":[{"name":"wp","href":"https:\/\/api.w.org\/{rel}","templated":true}]}}