{"id":65980,"date":"2023-11-21T20:16:30","date_gmt":"2023-11-21T23:16:30","guid":{"rendered":"https:\/\/vocesparalelas.com.ar\/sitio\/?p=65980"},"modified":"2023-11-21T20:25:18","modified_gmt":"2023-11-21T23:25:18","slug":"hacia-la-conformacion-del-gobierno-de-san-juan-2023-2027","status":"publish","type":"post","link":"https:\/\/vocesparalelas.com.ar\/sitio\/hacia-la-conformacion-del-gobierno-de-san-juan-2023-2027\/","title":{"rendered":"Hacia la conformaci\u00f3n del Gobierno de San Juan 2023 -2027"},"content":{"rendered":"<p>El Gobernador Electo y con certificado que le permite anunciar parte de su gabinete, Dr. Marcelo Orrego para el periodo 2023 \u2013 2027 el 10 de Diciembre de 2023 cuando se produzca el acto de asunci\u00f3n del Gobierno de San Juan como la Ley lo define y reciba la banda de mano del actual Gobernador de San Juan, Dr. Sergio U\u00f1ac.<\/p>\n<figure id=\"attachment_65611\" aria-describedby=\"caption-attachment-65611\" style=\"width: 800px\" class=\"wp-caption alignnone\"><img loading=\"lazy\" decoding=\"async\" class=\"size-full wp-image-65611\" src=\"https:\/\/vocesparalelas.com.ar\/sitio\/wp-content\/uploads\/2023\/11\/ELECTOS-2023-05.jpg\" alt=\"\" width=\"800\" height=\"489\" srcset=\"https:\/\/vocesparalelas.com.ar\/sitio\/wp-content\/uploads\/2023\/11\/ELECTOS-2023-05.jpg 800w, https:\/\/vocesparalelas.com.ar\/sitio\/wp-content\/uploads\/2023\/11\/ELECTOS-2023-05-300x183.jpg 300w, https:\/\/vocesparalelas.com.ar\/sitio\/wp-content\/uploads\/2023\/11\/ELECTOS-2023-05-768x469.jpg 768w\" sizes=\"auto, (max-width: 800px) 100vw, 800px\" \/><figcaption id=\"caption-attachment-65611\" class=\"wp-caption-text\">Vicegobernador de la Provincia de San Juan, Dr. Jos\u00e9 Fabi\u00e1n Mart\u00edn junto al Gobernador de la Provincia de San Juan, Dr. Humberto Marcelo Orrego.<\/figcaption><\/figure>\n<p>Gesti\u00f3n que es acompa\u00f1ado por el Vicegobernador Electo y con certificado, Dr. Fabi\u00e1n Mart\u00edn, responsables de guiar los destinos de San Juan.<\/p>\n<ul>\n<li>Ministra de Gobierno, Dra. Laura Palma<\/li>\n<li>Ministro de Turismo, Deporte y Cultura, Dr. Guido Romero<\/li>\n<li>Ministro de la Familia y del Desarrollo Humano,\u00a0Prof. Carlos Platero<\/li>\n<li>Ministro de Infraestructura, Agua y Energ\u00eda, Arq. Fernando Perea<\/li>\n<\/ul>\n<p>Por ello, el Gobernador Electo de San Juan, Dr. Marcelo Orrego manifest\u00f3 que \u00abseguimos trabajando en formar un equipo de trabajo de personas con experiencia, formaci\u00f3n y vocaci\u00f3n de servicio. Se vienen tiempos de mucho trabajo y necesitamos funcionarios dedicados a mejorar la vida de la poblaci\u00f3n de San Juan. Cada uno en el rol que le toque cumplir\u201d.<\/p>\n<p><strong><span style=\"color: #ff6600;\">Ministra de Gobierno de San Juan 2023 &#8211; 2027, Dra. Laura Palma<\/span><\/strong><\/p>\n<p>&nbsp;<\/p>\n<figure id=\"attachment_65983\" aria-describedby=\"caption-attachment-65983\" style=\"width: 800px\" class=\"wp-caption alignnone\"><img loading=\"lazy\" decoding=\"async\" class=\"size-full wp-image-65983\" src=\"https:\/\/vocesparalelas.com.ar\/sitio\/wp-content\/uploads\/2023\/11\/ORREGO-LAURA-PALMA.jpg\" alt=\"\" width=\"800\" height=\"489\" srcset=\"https:\/\/vocesparalelas.com.ar\/sitio\/wp-content\/uploads\/2023\/11\/ORREGO-LAURA-PALMA.jpg 800w, https:\/\/vocesparalelas.com.ar\/sitio\/wp-content\/uploads\/2023\/11\/ORREGO-LAURA-PALMA-300x183.jpg 300w, https:\/\/vocesparalelas.com.ar\/sitio\/wp-content\/uploads\/2023\/11\/ORREGO-LAURA-PALMA-768x469.jpg 768w\" sizes=\"auto, (max-width: 800px) 100vw, 800px\" \/><figcaption id=\"caption-attachment-65983\" class=\"wp-caption-text\">Ministra de Gobierno de San Juan 2023 &#8211; 2027, Dra. Laura Palma<\/figcaption><\/figure>\n<p>Dra. Laura Palma tiene 40 a\u00f1os, es abogada graduada en la Universidad Nacional de San Juan y cuenta con un posgrado en Derecho Empresarial y diversas capacitaciones.\u00a0Cuenta con experiencia profesional en estudios jur\u00eddicos de la provincia.\u00a0En el \u00e1rea p\u00fablica se desempe\u00f1\u00f3 como abogada del \u00c1rea Mujer en los gabinetes del ministerio de Desarrollo Humano.\u00a0Desde el a\u00f1o 2019 hasta la actualidad se desempe\u00f1a como Concejal departamental de Pocito.<\/p>\n<p><strong><span style=\"color: #ff6600;\">Ministro de Turismo, Deporte y Cultura de San Juan 2023 &#8211; 2027, Dr. Guido Romero<\/span><\/strong><\/p>\n<figure id=\"attachment_65984\" aria-describedby=\"caption-attachment-65984\" style=\"width: 800px\" class=\"wp-caption alignnone\"><img loading=\"lazy\" decoding=\"async\" class=\"size-full wp-image-65984\" src=\"https:\/\/vocesparalelas.com.ar\/sitio\/wp-content\/uploads\/2023\/11\/ORREGO-ROMERO.jpg\" alt=\"\" width=\"800\" height=\"428\" srcset=\"https:\/\/vocesparalelas.com.ar\/sitio\/wp-content\/uploads\/2023\/11\/ORREGO-ROMERO.jpg 800w, https:\/\/vocesparalelas.com.ar\/sitio\/wp-content\/uploads\/2023\/11\/ORREGO-ROMERO-300x161.jpg 300w, https:\/\/vocesparalelas.com.ar\/sitio\/wp-content\/uploads\/2023\/11\/ORREGO-ROMERO-768x411.jpg 768w\" sizes=\"auto, (max-width: 800px) 100vw, 800px\" \/><figcaption id=\"caption-attachment-65984\" class=\"wp-caption-text\">Ministro de Turismo, Deporte y Cultura de San Juan 2023 &#8211; 2027, Dr. Guido Romero<\/figcaption><\/figure>\n<p>&nbsp;<\/p>\n<p>Dr. Guido Romero, tiene 52 a\u00f1os y es abogado recibido de la Universidad Cat\u00f3lica de Cuyo. Durante muchos a\u00f1os trabaj\u00f3 en distintos estudios Jur\u00eddicos de San Juan. Se dedic\u00f3 a la docencia y desde el 2011 al 2015 fue Concejal de la Ciudad de San Juan y Presidente del Bloque Producci\u00f3n y Trabajo. Desde 2019 hasta la fecha es Secretario del Bloque Producci\u00f3n y Trabajo en la C\u00e1mara de Diputados de la Provincia de San Juan.<\/p>\n<p>&nbsp;<\/p>\n<p><strong><span style=\"color: #ff6600;\">Ministro de Familia y Desarrollo Humano de San Juan 2023 &#8211; 2027, Prof. Carlos Platero<\/span><\/strong><\/p>\n<figure id=\"attachment_65986\" aria-describedby=\"caption-attachment-65986\" style=\"width: 800px\" class=\"wp-caption alignnone\"><img loading=\"lazy\" decoding=\"async\" class=\"size-full wp-image-65986\" src=\"https:\/\/vocesparalelas.com.ar\/sitio\/wp-content\/uploads\/2023\/11\/ORREDO-CARLOS-PLATERO.jpg\" alt=\"\" width=\"800\" height=\"447\" srcset=\"https:\/\/vocesparalelas.com.ar\/sitio\/wp-content\/uploads\/2023\/11\/ORREDO-CARLOS-PLATERO.jpg 800w, https:\/\/vocesparalelas.com.ar\/sitio\/wp-content\/uploads\/2023\/11\/ORREDO-CARLOS-PLATERO-300x168.jpg 300w, https:\/\/vocesparalelas.com.ar\/sitio\/wp-content\/uploads\/2023\/11\/ORREDO-CARLOS-PLATERO-768x429.jpg 768w\" sizes=\"auto, (max-width: 800px) 100vw, 800px\" \/><figcaption id=\"caption-attachment-65986\" class=\"wp-caption-text\">Ministro de Familia y Desarrollo Humano de San Juan 2023 &#8211; 2027, Prof. Carlos Platero<\/figcaption><\/figure>\n<p>&nbsp;<\/p>\n<p>Prof. Carlos Platero tiene 55 a\u00f1os y es Profesor Superior de Educaci\u00f3n F\u00edsica recibido en el Instituto Superior de Educaci\u00f3n F\u00edsica. Ha ejercido la docencia en distintas instituciones de San Juan. En la funci\u00f3n P\u00fablica actualmente es Diputado Departamental por Santa Luc\u00eda.<\/p>\n<p><span style=\"color: #ff6600;\"><strong>Ministro de Infraestructura, Agua y Energ\u00eda de San Juan 2023 &#8211; 2027,\u00a0Arq. Fernando Perea<\/strong><\/span><\/p>\n<figure id=\"attachment_65985\" aria-describedby=\"caption-attachment-65985\" style=\"width: 800px\" class=\"wp-caption alignnone\"><img loading=\"lazy\" decoding=\"async\" class=\"size-full wp-image-65985\" src=\"https:\/\/vocesparalelas.com.ar\/sitio\/wp-content\/uploads\/2023\/11\/ORREGO-FERNANDO-PEREA.jpg\" alt=\"\" width=\"800\" height=\"408\" srcset=\"https:\/\/vocesparalelas.com.ar\/sitio\/wp-content\/uploads\/2023\/11\/ORREGO-FERNANDO-PEREA.jpg 800w, https:\/\/vocesparalelas.com.ar\/sitio\/wp-content\/uploads\/2023\/11\/ORREGO-FERNANDO-PEREA-300x153.jpg 300w, https:\/\/vocesparalelas.com.ar\/sitio\/wp-content\/uploads\/2023\/11\/ORREGO-FERNANDO-PEREA-768x392.jpg 768w\" sizes=\"auto, (max-width: 800px) 100vw, 800px\" \/><figcaption id=\"caption-attachment-65985\" class=\"wp-caption-text\">Ministro de Infraestructura, Agua y Energ\u00eda de San Juan 2023 &#8211; 2027,\u00a0Arq. Fernando Perea<\/figcaption><\/figure>\n<p>&nbsp;<\/p>\n<p>Arq. Fernando Perea, tiene 49 a\u00f1os. Se gradu\u00f3 de Arquitecto en la Universidad de C\u00f3rdoba. Trabaj\u00f3 para el Gobierno de C\u00f3rdoba en el 2005 y particip\u00f3 de varios proyectos y planificaci\u00f3n urbana. Fue Secretario de Obras P\u00fablicas en la Municipalidad de Santa Luc\u00eda desde el 2012 hasta el presente liderando la realizaci\u00f3n de proyectos emblem\u00e1ticos,<br \/>\nincluyendo la Plaza de Santa Luc\u00eda.<\/p>\n<p><img loading=\"lazy\" decoding=\"async\" class=\"alignnone size-full wp-image-59964\" src=\"https:\/\/vocesparalelas.com.ar\/sitio\/wp-content\/uploads\/2023\/06\/BANDERA-SAN-JUAN.jpg\" alt=\"\" width=\"800\" height=\"600\" srcset=\"https:\/\/vocesparalelas.com.ar\/sitio\/wp-content\/uploads\/2023\/06\/BANDERA-SAN-JUAN.jpg 800w, https:\/\/vocesparalelas.com.ar\/sitio\/wp-content\/uploads\/2023\/06\/BANDERA-SAN-JUAN-300x225.jpg 300w, https:\/\/vocesparalelas.com.ar\/sitio\/wp-content\/uploads\/2023\/06\/BANDERA-SAN-JUAN-768x576.jpg 768w\" sizes=\"auto, (max-width: 800px) 100vw, 800px\" \/><\/p>\n<p>&nbsp;<\/p>\n<blockquote class=\"wp-embedded-content\" data-secret=\"6qXyAjw9Pe\"><p><a href=\"https:\/\/vocesparalelas.com.ar\/sitio\/hacia-la-gestion-del-gobierno-de-san-juan-2023-2027\/\">Hacia la Gesti\u00f3n del Gobierno de San Juan 2023-2027<\/a><\/p><\/blockquote>\n<p><iframe loading=\"lazy\" class=\"wp-embedded-content\" sandbox=\"allow-scripts\" security=\"restricted\" style=\"position: absolute; clip: rect(1px, 1px, 1px, 1px);\" title=\"\u00abHacia la Gesti\u00f3n del Gobierno de San Juan 2023-2027\u00bb \u2014 Voces Paralelas\" src=\"https:\/\/vocesparalelas.com.ar\/sitio\/hacia-la-gestion-del-gobierno-de-san-juan-2023-2027\/embed\/#?secret=XNB8nzl7Is#?secret=6qXyAjw9Pe\" data-secret=\"6qXyAjw9Pe\" width=\"600\" height=\"338\" frameborder=\"0\" marginwidth=\"0\" marginheight=\"0\" scrolling=\"no\"><\/iframe><\/p>\n","protected":false},"excerpt":{"rendered":"<p>El Gobernador Electo y con certificado que le permite anunciar parte de su gabinete, Dr. Marcelo Orrego para el periodo<\/p>\n","protected":false},"author":3,"featured_media":65642,"comment_status":"closed","ping_status":"closed","sticky":false,"template":"","format":"standard","meta":{"_acf_changed":false,"_seopress_robots_primary_cat":"none","_seopress_titles_title":"","_seopress_titles_desc":"","_seopress_robots_index":"","colormag_page_container_layout":"default_layout","colormag_page_sidebar_layout":"default_layout","footnotes":""},"categories":[1],"tags":[],"class_list":["post-65980","post","type-post","status-publish","format-standard","has-post-thumbnail","hentry","category-destacadas"],"acf":[],"_links":{"self":[{"href":"https:\/\/vocesparalelas.com.ar\/sitio\/wp-json\/wp\/v2\/posts\/65980","targetHints":{"allow":["GET"]}}],"collection":[{"href":"https:\/\/vocesparalelas.com.ar\/sitio\/wp-json\/wp\/v2\/posts"}],"about":[{"href":"https:\/\/vocesparalelas.com.ar\/sitio\/wp-json\/wp\/v2\/types\/post"}],"author":[{"embeddable":true,"href":"https:\/\/vocesparalelas.com.ar\/sitio\/wp-json\/wp\/v2\/users\/3"}],"replies":[{"embeddable":true,"href":"https:\/\/vocesparalelas.com.ar\/sitio\/wp-json\/wp\/v2\/comments?post=65980"}],"version-history":[{"count":1,"href":"https:\/\/vocesparalelas.com.ar\/sitio\/wp-json\/wp\/v2\/posts\/65980\/revisions"}],"predecessor-version":[{"id":65987,"href":"https:\/\/vocesparalelas.com.ar\/sitio\/wp-json\/wp\/v2\/posts\/65980\/revisions\/65987"}],"wp:featuredmedia":[{"embeddable":true,"href":"https:\/\/vocesparalelas.com.ar\/sitio\/wp-json\/wp\/v2\/media\/65642"}],"wp:attachment":[{"href":"https:\/\/vocesparalelas.com.ar\/sitio\/wp-json\/wp\/v2\/media?parent=65980"}],"wp:term":[{"taxonomy":"category","embeddable":true,"href":"https:\/\/vocesparalelas.com.ar\/sitio\/wp-json\/wp\/v2\/categories?post=65980"},{"taxonomy":"post_tag","embeddable":true,"href":"https:\/\/vocesparalelas.com.ar\/sitio\/wp-json\/wp\/v2\/tags?post=65980"}],"curies":[{"name":"wp","href":"https:\/\/api.w.org\/{rel}","templated":true}]}}