{"id":65962,"date":"2023-11-20T19:19:31","date_gmt":"2023-11-20T22:19:31","guid":{"rendered":"https:\/\/vocesparalelas.com.ar\/sitio\/?p=65962"},"modified":"2023-11-22T01:41:53","modified_gmt":"2023-11-22T04:41:53","slug":"el-tc-cierra-en-el-circuito-san-juan-villicum","status":"publish","type":"post","link":"https:\/\/vocesparalelas.com.ar\/sitio\/el-tc-cierra-en-el-circuito-san-juan-villicum\/","title":{"rendered":"El TC cierra en el Circuito San Juan Villicum"},"content":{"rendered":"<p>La provincia de San Juan finaliza su a\u00f1o calendario de competencias deportivas a puro motor. Una vez m\u00e1s, el Turismo Carretera, tiene su fecha \u201cCoronaci\u00f3n\u201d en el prestigioso Circuito San Juan Villicum. Los interesados y amantes del automovilismo tienen la posibilidad obtener su entrada ingresando a la p\u00e1gina oficial de Autoentrada<\/p>\n<p><a href=\"https:\/\/ventas.autoentrada.com\/events\/tc-coronacion-2023-12-02-07-00-00-0300\">https:\/\/ventas.autoentrada.com\/events\/tc-coronacion-2023-12-02-07-00-00-0300<\/a><\/p>\n<p>Los precios de las entradas var\u00edan de acuerdo a las diferentes zonas que plantea al Circuito.<\/p>\n<ul>\n<li>Una de las m\u00e1s esperadas, boxes, tiene un valor de $5000.<\/li>\n<li>Mientras que Zona de Acampe tiene un costo de $3000.<\/li>\n<li>Por otro lado, las tribunas Premium, Panor\u00e1mica, fin de Recta y Zona de Asado pueden adquirirse por un costo de $1000.<\/li>\n<\/ul>\n<p>En cuanto a la venta presencial, se lleva a cabo en el lugar de competencias el S\u00e1bado, 2 y el Domingo, 3 de Diciembre, en horarios a confirmar.<\/p>\n<p><iframe loading=\"lazy\" title=\"TC EN SAN JUAN\" width=\"800\" height=\"450\" src=\"https:\/\/www.youtube.com\/embed\/-FNpIQGZ1Sg?feature=oembed\" frameborder=\"0\" allow=\"accelerometer; autoplay; clipboard-write; encrypted-media; gyroscope; picture-in-picture; web-share\" allowfullscreen><\/iframe><\/p>\n<p><strong><span style=\"color: #800000;\">Tob\u00edas puede ser Campe\u00f3n en su tierra<\/span><\/strong><\/p>\n<p>El piloto sanjuanino llega a la \u00faltima competencia con muchas chances de coronarse como el campe\u00f3n de la categor\u00eda TC Pista. En la fecha anterior logr\u00f3 el ascenso a la m\u00e1xima categor\u00eda tras conseguir los puntos necesarios para asegurarse uno de los puestos.<\/p>\n<p>El S\u00e1bado, 2 de Diciembre, tiene chances matem\u00e1ticas de ser campe\u00f3n, cuando largue las tandas de clasificaci\u00f3n. Y de esta manera no esperar al Domingo, 2 de Diciembre, para alzarse con la Copa de Plata.<\/p>\n<figure id=\"attachment_65966\" aria-describedby=\"caption-attachment-65966\" style=\"width: 800px\" class=\"wp-caption alignnone\"><img loading=\"lazy\" decoding=\"async\" class=\"size-full wp-image-65966\" src=\"https:\/\/vocesparalelas.com.ar\/sitio\/wp-content\/uploads\/2023\/11\/TOBIAS-MARTINEZ.jpg\" alt=\"\" width=\"800\" height=\"533\" srcset=\"https:\/\/vocesparalelas.com.ar\/sitio\/wp-content\/uploads\/2023\/11\/TOBIAS-MARTINEZ.jpg 800w, https:\/\/vocesparalelas.com.ar\/sitio\/wp-content\/uploads\/2023\/11\/TOBIAS-MARTINEZ-300x200.jpg 300w, https:\/\/vocesparalelas.com.ar\/sitio\/wp-content\/uploads\/2023\/11\/TOBIAS-MARTINEZ-768x512.jpg 768w\" sizes=\"auto, (max-width: 800px) 100vw, 800px\" \/><figcaption id=\"caption-attachment-65966\" class=\"wp-caption-text\">Tob\u00edas Mart\u00edn, corredor de San Juan<\/figcaption><\/figure>\n<p>&nbsp;<\/p>\n","protected":false},"excerpt":{"rendered":"<p>La provincia de San Juan finaliza su a\u00f1o calendario de competencias deportivas a puro motor. Una vez m\u00e1s, el Turismo<\/p>\n","protected":false},"author":3,"featured_media":65965,"comment_status":"closed","ping_status":"closed","sticky":false,"template":"","format":"standard","meta":{"_acf_changed":false,"_seopress_robots_primary_cat":"none","_seopress_titles_title":"","_seopress_titles_desc":"","_seopress_robots_index":"","colormag_page_container_layout":"default_layout","colormag_page_sidebar_layout":"default_layout","footnotes":""},"categories":[6,7],"tags":[],"class_list":["post-65962","post","type-post","status-publish","format-standard","has-post-thumbnail","hentry","category-eventos","category-videos"],"acf":[],"_links":{"self":[{"href":"https:\/\/vocesparalelas.com.ar\/sitio\/wp-json\/wp\/v2\/posts\/65962","targetHints":{"allow":["GET"]}}],"collection":[{"href":"https:\/\/vocesparalelas.com.ar\/sitio\/wp-json\/wp\/v2\/posts"}],"about":[{"href":"https:\/\/vocesparalelas.com.ar\/sitio\/wp-json\/wp\/v2\/types\/post"}],"author":[{"embeddable":true,"href":"https:\/\/vocesparalelas.com.ar\/sitio\/wp-json\/wp\/v2\/users\/3"}],"replies":[{"embeddable":true,"href":"https:\/\/vocesparalelas.com.ar\/sitio\/wp-json\/wp\/v2\/comments?post=65962"}],"version-history":[{"count":1,"href":"https:\/\/vocesparalelas.com.ar\/sitio\/wp-json\/wp\/v2\/posts\/65962\/revisions"}],"predecessor-version":[{"id":65967,"href":"https:\/\/vocesparalelas.com.ar\/sitio\/wp-json\/wp\/v2\/posts\/65962\/revisions\/65967"}],"wp:featuredmedia":[{"embeddable":true,"href":"https:\/\/vocesparalelas.com.ar\/sitio\/wp-json\/wp\/v2\/media\/65965"}],"wp:attachment":[{"href":"https:\/\/vocesparalelas.com.ar\/sitio\/wp-json\/wp\/v2\/media?parent=65962"}],"wp:term":[{"taxonomy":"category","embeddable":true,"href":"https:\/\/vocesparalelas.com.ar\/sitio\/wp-json\/wp\/v2\/categories?post=65962"},{"taxonomy":"post_tag","embeddable":true,"href":"https:\/\/vocesparalelas.com.ar\/sitio\/wp-json\/wp\/v2\/tags?post=65962"}],"curies":[{"name":"wp","href":"https:\/\/api.w.org\/{rel}","templated":true}]}}