{"id":65956,"date":"2023-11-20T15:36:47","date_gmt":"2023-11-20T18:36:47","guid":{"rendered":"https:\/\/vocesparalelas.com.ar\/sitio\/?p=65956"},"modified":"2023-11-20T15:37:28","modified_gmt":"2023-11-20T18:37:28","slug":"se-conforma-parte-del-gabinete-del-gobierno-de-argentina-del-presidente-electo-economista-javier-milei","status":"publish","type":"post","link":"https:\/\/vocesparalelas.com.ar\/sitio\/se-conforma-parte-del-gabinete-del-gobierno-de-argentina-del-presidente-electo-economista-javier-milei\/","title":{"rendered":"Se conforma parte del gabinete del Gobierno de Argentina del Presidente Electo, Economista Javier Milei"},"content":{"rendered":"<p>El presidente electo de la Rep\u00fablica Argentina, Economista Javier Milei confirm\u00f3\u00a0 el Gabinete de Gobierno desde el 10 de diciembre de 2023, con 8 ministerios.<\/p>\n<p><span style=\"color: #008000;\"><strong>Integrantes<\/strong><\/span><\/p>\n<ul>\n<li>Ministro de Justicia, el Abogado Mariano C\u00faneo Libarona<\/li>\n<li>Titular de ANSES, Carolina P\u00edparo<\/li>\n<li>Ministra de Capital Humano, Sandra Petovello<\/li>\n<li>Canciller\u00eda, Diana Mondino<\/li>\n<\/ul>\n<p>&nbsp;<\/p>\n<p><iframe loading=\"lazy\" title=\"Javier Milei revel\u00f3 c\u00f3mo actuar\u00e1 junto a Jorge Macri en las calles: \u201cMantener el orden\u201d\" width=\"800\" height=\"450\" src=\"https:\/\/www.youtube.com\/embed\/GN8WZsnSh-0?feature=oembed\" frameborder=\"0\" allow=\"accelerometer; autoplay; clipboard-write; encrypted-media; gyroscope; picture-in-picture; web-share\" allowfullscreen><\/iframe><\/p>\n<p>Tambi\u00e9n, y en di\u00e1logo con el periodista\u00a0Eduardo Feinman\u00a0en\u00a0radio Mitre, sostuvo que tanto\u00a0Florencio Randazzo\u00a0como\u00a0Luis \u201cToto\u201d Caputo\u00a0\u201cser\u00e1n parte del equipo\u201d, al tiempo que elogi\u00f3 a\u00a0Federico Sturzenegger, el economista que ocup\u00f3 la presidencia del Banco Central durante la gesti\u00f3n de\u00a0Mauricio Macri, cuyo nombre suena para el ministerio de Econom\u00eda. En esta l\u00ednea, tambi\u00e9n sum\u00f3 el nombre de otro economista vinculado al PRO:\u00a0Luciano Laspina: \u201cEs alguien con el que podr\u00eda hablar\u201d.<\/p>\n<p>Consultado sobre el organigrama en las \u00e1reas de Seguridad y Defensa, Milei asegur\u00f3 que ambas \u00e1reas \u201cest\u00e1n dentro de la responsabilidad de\u00a0Victoria (Villarruel)\u201d, la vicepresidenta electa.<\/p>\n<p>En otro pasaje de la entrevista, destac\u00f3 el rol que tendr\u00e1\u00a0Santiago Caputo, a\u00a0quien nombr\u00f3 ayer de manera especial durante su discurso. \u201cEst\u00e1 al mismo nivel que mi hermana; va a estar en temas estrat\u00e9gicos. Va a tener un rol fundamental\u201d, indic\u00f3.<\/p>\n<p class=\"paragraph\" data-mrf-recirculation=\"Links inline\">Otros nombres que mencion\u00f3 para trabajar dentro de la estructura de La Libertad Avanza fueron el ex senador Miguel \u00c1ngel Pichetto, que \u201cpuede tener un rol clave dentro de la C\u00e1mara de Diputados\u201d, el de\u00a0Cristian Ritondo, y tambi\u00e9n el de\u00a0Gustavo Mor\u00f3n, que fue superintendente de Riesgos del Trabajo (SRT) en el gobierno de Macri, para el \u00e1rea de Trabajo.<\/p>\n<p class=\"paragraph\" data-mrf-recirculation=\"Links inline\">Sobe\u00a0Randazzo, Milei asegur\u00f3 que mantiene un di\u00e1logo \u201cmuy importante\u201d con el exministro de Transporte. \u201cEs una persona que tiene varias cuestiones a favor; en donde lo pusieron, trabaj\u00f3 muy bien. Lo voy a tener en el equipo, es una persona honesta y fue uno de los que se enfrent\u00f3 a Cristina Kirchner cuando nadie lo hac\u00eda\u201d, sostuvo.<\/p>\n<p class=\"paragraph\" data-mrf-recirculation=\"Links inline\">En esta misma l\u00ednea se refiri\u00f3 sobre Javier Iguacel y dijo que \u00abtendr\u00edamos que tener una charla, es una persona de un valor enorme y nos gustar\u00eda que se incorpore a nuestros equipos\u201d, afirm\u00f3.<\/p>\n<p class=\"paragraph\" data-mrf-recirculation=\"Links inline\">\u201cVamos a sorprender con el equipo que estamos armando; estamos integrando a especialistas de diversos espacios que tengan la convicci\u00f3n de cambiar la Argentina con las ideas de la libertad, los m\u00e1s talentosos van a estar adentro\u201d, reconoci\u00f3 el economista libertario.<\/p>\n<p class=\"paragraph\" data-mrf-recirculation=\"Links inline\">M\u00e1s all\u00e1 de estos nombres,\u00a0en la previa del balotaje desde La Libertad Avanza ya hab\u00edan definido algunos espacios del futuro gabinete. El jefe de Gabinete ser\u00e1\u00a0Nicol\u00e1s Posse;\u00a0el titular de Infraestructura,\u00a0Guillermo Ferraro;\u00a0y el de Interior,\u00a0Guillermo Francos.<\/p>\n<p class=\"header headline-class-h2\"><strong><span style=\"color: #008000;\">La transici\u00f3n<\/span><\/strong><\/p>\n<p class=\"paragraph\" data-mrf-recirculation=\"Links inline\">Por otro lado,\u00a0Milei indic\u00f3 que hoy comenzar\u00e1 la transici\u00f3n de poder con Dr. Alberto Fern\u00e1ndez\u00a0y revel\u00f3 detalles de\u00a0su charla con el Presidente, anoche, luego de la confirmaci\u00f3n de su triunfo en el balotaje. Adem\u00e1s, critic\u00f3\u00a0un posible pedido de licencia del Dr.\u00a0 Sergio Massa\u00a0como ministro de Econom\u00eda y se\u00f1al\u00f3 que ser\u00eda \u201cuna irresponsabilidad enorme\u201d.<\/p>\n<p class=\"paragraph\" data-mrf-recirculation=\"Links inline\">\u201cTuvimos una charla con Alberto Fern\u00e1ndez, en la cual me felicit\u00f3; me invit\u00f3 a que tengamos una reuni\u00f3n para que la transici\u00f3n sea ordenada y minimizar as\u00ed los da\u00f1os en la poblaci\u00f3n por lo que est\u00e1 pasando en los mercados\u201d, indic\u00f3 en di\u00e1logo con radio Continental.<\/p>\n<p data-mrf-recirculation=\"Links inline\">Con relaci\u00f3n a Massa, consider\u00f3 que ser\u00eda \u201cuna irresponsabilidad enorme frente a la delicada situaci\u00f3n macroecon\u00f3mica borrarse\u201d, y a\u00f1adi\u00f3 que \u201cdeber\u00eda hacerse cargo del desastre que ha hecho en el plano fiscal, monetario, los precios, actividad y deuda\u201d. \u201cNo es un acto muy maduro, institucionalmente despu\u00e9s de todos los desastres causados por el gobierno echarle la culpa al que sigue, es verdaderamente una cosa incre\u00edble\u201d, complet\u00f3.<\/p>\n<p data-mrf-recirculation=\"Links inline\">Fuente: Infobae<\/p>\n<p>&nbsp;<\/p>\n<p>&nbsp;<\/p>\n","protected":false},"excerpt":{"rendered":"<p>El presidente electo de la Rep\u00fablica Argentina, Economista Javier Milei confirm\u00f3\u00a0 el Gabinete de Gobierno desde el 10 de diciembre<\/p>\n","protected":false},"author":3,"featured_media":65959,"comment_status":"closed","ping_status":"closed","sticky":false,"template":"","format":"standard","meta":{"_acf_changed":false,"_seopress_robots_primary_cat":"none","_seopress_titles_title":"","_seopress_titles_desc":"","_seopress_robots_index":"","colormag_page_container_layout":"default_layout","colormag_page_sidebar_layout":"default_layout","footnotes":""},"categories":[1,7],"tags":[],"class_list":["post-65956","post","type-post","status-publish","format-standard","has-post-thumbnail","hentry","category-destacadas","category-videos"],"acf":[],"_links":{"self":[{"href":"https:\/\/vocesparalelas.com.ar\/sitio\/wp-json\/wp\/v2\/posts\/65956","targetHints":{"allow":["GET"]}}],"collection":[{"href":"https:\/\/vocesparalelas.com.ar\/sitio\/wp-json\/wp\/v2\/posts"}],"about":[{"href":"https:\/\/vocesparalelas.com.ar\/sitio\/wp-json\/wp\/v2\/types\/post"}],"author":[{"embeddable":true,"href":"https:\/\/vocesparalelas.com.ar\/sitio\/wp-json\/wp\/v2\/users\/3"}],"replies":[{"embeddable":true,"href":"https:\/\/vocesparalelas.com.ar\/sitio\/wp-json\/wp\/v2\/comments?post=65956"}],"version-history":[{"count":2,"href":"https:\/\/vocesparalelas.com.ar\/sitio\/wp-json\/wp\/v2\/posts\/65956\/revisions"}],"predecessor-version":[{"id":65961,"href":"https:\/\/vocesparalelas.com.ar\/sitio\/wp-json\/wp\/v2\/posts\/65956\/revisions\/65961"}],"wp:featuredmedia":[{"embeddable":true,"href":"https:\/\/vocesparalelas.com.ar\/sitio\/wp-json\/wp\/v2\/media\/65959"}],"wp:attachment":[{"href":"https:\/\/vocesparalelas.com.ar\/sitio\/wp-json\/wp\/v2\/media?parent=65956"}],"wp:term":[{"taxonomy":"category","embeddable":true,"href":"https:\/\/vocesparalelas.com.ar\/sitio\/wp-json\/wp\/v2\/categories?post=65956"},{"taxonomy":"post_tag","embeddable":true,"href":"https:\/\/vocesparalelas.com.ar\/sitio\/wp-json\/wp\/v2\/tags?post=65956"}],"curies":[{"name":"wp","href":"https:\/\/api.w.org\/{rel}","templated":true}]}}