{"id":65949,"date":"2023-11-20T13:36:55","date_gmt":"2023-11-20T16:36:55","guid":{"rendered":"https:\/\/vocesparalelas.com.ar\/sitio\/?p=65949"},"modified":"2023-11-20T13:43:16","modified_gmt":"2023-11-20T16:43:16","slug":"lo-que-hay-que-valorar-lo-mejor-de-argentina-el-recurso-humano","status":"publish","type":"post","link":"https:\/\/vocesparalelas.com.ar\/sitio\/lo-que-hay-que-valorar-lo-mejor-de-argentina-el-recurso-humano\/","title":{"rendered":"\u00abLo que hay que valorar, lo mejor de Argentina, el recurso humano\u00bb"},"content":{"rendered":"<p>Despu\u00e9s, de conocerse los resultados de las Elecciones 2023 a Presidente de la Rep\u00fablica Argentina, donde fue elegido por el voto popular, el Economista Javier Milei el Gobernador Electo de San Juan, Dr. Marcelo Orrego junto al Vicegobernador Electo de San Juan, Dr. Fabi\u00e1n Mart\u00edn ofreci\u00f3 una conferencia de prensa con la participaci\u00f3n de los Periodistas San Juan.<\/p>\n<p>Por ello, el Gobernador Electo de San Juan, Dr. Marcelo Orrego manifest\u00f3 que \u00abes importante saludar al al nuevo presidente de la Rep\u00fablica Argentina, el Economista Javier Milei, que tenga toda la suerte del mundo. Quien hable el Gobernador Electo de San Juan, se va a sentar a trabajar con \u00e9l para el bien de los sanjuaninos y de los argentinos\u00bb.<\/p>\n<p>\u00abSaludar tambi\u00e9n, al Dr. Sergio Massa, quien compiti\u00f3 con \u00e9l, que no es f\u00e1cil. Lo importante es que nos encuentre todos unidos para que todos el objetivo fundamental, lograr que todos los argentinos estemos bien. Lo que hay que valorar que lo mejor de Argentina es el recurso humano\u00bb.<\/p>\n<p><iframe loading=\"lazy\" title=\"GOBERNADOR ELECTO SAN JUAN DR MARCELO ORREGO\" width=\"800\" height=\"450\" src=\"https:\/\/www.youtube.com\/embed\/PKA9fHMrt1E?feature=oembed\" frameborder=\"0\" allow=\"accelerometer; autoplay; clipboard-write; encrypted-media; gyroscope; picture-in-picture; web-share\" allowfullscreen><\/iframe><\/p>\n<p>&nbsp;<\/p>\n<figure id=\"attachment_65936\" aria-describedby=\"caption-attachment-65936\" style=\"width: 800px\" class=\"wp-caption alignnone\"><img loading=\"lazy\" decoding=\"async\" class=\"size-full wp-image-65936\" src=\"https:\/\/vocesparalelas.com.ar\/sitio\/wp-content\/uploads\/2023\/11\/JAVIER-MILEI-01.jpg\" alt=\"\" width=\"800\" height=\"450\" srcset=\"https:\/\/vocesparalelas.com.ar\/sitio\/wp-content\/uploads\/2023\/11\/JAVIER-MILEI-01.jpg 800w, https:\/\/vocesparalelas.com.ar\/sitio\/wp-content\/uploads\/2023\/11\/JAVIER-MILEI-01-300x169.jpg 300w, https:\/\/vocesparalelas.com.ar\/sitio\/wp-content\/uploads\/2023\/11\/JAVIER-MILEI-01-768x432.jpg 768w\" sizes=\"auto, (max-width: 800px) 100vw, 800px\" \/><figcaption id=\"caption-attachment-65936\" class=\"wp-caption-text\">Economista Javier Milei presidente electo 2023 &#8211; 2027 de la Rep\u00fablica Argentina<\/figcaption><\/figure>\n<p>&nbsp;<\/p>\n<p>&nbsp;<\/p>\n","protected":false},"excerpt":{"rendered":"<p>Despu\u00e9s, de conocerse los resultados de las Elecciones 2023 a Presidente de la Rep\u00fablica Argentina, donde fue elegido por el<\/p>\n","protected":false},"author":3,"featured_media":65952,"comment_status":"closed","ping_status":"closed","sticky":false,"template":"","format":"standard","meta":{"_acf_changed":false,"_seopress_robots_primary_cat":"none","_seopress_titles_title":"","_seopress_titles_desc":"","_seopress_robots_index":"","colormag_page_container_layout":"default_layout","colormag_page_sidebar_layout":"default_layout","footnotes":""},"categories":[1,7],"tags":[],"class_list":["post-65949","post","type-post","status-publish","format-standard","has-post-thumbnail","hentry","category-destacadas","category-videos"],"acf":[],"_links":{"self":[{"href":"https:\/\/vocesparalelas.com.ar\/sitio\/wp-json\/wp\/v2\/posts\/65949","targetHints":{"allow":["GET"]}}],"collection":[{"href":"https:\/\/vocesparalelas.com.ar\/sitio\/wp-json\/wp\/v2\/posts"}],"about":[{"href":"https:\/\/vocesparalelas.com.ar\/sitio\/wp-json\/wp\/v2\/types\/post"}],"author":[{"embeddable":true,"href":"https:\/\/vocesparalelas.com.ar\/sitio\/wp-json\/wp\/v2\/users\/3"}],"replies":[{"embeddable":true,"href":"https:\/\/vocesparalelas.com.ar\/sitio\/wp-json\/wp\/v2\/comments?post=65949"}],"version-history":[{"count":3,"href":"https:\/\/vocesparalelas.com.ar\/sitio\/wp-json\/wp\/v2\/posts\/65949\/revisions"}],"predecessor-version":[{"id":65955,"href":"https:\/\/vocesparalelas.com.ar\/sitio\/wp-json\/wp\/v2\/posts\/65949\/revisions\/65955"}],"wp:featuredmedia":[{"embeddable":true,"href":"https:\/\/vocesparalelas.com.ar\/sitio\/wp-json\/wp\/v2\/media\/65952"}],"wp:attachment":[{"href":"https:\/\/vocesparalelas.com.ar\/sitio\/wp-json\/wp\/v2\/media?parent=65949"}],"wp:term":[{"taxonomy":"category","embeddable":true,"href":"https:\/\/vocesparalelas.com.ar\/sitio\/wp-json\/wp\/v2\/categories?post=65949"},{"taxonomy":"post_tag","embeddable":true,"href":"https:\/\/vocesparalelas.com.ar\/sitio\/wp-json\/wp\/v2\/tags?post=65949"}],"curies":[{"name":"wp","href":"https:\/\/api.w.org\/{rel}","templated":true}]}}