{"id":65903,"date":"2023-11-19T15:01:57","date_gmt":"2023-11-19T18:01:57","guid":{"rendered":"https:\/\/vocesparalelas.com.ar\/sitio\/?p=65903"},"modified":"2023-11-19T21:26:00","modified_gmt":"2023-11-20T00:26:00","slug":"el-voto-es-fortalecer-a-la-democracia","status":"publish","type":"post","link":"https:\/\/vocesparalelas.com.ar\/sitio\/el-voto-es-fortalecer-a-la-democracia\/","title":{"rendered":"\u00abEl voto es fortalecer a la Democracia\u00bb"},"content":{"rendered":"<p>El Domingo, 19 de Noviembre, en Argentina se desarroll\u00f3 la elecci\u00f3n a Presidente. En San Juan, el Vicegobernador Electo y actual intendente de la Municipalidad de Rivadavia, Dr. Fabi\u00e1n Mart\u00edn, lleg\u00f3 a la Escuela Provincia de Mendoza a emitir su voto e invit\u00f3 a los ciudadanos a salir a cumplir con la Democracia para conservarla.<\/p>\n<p>&nbsp;<\/p>\n<p><iframe loading=\"lazy\" title=\"VICEGOBERNADOR DR FABI\u00c1N MART\u00cdN\" width=\"800\" height=\"450\" src=\"https:\/\/www.youtube.com\/embed\/3C3XQ1qlLx0?feature=oembed\" frameborder=\"0\" allow=\"accelerometer; autoplay; clipboard-write; encrypted-media; gyroscope; picture-in-picture; web-share\" allowfullscreen><\/iframe><\/p>\n<p>Es importante destacar que, el Vicegobernador Electo de San Juan y actual intendente de la Municipalidad de Rivadavia, Dr. Fabi\u00e1n Mart\u00edn, el 10 de Diciembre y es cuando asuma como vicegobernador junto al Gobernador de San Juan, Dr. Marcelo Orrego. Parece que el acto se realiza el 6 de Noviembre, en el Teatro del Bicentenario en que se produzca el recambio de autoridades cuando el actual Gobernador Dr. Sergio U\u00f1ac y el Vicegobernador, CPN Roberto Gattoni entreguen sus respectivos mandos como la Ley lo dispone.<\/p>\n<p><img loading=\"lazy\" decoding=\"async\" class=\"alignnone size-full wp-image-65907\" src=\"https:\/\/vocesparalelas.com.ar\/sitio\/wp-content\/uploads\/2023\/11\/DR-FABIAN-MARTIN-02.jpg\" alt=\"\" width=\"800\" height=\"533\" srcset=\"https:\/\/vocesparalelas.com.ar\/sitio\/wp-content\/uploads\/2023\/11\/DR-FABIAN-MARTIN-02.jpg 800w, https:\/\/vocesparalelas.com.ar\/sitio\/wp-content\/uploads\/2023\/11\/DR-FABIAN-MARTIN-02-300x200.jpg 300w, https:\/\/vocesparalelas.com.ar\/sitio\/wp-content\/uploads\/2023\/11\/DR-FABIAN-MARTIN-02-768x512.jpg 768w\" sizes=\"auto, (max-width: 800px) 100vw, 800px\" \/><\/p>\n","protected":false},"excerpt":{"rendered":"<p>El Domingo, 19 de Noviembre, en Argentina se desarroll\u00f3 la elecci\u00f3n a Presidente. En San Juan, el Vicegobernador Electo y<\/p>\n","protected":false},"author":3,"featured_media":65906,"comment_status":"closed","ping_status":"closed","sticky":false,"template":"","format":"standard","meta":{"_acf_changed":false,"_seopress_robots_primary_cat":"none","_seopress_titles_title":"","_seopress_titles_desc":"","_seopress_robots_index":"","colormag_page_container_layout":"default_layout","colormag_page_sidebar_layout":"default_layout","footnotes":""},"categories":[1,7],"tags":[],"class_list":["post-65903","post","type-post","status-publish","format-standard","has-post-thumbnail","hentry","category-destacadas","category-videos"],"acf":[],"_links":{"self":[{"href":"https:\/\/vocesparalelas.com.ar\/sitio\/wp-json\/wp\/v2\/posts\/65903","targetHints":{"allow":["GET"]}}],"collection":[{"href":"https:\/\/vocesparalelas.com.ar\/sitio\/wp-json\/wp\/v2\/posts"}],"about":[{"href":"https:\/\/vocesparalelas.com.ar\/sitio\/wp-json\/wp\/v2\/types\/post"}],"author":[{"embeddable":true,"href":"https:\/\/vocesparalelas.com.ar\/sitio\/wp-json\/wp\/v2\/users\/3"}],"replies":[{"embeddable":true,"href":"https:\/\/vocesparalelas.com.ar\/sitio\/wp-json\/wp\/v2\/comments?post=65903"}],"version-history":[{"count":5,"href":"https:\/\/vocesparalelas.com.ar\/sitio\/wp-json\/wp\/v2\/posts\/65903\/revisions"}],"predecessor-version":[{"id":65923,"href":"https:\/\/vocesparalelas.com.ar\/sitio\/wp-json\/wp\/v2\/posts\/65903\/revisions\/65923"}],"wp:featuredmedia":[{"embeddable":true,"href":"https:\/\/vocesparalelas.com.ar\/sitio\/wp-json\/wp\/v2\/media\/65906"}],"wp:attachment":[{"href":"https:\/\/vocesparalelas.com.ar\/sitio\/wp-json\/wp\/v2\/media?parent=65903"}],"wp:term":[{"taxonomy":"category","embeddable":true,"href":"https:\/\/vocesparalelas.com.ar\/sitio\/wp-json\/wp\/v2\/categories?post=65903"},{"taxonomy":"post_tag","embeddable":true,"href":"https:\/\/vocesparalelas.com.ar\/sitio\/wp-json\/wp\/v2\/tags?post=65903"}],"curies":[{"name":"wp","href":"https:\/\/api.w.org\/{rel}","templated":true}]}}