{"id":65876,"date":"2023-11-20T20:23:55","date_gmt":"2023-11-20T23:23:55","guid":{"rendered":"https:\/\/vocesparalelas.com.ar\/sitio\/?p=65876"},"modified":"2023-11-25T00:45:54","modified_gmt":"2023-11-25T03:45:54","slug":"50-anos-del-iee-conicet-unsj-festeja-con-actividades-abiertas-a-la-comunidad-de-san-juan","status":"publish","type":"post","link":"https:\/\/vocesparalelas.com.ar\/sitio\/50-anos-del-iee-conicet-unsj-festeja-con-actividades-abiertas-a-la-comunidad-de-san-juan\/","title":{"rendered":"50 a\u00f1os del IEE &#8211; CONICET &#8211; UNSJ festeja con actividades abiertas a la comunidad de San Juan"},"content":{"rendered":"<p>El Instituto de Energ\u00eda El\u00e9ctrica\u00a0 con doble dependencia UNSJ-CONICET cumple su 50\u00b0 aniversario el Lunes, 27 de Noviembre de 2023, que se celebr\u00f3 durante todo el a\u00f1o a trav\u00e9s de diferentes actividades.<\/p>\n<p><strong><span style=\"color: #0000ff;\">Cronograma<\/span><\/strong><\/p>\n<p><strong><span style=\"color: #0000ff;\">Martes, 21 de Noviembre<\/span><\/strong><\/p>\n<ul>\n<li>De 9 a 10 hs.; Ceremonia Inaugural de la semana aniversario del IEE<\/li>\n<li>De 10 a 13 hs.; Conversatorio conmemorativo<\/li>\n<li>De 15 a 22 hs.; Jornada deportiva y recreativa<\/li>\n<\/ul>\n<p><strong><span style=\"color: #0000ff;\">Mi\u00e9rcoles, 22 de Noviembre<\/span><\/strong><\/p>\n<ul>\n<li>De 9 a 19 hs.; Jornada de Puertas Abiertas en el IEE<\/li>\n<li>De 15 a 22 hs.; Jornada deportiva y recreativa<\/li>\n<\/ul>\n<p><strong><span style=\"color: #0000ff;\">Jueves, 23 de Noviembre<\/span><\/strong><\/p>\n<ul>\n<li>A las 10 hs.; Inauguraci\u00f3n de Simulador Digital en Tiempo Real del IEE<\/li>\n<li>A las 18 hs.; Jornada deportiva y recreativa<\/li>\n<li>A las 21 hs.; Premiaci\u00f3n Jornada deportiva y recreativa LATEA<\/li>\n<\/ul>\n<p><strong><span style=\"color: #0000ff;\">Viernes, 24 de Noviembre<\/span><\/strong><\/p>\n<ul>\n<li>De 9 a 19 hs.; Jornada Exposici\u00f3n de Arte en el Hall del Instituto de Energ\u00eda El\u00e9ctrica<\/li>\n<li>A las 21 hs.; en el Auditorio Ing. Juan Victoria, Concierto de la Orquesta Sinf\u00f3nica de San Juan en adhesi\u00f3n al Aniversario de IEE<\/li>\n<\/ul>\n<p><strong><span style=\"color: #0000ff;\">S\u00e1bado, 25 de Noviembre<\/span><\/strong><\/p>\n<ul>\n<li>A las 21 hs.; Cena Aniversario en el Comedor Universitario Juan Guti\u00e9rrez, CUIM, Meglioli e Ignacio de la Roza.<\/li>\n<\/ul>\n<p><span style=\"color: #0000ff;\"><strong>Lunes, 27 de Noviembre<\/strong><\/span><\/p>\n<ul>\n<li>A las 11:30 hs.; en Rectorado de la UNSJ, Acto Central Aniversario del IEE &#8211; INAUT\u00a0 &#8211; CONICET &#8211; UNSJ<\/li>\n<\/ul>\n<p>Es importante destacar que, desde 1973, el IEE realiza investigaciones aplicadas y participa en el desarrollo del sector el\u00e9ctrico de todo el mundo. Estamos cumpliendo 50 a\u00f1os siendo una instituci\u00f3n cient\u00edfica l\u00edder en el campo de la ingenier\u00eda y econom\u00eda de sistemas energ\u00e9ticos.<\/p>\n<p><img loading=\"lazy\" decoding=\"async\" class=\"alignnone size-full wp-image-59861\" src=\"https:\/\/vocesparalelas.com.ar\/sitio\/wp-content\/uploads\/2023\/06\/IEE-UNSJ-CONICET.jpg\" alt=\"\" width=\"800\" height=\"600\" srcset=\"https:\/\/vocesparalelas.com.ar\/sitio\/wp-content\/uploads\/2023\/06\/IEE-UNSJ-CONICET.jpg 800w, https:\/\/vocesparalelas.com.ar\/sitio\/wp-content\/uploads\/2023\/06\/IEE-UNSJ-CONICET-300x225.jpg 300w, https:\/\/vocesparalelas.com.ar\/sitio\/wp-content\/uploads\/2023\/06\/IEE-UNSJ-CONICET-768x576.jpg 768w\" sizes=\"auto, (max-width: 800px) 100vw, 800px\" \/><\/p>\n<p>&nbsp;<\/p>\n","protected":false},"excerpt":{"rendered":"<p>El Instituto de Energ\u00eda El\u00e9ctrica\u00a0 con doble dependencia UNSJ-CONICET cumple su 50\u00b0 aniversario el Lunes, 27 de Noviembre de 2023,<\/p>\n","protected":false},"author":3,"featured_media":65879,"comment_status":"closed","ping_status":"closed","sticky":false,"template":"","format":"standard","meta":{"_acf_changed":false,"_seopress_robots_primary_cat":"none","_seopress_titles_title":"","_seopress_titles_desc":"","_seopress_robots_index":"","colormag_page_container_layout":"default_layout","colormag_page_sidebar_layout":"default_layout","footnotes":""},"categories":[6],"tags":[],"class_list":["post-65876","post","type-post","status-publish","format-standard","has-post-thumbnail","hentry","category-eventos"],"acf":[],"_links":{"self":[{"href":"https:\/\/vocesparalelas.com.ar\/sitio\/wp-json\/wp\/v2\/posts\/65876","targetHints":{"allow":["GET"]}}],"collection":[{"href":"https:\/\/vocesparalelas.com.ar\/sitio\/wp-json\/wp\/v2\/posts"}],"about":[{"href":"https:\/\/vocesparalelas.com.ar\/sitio\/wp-json\/wp\/v2\/types\/post"}],"author":[{"embeddable":true,"href":"https:\/\/vocesparalelas.com.ar\/sitio\/wp-json\/wp\/v2\/users\/3"}],"replies":[{"embeddable":true,"href":"https:\/\/vocesparalelas.com.ar\/sitio\/wp-json\/wp\/v2\/comments?post=65876"}],"version-history":[{"count":1,"href":"https:\/\/vocesparalelas.com.ar\/sitio\/wp-json\/wp\/v2\/posts\/65876\/revisions"}],"predecessor-version":[{"id":65880,"href":"https:\/\/vocesparalelas.com.ar\/sitio\/wp-json\/wp\/v2\/posts\/65876\/revisions\/65880"}],"wp:featuredmedia":[{"embeddable":true,"href":"https:\/\/vocesparalelas.com.ar\/sitio\/wp-json\/wp\/v2\/media\/65879"}],"wp:attachment":[{"href":"https:\/\/vocesparalelas.com.ar\/sitio\/wp-json\/wp\/v2\/media?parent=65876"}],"wp:term":[{"taxonomy":"category","embeddable":true,"href":"https:\/\/vocesparalelas.com.ar\/sitio\/wp-json\/wp\/v2\/categories?post=65876"},{"taxonomy":"post_tag","embeddable":true,"href":"https:\/\/vocesparalelas.com.ar\/sitio\/wp-json\/wp\/v2\/tags?post=65876"}],"curies":[{"name":"wp","href":"https:\/\/api.w.org\/{rel}","templated":true}]}}