{"id":65872,"date":"2023-11-17T20:39:45","date_gmt":"2023-11-17T23:39:45","guid":{"rendered":"https:\/\/vocesparalelas.com.ar\/sitio\/?p=65872"},"modified":"2023-11-19T23:04:56","modified_gmt":"2023-11-20T02:04:56","slug":"semana-de-la-geografia-en-san-juan-territorio-ambiente-y-sociedad","status":"publish","type":"post","link":"https:\/\/vocesparalelas.com.ar\/sitio\/semana-de-la-geografia-en-san-juan-territorio-ambiente-y-sociedad\/","title":{"rendered":"Semana de la Geograf\u00eda en San Juan \u201cTerritorio, Ambiente y Sociedad\u00bb"},"content":{"rendered":"<p>El Martes, 21; el Mi\u00e9rcoles, 22 y el Jueves, 23 de Noviembre, se desarrolla la Semana de la Geograf\u00eda en San Juan \u201cTerritorio, Ambiente y Sociedad. Abordaje Integral desde la Ciencia Geogr\u00e1fica\u201d, organizado por el Instituto de Geograf\u00eda Aplicada Departamento de Geograf\u00eda de la Facultad de Filosof\u00eda, Humanidades y Artes de la Universidad Nacional San Juan<\/p>\n<p>La Semana de la Geograf\u00eda es una ocasi\u00f3n para intercambiar ideas y avances de nuestra ciencia frente a los desaf\u00edos actuales. La realidad de los territorios locales pone de manifiesto vulnerabilidades y asimetr\u00edas que genera incertidumbre sobre nuestro futuro com\u00fan.<\/p>\n<p>La b\u00fasqueda de espacios de convivencia m\u00e1s justos implica, la acci\u00f3n y construcci\u00f3n colectiva, hacia la igualdad de oportunidades. En este marco, la Geograf\u00eda se convierte en una ciencia de oportunidades y de compromiso para dar respuesta a los actuales desaf\u00edos.<\/p>\n<p>La geograf\u00eda es una ciencia en constante evoluci\u00f3n que busca comprender la relaci\u00f3n entre los espacios, el ambiente y las sociedades. En el contexto actual, la Geograf\u00eda se enfrenta a diversos desaf\u00edos que requieren una atenci\u00f3n especial.<\/p>\n<p>Uno de los desaf\u00edos m\u00e1s apremiantes en la geograf\u00eda actual es comprender y abordar la compleja interacci\u00f3n entre el medio ambiente y la salud humana. La Geograf\u00eda M\u00e9dica y de la Salud se ha convertido en un campo de estudio crucial para comprender la distribuci\u00f3n espacial de enfermedades, los determinantes socioambientales de la salud y la accesibilidad a los servicios de atenci\u00f3n m\u00e9dica. En esta tem\u00e1tica se explorar\u00e1n investigaciones recientes y mejores pr\u00e1cticas en Geograf\u00eda M\u00e9dica y de la Salud para promover una comprensi\u00f3n m\u00e1s profunda de estas cuestiones y generar soluciones efectivas.<\/p>\n<p>Otros temas a abordar est\u00e1n vinculados con la Geograf\u00eda de los Riesgos. La comprensi\u00f3n de los riesgos naturales y antropog\u00e9nicos, como los desastres naturales, el cambio clim\u00e1tico, la gesti\u00f3n de recursos h\u00eddricos y la planificaci\u00f3n de emergencias, es esencial para fomentar la resiliencia de las comunidades y la toma de decisiones informada. Se plantear\u00e1n entonces estudios de casos, metodolog\u00edas y estrategias innovadoras para analizar, prevenir y minimizar los riesgos en diferentes contextos geogr\u00e1ficos.<\/p>\n<p>Por su parte el Ordenamiento Territorial, representa un aspecto fundamental para el desarrollo sostenible. Implica la planificaci\u00f3n y gesti\u00f3n del uso del suelo, la protecci\u00f3n de \u00e1reas naturales y el equilibrio entre las actividades humanas y la conservaci\u00f3n del medio ambiente. De esta manera se pretenden abordar enfoques multidisciplinarios y herramientas tecnol\u00f3gicas para lograr un ordenamiento territorial efectivo, incluyendo estudios de caso de diferentes regiones y discusiones sobre pol\u00edticas p\u00fablicas.<\/p>\n<p>La Geograf\u00eda F\u00edsica tambi\u00e9n ser\u00e1 parte central de la propuesta, ya que constituye el estudio de los elementos naturales del paisaje, como la Geomorfolog\u00eda, la Climatolog\u00eda, la Hidrograf\u00eda y la Biogeograf\u00eda. Este eje se enfoca en investigaciones sobre la evoluci\u00f3n del paisaje, la interacci\u00f3n entre los procesos f\u00edsicos y humanos, y las implicaciones de los cambios ambientales en los diferentes ecosistemas terrestres y acu\u00e1ticos.<\/p>\n<p>La Ense\u00f1anza de la Geograf\u00eda desempe\u00f1a un papel fundamental en la formaci\u00f3n de ciudadanos conscientes y comprometidos con la comprensi\u00f3n del mundo que les rodea. Sin embargo, enfrenta desaf\u00edos significativos en un contexto educativo en constante evoluci\u00f3n. Por ello se pretende abordar los desaf\u00edos actuales en la ense\u00f1anza de la geograf\u00eda explorando enfoques pedag\u00f3gicos innovadores para mejorar la comprensi\u00f3n y apreciaci\u00f3n de la disciplina, discutiendo temas como la integraci\u00f3n de tales enfoques, el uso de tecnolog\u00edas geoespaciales y herramientas digitales, y estrategias para fomentar el pensamiento cr\u00edtico y el aprendizaje activo en el aula de geograf\u00eda. En este aspecto, la semana de la Geograf\u00eda propone la participaci\u00f3n de los graduados, quienes podr\u00e1n plantear sus experiencias en el aula, abriendo la posibilidad de intercambiar conocimientos y describir necesidades entre la educaci\u00f3n secundaria y la formaci\u00f3n docente universitaria.<\/p>\n<p>A medida que avanzamos en la era digital, las Tecnolog\u00edas de la Informaci\u00f3n Geogr\u00e1fica (TIG) han surgido como una herramienta poderosa para ampliar nuestra comprensi\u00f3n y an\u00e1lisis de los fen\u00f3menos geogr\u00e1ficos. Estas tecnolog\u00edas, incluyen los Sistemas de Informaci\u00f3n Territorial, los Sistemas de Informaci\u00f3n Geogr\u00e1fica, la Teledetecci\u00f3n, los GPS, la Cartograf\u00eda Digital y todas aquellas herramientas tecnol\u00f3gicas que permiten recopilar, almacenar, analizar y visualizar datos geoespaciales de manera m\u00e1s eficiente y precisa. Se pretende entonces explorar c\u00f3mo las TIG est\u00e1n transformando la forma en que entendemos y abordamos los problemas geogr\u00e1ficos. Las tecnolog\u00edas geoespaciales ofrecen nuevas oportunidades para recopilar datos en tiempo real, analizar patrones espaciales, modelar escenarios y visualizar resultados de manera m\u00e1s eficiente, con el objetivo de resolver problemas geogr\u00e1ficos complejos en diferentes campos, como la planificaci\u00f3n urbana, la gesti\u00f3n de recursos naturales, la evaluaci\u00f3n de riesgos y la toma de decisiones en pol\u00edticas p\u00fablicas. Adem\u00e1s, se busca abordar los desaf\u00edos y oportunidades que surgen de la integraci\u00f3n de las TIG en la ense\u00f1anza de la geograf\u00eda. Las tecnolog\u00edas geoespaciales ofrecen nuevas formas de ense\u00f1ar y aprender, permitiendo a los estudiantes explorar y analizar datos espaciales de manera interactiva. Esto se presenta con nuevos enfoques pedag\u00f3gicos innovadores, estrategias efectivas y recursos did\u00e1cticos para incorporar las TIG en el aula.<\/p>\n<p>La Semana de la Geograf\u00eda busca proporcionar una plataforma para el intercambio de experiencias y buenas pr\u00e1cticas entre educadores, investigadores y profesionales de ciencias y disciplinas afines.<\/p>\n<p><span style=\"color: #339966;\"><strong>Objetivos de la Actividad<\/strong><\/span><\/p>\n<ul>\n<li>Generar un espacio acad\u00e9mico para la comunicaci\u00f3n y discusi\u00f3n de trabajos de investigaci\u00f3n referidos a problem\u00e1ticas territoriales.<\/li>\n<li>Propiciar la difusi\u00f3n de producciones generadas en proyectos de investigaci\u00f3n desarrollados en el \u00e1mbito de la universidad.<\/li>\n<li>Propiciar la participaci\u00f3n de estudiantes de las carreras de geograf\u00eda y de otras a fines mediante charlas y debates sobre el rol de la geograf\u00eda en la sociedad.<\/li>\n<li>Estimular a estudiantes de las carreras de geograf\u00eda y de otras afines y a graduados a incursionar en la docencia e investigaci\u00f3n.<\/li>\n<li>Promover la participaci\u00f3n de egresados que aporten sus experiencias laborales en nuestro medio ya sea desde la docencia, la investigaci\u00f3n y la acci\u00f3n privada.<\/li>\n<\/ul>\n<p><span style=\"color: #339966;\"><strong>Ejes Abordados<\/strong><\/span><\/p>\n<ul>\n<li>EJE 1. Ordenamiento y gesti\u00f3n del territorio<\/li>\n<li>EJE 2. Geograf\u00eda F\u00edsica: Los procesos naturales y su interacci\u00f3n con las sociedades<\/li>\n<li>EJE 3. Din\u00e1micas rurales y urbanas: dimensiones y perspectivas<\/li>\n<li>EJE 4. Ense\u00f1anza de la Geograf\u00eda<\/li>\n<li>EJE 5. Geograf\u00eda de la Salud<\/li>\n<li>EJE 6. Riesgos Ambientales<\/li>\n<li>EJE 7. Espacio, Poblaci\u00f3n y G\u00e9nero<\/li>\n<li>EJE 8. Geograf\u00eda y usos de las Tecnolog\u00edas de la Informaci\u00f3n Geogr\u00e1fica<\/li>\n<\/ul>\n<p><span style=\"color: #339966;\"><strong>Destinatarios<\/strong><\/span><\/p>\n<p>La actividad est\u00e1 destinada a investigadores, docentes, egresados y estudiantes vinculados a la geograf\u00eda y a otras ciencias o disciplinas afines, as\u00ed como a p\u00fablico en general.<\/p>\n<p><strong><span style=\"color: #339966;\">Lugar<\/span><\/strong><\/p>\n<p>La Semana de la Geograf\u00eda es una actividad que seg\u00fan la necesidad se prev\u00e9 presencial y\/o virtual y se llevar\u00e1 a cabo en la Facultad de Filosof\u00eda, Humanidades y Artes (Edificio Central). Universidad Nacional de San Juan u organismos de la vida social que desee participar.<\/p>\n<p><span style=\"color: #339966;\"><strong>Cronograma<\/strong><\/span><\/p>\n<p>&nbsp;<\/p>\n<table>\n<tbody>\n<tr>\n<td width=\"189\">D\u00eda<\/td>\n<td width=\"189\">Turno<\/td>\n<td width=\"189\">Actividades<\/td>\n<\/tr>\n<tr>\n<td rowspan=\"2\" width=\"189\">&nbsp;<\/p>\n<p>&nbsp;<\/p>\n<p>&nbsp;<\/p>\n<p>Martes 21 de noviembre<\/td>\n<td width=\"189\">&nbsp;<\/p>\n<p>&nbsp;<\/p>\n<p>&nbsp;<\/p>\n<p>&nbsp;<\/p>\n<p>Ma\u00f1ana<\/td>\n<td width=\"189\">&nbsp;<\/p>\n<p>Acto de apertura.<\/p>\n<p>Panel de charlas.<\/p>\n<p>Desaf\u00edos de la Geograf\u00eda en San Juan<\/p>\n<p>\u00c1gape<\/td>\n<\/tr>\n<tr>\n<td width=\"189\">&nbsp;<\/p>\n<p>&nbsp;<\/p>\n<p>&nbsp;<\/p>\n<p>Tarde<\/td>\n<td width=\"189\">&nbsp;<\/p>\n<p>&nbsp;<\/p>\n<p>Exposiciones: Ense\u00f1anza de la Geograf\u00eda Geograf\u00eda y usos de las Tecnolog\u00edas de la Informaci\u00f3n Geogr\u00e1fica<\/p>\n<p>&nbsp;<\/p>\n<p>&nbsp;<\/td>\n<\/tr>\n<tr>\n<td rowspan=\"2\" width=\"189\">&nbsp;<\/p>\n<p>&nbsp;<\/p>\n<p>Mi\u00e9rcoles, 22 de Noviembre<\/td>\n<td width=\"189\">&nbsp;<\/p>\n<p>&nbsp;<\/p>\n<p>&nbsp;<\/p>\n<p>Ma\u00f1ana<\/td>\n<td width=\"189\">&nbsp;<\/p>\n<p>Exposiciones: Ordenamiento y gesti\u00f3n del territorio. Din\u00e1micas rurales y urbanas: dimensiones y perspectivas.<\/p>\n<p>&nbsp;<\/p>\n<p>&nbsp;<\/td>\n<\/tr>\n<tr>\n<td width=\"189\">&nbsp;<\/p>\n<p>&nbsp;<\/p>\n<p>&nbsp;<\/p>\n<p>Tarde<\/td>\n<td width=\"189\">Exposiciones: Geograf\u00eda F\u00edsica: Los procesos naturales y su interacci\u00f3n con las sociedades. Riesgos Ambientales<\/p>\n<p>&nbsp;<\/td>\n<\/tr>\n<tr>\n<td rowspan=\"2\" width=\"189\">&nbsp;<\/p>\n<p>&nbsp;<\/p>\n<p>Jueves, 23 de Noviembre<\/td>\n<td width=\"189\">&nbsp;<\/p>\n<p>&nbsp;<\/p>\n<p>Ma\u00f1ana<\/p>\n<p>&nbsp;<\/p>\n<p>&nbsp;<\/td>\n<td width=\"189\">&nbsp;<\/p>\n<p>Exposiciones: Geograf\u00eda de la Salud Espacio, poblaci\u00f3n y g\u00e9nero<\/p>\n<p>&nbsp;<\/td>\n<\/tr>\n<tr>\n<td width=\"189\">&nbsp;<\/p>\n<p>&nbsp;<\/p>\n<p>Tarde<\/p>\n<p>&nbsp;<\/p>\n<p>&nbsp;<\/td>\n<td width=\"189\">&nbsp;<\/p>\n<p>Exposiciones: Conversatorios y mesas redondas para alumnos<\/p>\n<p>&nbsp;<\/td>\n<\/tr>\n<\/tbody>\n<\/table>\n<p>&nbsp;<\/p>\n<p><span style=\"color: #339966;\"><strong>Categor\u00edas de Participaci\u00f3n<\/strong><\/span><\/p>\n<ul>\n<li>Categor\u00eda de los participantes Costos Tipo de certificaci\u00f3n<\/li>\n<li>Expositor $ 1.500,00 Certificado expositor<\/li>\n<li>Asistente Egresado UNSJ $ 1.000,00 Certificado asistencia<\/li>\n<li>Asistente General $ 1.000,00 Certificado asistencia<\/li>\n<li>Alumnos expositores $ 0,00 Certificado expositor<\/li>\n<li>Alumnos asistentes $ 0,00 Certificado asistencia<\/li>\n<\/ul>\n<p><img loading=\"lazy\" decoding=\"async\" class=\"alignnone size-large wp-image-43889\" src=\"https:\/\/vocesparalelas.com.ar\/sitio\/wp-content\/uploads\/2021\/11\/FFHA-FRENTE-1-800x600.jpg\" alt=\"\" width=\"800\" height=\"600\" srcset=\"https:\/\/vocesparalelas.com.ar\/sitio\/wp-content\/uploads\/2021\/11\/FFHA-FRENTE-1-800x600.jpg 800w, https:\/\/vocesparalelas.com.ar\/sitio\/wp-content\/uploads\/2021\/11\/FFHA-FRENTE-1-300x225.jpg 300w, https:\/\/vocesparalelas.com.ar\/sitio\/wp-content\/uploads\/2021\/11\/FFHA-FRENTE-1-768x576.jpg 768w, https:\/\/vocesparalelas.com.ar\/sitio\/wp-content\/uploads\/2021\/11\/FFHA-FRENTE-1.jpg 1024w\" sizes=\"auto, (max-width: 800px) 100vw, 800px\" \/><\/p>\n","protected":false},"excerpt":{"rendered":"<p>El Martes, 21; el Mi\u00e9rcoles, 22 y el Jueves, 23 de Noviembre, se desarrolla la Semana de la Geograf\u00eda en<\/p>\n","protected":false},"author":3,"featured_media":31590,"comment_status":"closed","ping_status":"closed","sticky":false,"template":"","format":"standard","meta":{"_acf_changed":false,"_seopress_robots_primary_cat":"none","_seopress_titles_title":"","_seopress_titles_desc":"","_seopress_robots_index":"","colormag_page_container_layout":"default_layout","colormag_page_sidebar_layout":"default_layout","footnotes":""},"categories":[9],"tags":[],"class_list":["post-65872","post","type-post","status-publish","format-standard","has-post-thumbnail","hentry","category-cursos"],"acf":[],"_links":{"self":[{"href":"https:\/\/vocesparalelas.com.ar\/sitio\/wp-json\/wp\/v2\/posts\/65872","targetHints":{"allow":["GET"]}}],"collection":[{"href":"https:\/\/vocesparalelas.com.ar\/sitio\/wp-json\/wp\/v2\/posts"}],"about":[{"href":"https:\/\/vocesparalelas.com.ar\/sitio\/wp-json\/wp\/v2\/types\/post"}],"author":[{"embeddable":true,"href":"https:\/\/vocesparalelas.com.ar\/sitio\/wp-json\/wp\/v2\/users\/3"}],"replies":[{"embeddable":true,"href":"https:\/\/vocesparalelas.com.ar\/sitio\/wp-json\/wp\/v2\/comments?post=65872"}],"version-history":[{"count":1,"href":"https:\/\/vocesparalelas.com.ar\/sitio\/wp-json\/wp\/v2\/posts\/65872\/revisions"}],"predecessor-version":[{"id":65875,"href":"https:\/\/vocesparalelas.com.ar\/sitio\/wp-json\/wp\/v2\/posts\/65872\/revisions\/65875"}],"wp:featuredmedia":[{"embeddable":true,"href":"https:\/\/vocesparalelas.com.ar\/sitio\/wp-json\/wp\/v2\/media\/31590"}],"wp:attachment":[{"href":"https:\/\/vocesparalelas.com.ar\/sitio\/wp-json\/wp\/v2\/media?parent=65872"}],"wp:term":[{"taxonomy":"category","embeddable":true,"href":"https:\/\/vocesparalelas.com.ar\/sitio\/wp-json\/wp\/v2\/categories?post=65872"},{"taxonomy":"post_tag","embeddable":true,"href":"https:\/\/vocesparalelas.com.ar\/sitio\/wp-json\/wp\/v2\/tags?post=65872"}],"curies":[{"name":"wp","href":"https:\/\/api.w.org\/{rel}","templated":true}]}}