{"id":65867,"date":"2023-11-17T20:54:42","date_gmt":"2023-11-17T23:54:42","guid":{"rendered":"https:\/\/vocesparalelas.com.ar\/sitio\/?p=65867"},"modified":"2023-11-19T23:06:42","modified_gmt":"2023-11-20T02:06:42","slug":"semana-de-la-musica-del-departamento-de-musica-de-la-ffha-de-la-unsj","status":"publish","type":"post","link":"https:\/\/vocesparalelas.com.ar\/sitio\/semana-de-la-musica-del-departamento-de-musica-de-la-ffha-de-la-unsj\/","title":{"rendered":"Semana de la M\u00fasica del Departamento de M\u00fasica de la FFHA de la UNSJ"},"content":{"rendered":"<p>Los Docentes y alumnos del Departamento de M\u00fasica de la del Departamento de M\u00fasica de la Facultad de Filosof\u00eda, Humanidades y Artes de la Universidad Nacional de San Juan en el marco del D\u00eda de la m\u00fasica en Honor a la Patrona Santa Cecilia brinda del 20 al 25 de Noviembre, conciertos con entrada de libre y gratuita en distintos espacios.<\/p>\n<p><strong><span style=\"color: #339966;\">Programa<\/span><\/strong><\/p>\n<ul>\n<li>20 de Noviembre, a las 19 hs.; en el Auditorio Ing. Juan Victoria,\u00a0D\u00fao de Contrabajos de la C\u00e1tedra de M\u00fasica de C\u00e1mara,\u00a0Ensamble Instrumental de la C\u00e1tedra Producci\u00f3n y An\u00e1lisis Musical III,\u00a0Orquesta Juvenil de guitarras,\u00a0Taller \u00abOrquesta de Tango\u00bb y \u00abC\u00e1tedra de Estilos musicales VI\u00bb. Prof. Cesar S\u00e1nchez, Opera Aida Fragmentos.<\/li>\n<li>20 de Noviembre, a las 20:30 hs.; en el Anfiteatro del Complejo del Auditorio Ing. Juan Victoria,\u00a0D\u00fao y Cuarteto de Percusi\u00f3n, de la C\u00e1tedra de M\u00fasica de C\u00e1mara,\u00a0Ensamble de Trombones y Cuarteto de Saxof\u00f3n<\/li>\n<li>20 de Noviembre, de 18 a 23 hs.; en el Complejo del Auditorio Ing. Juan Victoria, Feria de Emprendedores \u00abEl Pase\u00edto\u00bb.<\/li>\n<li>21 de Noviembre, a las 21 hs.; en el Auditorio Ing. Juan Victoria, Ensamble de la c\u00e1tedra de Saxof\u00f3n<\/li>\n<li>22 de Noviembre, a las 21 hs.; en el Auditorio Ing. Juan Victoria \u00abEnsamble l\u00f3n\u00bb M\u00fasica contempor\u00e1nea, alumnos del Prof.\u00a0 Marcelo Gonz\u00e1les<\/li>\n<li>23 de Noviembre, 19 hs.; en el Aula Magna de la FFHA de la UNSJ, alumnos c\u00e1tedra de Viol\u00edn, Prof. Alexander Zuzuk<\/li>\n<li>23 de Noviembre, a las 21 hs.; en el Auditorio Ing. Juan Victoria, Lizell Claros<\/li>\n<li>24 de Noviembre, a las 21.30 hs.; en el Auditorio Ing. Juan Victoria, Orquesta Sinf\u00f3nica junto a Orquesta Juvenil<\/li>\n<li>25 de Noviembre, a las 20 hs.; en el Auditorio Ing. Juan Victoria, Coro de ni\u00f1os y j\u00f3venes UNSJ<\/li>\n<\/ul>\n<p><img loading=\"lazy\" decoding=\"async\" class=\"alignnone size-large wp-image-43889\" src=\"https:\/\/vocesparalelas.com.ar\/sitio\/wp-content\/uploads\/2021\/11\/FFHA-FRENTE-1-800x600.jpg\" alt=\"\" width=\"800\" height=\"600\" srcset=\"https:\/\/vocesparalelas.com.ar\/sitio\/wp-content\/uploads\/2021\/11\/FFHA-FRENTE-1-800x600.jpg 800w, https:\/\/vocesparalelas.com.ar\/sitio\/wp-content\/uploads\/2021\/11\/FFHA-FRENTE-1-300x225.jpg 300w, https:\/\/vocesparalelas.com.ar\/sitio\/wp-content\/uploads\/2021\/11\/FFHA-FRENTE-1-768x576.jpg 768w, https:\/\/vocesparalelas.com.ar\/sitio\/wp-content\/uploads\/2021\/11\/FFHA-FRENTE-1.jpg 1024w\" sizes=\"auto, (max-width: 800px) 100vw, 800px\" \/><\/p>\n<p>&nbsp;<\/p>\n","protected":false},"excerpt":{"rendered":"<p>Los Docentes y alumnos del Departamento de M\u00fasica de la del Departamento de M\u00fasica de la Facultad de Filosof\u00eda, Humanidades<\/p>\n","protected":false},"author":3,"featured_media":65645,"comment_status":"closed","ping_status":"closed","sticky":false,"template":"","format":"standard","meta":{"_acf_changed":false,"_seopress_robots_primary_cat":"none","_seopress_titles_title":"","_seopress_titles_desc":"","_seopress_robots_index":"","colormag_page_container_layout":"default_layout","colormag_page_sidebar_layout":"default_layout","footnotes":""},"categories":[20],"tags":[],"class_list":["post-65867","post","type-post","status-publish","format-standard","has-post-thumbnail","hentry","category-cartelera"],"acf":[],"_links":{"self":[{"href":"https:\/\/vocesparalelas.com.ar\/sitio\/wp-json\/wp\/v2\/posts\/65867","targetHints":{"allow":["GET"]}}],"collection":[{"href":"https:\/\/vocesparalelas.com.ar\/sitio\/wp-json\/wp\/v2\/posts"}],"about":[{"href":"https:\/\/vocesparalelas.com.ar\/sitio\/wp-json\/wp\/v2\/types\/post"}],"author":[{"embeddable":true,"href":"https:\/\/vocesparalelas.com.ar\/sitio\/wp-json\/wp\/v2\/users\/3"}],"replies":[{"embeddable":true,"href":"https:\/\/vocesparalelas.com.ar\/sitio\/wp-json\/wp\/v2\/comments?post=65867"}],"version-history":[{"count":1,"href":"https:\/\/vocesparalelas.com.ar\/sitio\/wp-json\/wp\/v2\/posts\/65867\/revisions"}],"predecessor-version":[{"id":65870,"href":"https:\/\/vocesparalelas.com.ar\/sitio\/wp-json\/wp\/v2\/posts\/65867\/revisions\/65870"}],"wp:featuredmedia":[{"embeddable":true,"href":"https:\/\/vocesparalelas.com.ar\/sitio\/wp-json\/wp\/v2\/media\/65645"}],"wp:attachment":[{"href":"https:\/\/vocesparalelas.com.ar\/sitio\/wp-json\/wp\/v2\/media?parent=65867"}],"wp:term":[{"taxonomy":"category","embeddable":true,"href":"https:\/\/vocesparalelas.com.ar\/sitio\/wp-json\/wp\/v2\/categories?post=65867"},{"taxonomy":"post_tag","embeddable":true,"href":"https:\/\/vocesparalelas.com.ar\/sitio\/wp-json\/wp\/v2\/tags?post=65867"}],"curies":[{"name":"wp","href":"https:\/\/api.w.org\/{rel}","templated":true}]}}