{"id":65855,"date":"2023-11-21T20:13:48","date_gmt":"2023-11-21T23:13:48","guid":{"rendered":"https:\/\/vocesparalelas.com.ar\/sitio\/?p=65855"},"modified":"2023-11-21T23:41:45","modified_gmt":"2023-11-22T02:41:45","slug":"musica-contemporanea-en-honor-a-santa-cecilia-en-el-auditorio-ing-juan-victoria","status":"publish","type":"post","link":"https:\/\/vocesparalelas.com.ar\/sitio\/musica-contemporanea-en-honor-a-santa-cecilia-en-el-auditorio-ing-juan-victoria\/","title":{"rendered":"M\u00fasica Contempor\u00e1nea en honor a Santa Cecilia en el Auditorio Ing. Juan Victoria"},"content":{"rendered":"<p>El Mi\u00e9rcoles, 22 de Noviembre, a las 21 hs.; en el Auditorio Ing. Juan Victoria con entrada libre y gratuita, se desarrolla el Concierto de C\u00e1mara con los alumnos del Departamento de M\u00fasica de la Facultad de Filosof\u00eda, Humanidades y Artes de la Universidad Nacional de San Juan en el marco del Ciclo de M\u00fasica de C\u00e1mara, que conformaron el \u00abEnsamble l\u00f3n\u00bb, una agrupaci\u00f3n de M\u00fasica Contempor\u00e1nea, bajo la direcci\u00f3n del Prof. Marcelo Gonz\u00e1lez.<\/p>\n<p>Es importante destacar que, el concierto se ejecuta por los alumnos. Es un honor para cada uno de ellos, ser parte de esta gran oportunidad y m\u00e1s en la sala del Auditorio Ing. Juan Victoria. Un gran desaf\u00edo para mostrar su preparaci\u00f3n, sus aprendizajes y sus avances que el p\u00fablico debe apoyar y valorar.<\/p>\n<p>Por ello, Voces Paralelas desarroll\u00f3 una entrevista period\u00edstica al Integrante del Centro de Creaci\u00f3n Art\u00edstica Orquestal de la FFHA de la UNSJ, Prof. Pablo Blanco, quien describi\u00f3 como el Ciclo de M\u00fasica rinde honores a la Patrona de la M\u00fasica Santa Cecilia, donde son los alumnos los protagonistas y que forman parte del \u00abEnsamble l\u00f3n\u00bb con M\u00fasica Contempor\u00e1nea.<\/p>\n<p>&nbsp;<\/p>\n<p><iframe loading=\"lazy\" title=\"FFHA UNSJ PROF PABLO BLANCO\" width=\"800\" height=\"450\" src=\"https:\/\/www.youtube.com\/embed\/o-Hy5_EWUd8?feature=oembed\" frameborder=\"0\" allow=\"accelerometer; autoplay; clipboard-write; encrypted-media; gyroscope; picture-in-picture; web-share\" allowfullscreen><\/iframe><\/p>\n<p>&nbsp;<\/p>\n<p><strong><span style=\"color: #ff6600;\">Programa<\/span><\/strong><\/p>\n<p>JOHN CAGE (1912-1992) Five (1988)<\/p>\n<p>MAURICIO KAGEL (1931-2008). Metapiece (Mimetics (1961)<\/p>\n<p>GERARDO GANDINI (1936-2013) Oneiron (1978)<\/p>\n<p>GERARDO GANDINI Sol Oneiron (1980)<\/p>\n<p>ANTON WEBERN (1883-1945): Tres peque\u00f1as piezas para cello y piano (1914)<\/p>\n<p>IGOR STRAVINSKY (1882-1971) Tres piezas (1919)<\/p>\n<p>GERARDO GANDINI Tri Oneiron (1980)<\/p>\n<p>JOHN CAGE + MAURICIO KAGEL Five + Metapiece<\/p>\n<p><strong><span style=\"color: #ff6600;\">Alumnos que conforman el \u00abEnsamble de l\u00f3n\u00bb<\/span><\/strong><\/p>\n<ul>\n<li>Mayra Cappa, Viola<\/li>\n<li>Julieta Ail\u00e9n Romero, Piano<\/li>\n<li>Abel Herrera, Piano<\/li>\n<li>Clara Zupan, Cello<\/li>\n<li>Eli Chavez, Flauta<\/li>\n<li>Gaspar Videla, Clarinete<\/li>\n<li>Juan Bazan Romero, Tromb\u00f3n<\/li>\n<\/ul>\n<p>Direcci\u00f3n: Prof. Marcelo Gonz\u00e1lez<\/p>\n<p><iframe loading=\"lazy\" title=\"FFHA UNSJ ENSAMBLE I\u00d3N\" width=\"800\" height=\"450\" src=\"https:\/\/www.youtube.com\/embed\/5ZDI_PWTA-w?feature=oembed\" frameborder=\"0\" allow=\"accelerometer; autoplay; clipboard-write; encrypted-media; gyroscope; picture-in-picture; web-share\" allowfullscreen><\/iframe><\/p>\n<p><img loading=\"lazy\" decoding=\"async\" class=\"alignnone size-full wp-image-61468\" src=\"https:\/\/vocesparalelas.com.ar\/sitio\/wp-content\/uploads\/2023\/07\/AUDITORIO-EDIFICIO.jpg\" alt=\"\" width=\"800\" height=\"533\" srcset=\"https:\/\/vocesparalelas.com.ar\/sitio\/wp-content\/uploads\/2023\/07\/AUDITORIO-EDIFICIO.jpg 800w, https:\/\/vocesparalelas.com.ar\/sitio\/wp-content\/uploads\/2023\/07\/AUDITORIO-EDIFICIO-300x200.jpg 300w, https:\/\/vocesparalelas.com.ar\/sitio\/wp-content\/uploads\/2023\/07\/AUDITORIO-EDIFICIO-768x512.jpg 768w\" sizes=\"auto, (max-width: 800px) 100vw, 800px\" \/><\/p>\n<p>&nbsp;<\/p>\n<p><img loading=\"lazy\" decoding=\"async\" class=\"alignnone size-large wp-image-43889\" src=\"https:\/\/vocesparalelas.com.ar\/sitio\/wp-content\/uploads\/2021\/11\/FFHA-FRENTE-1-800x600.jpg\" alt=\"\" width=\"800\" height=\"600\" srcset=\"https:\/\/vocesparalelas.com.ar\/sitio\/wp-content\/uploads\/2021\/11\/FFHA-FRENTE-1-800x600.jpg 800w, https:\/\/vocesparalelas.com.ar\/sitio\/wp-content\/uploads\/2021\/11\/FFHA-FRENTE-1-300x225.jpg 300w, https:\/\/vocesparalelas.com.ar\/sitio\/wp-content\/uploads\/2021\/11\/FFHA-FRENTE-1-768x576.jpg 768w, https:\/\/vocesparalelas.com.ar\/sitio\/wp-content\/uploads\/2021\/11\/FFHA-FRENTE-1.jpg 1024w\" sizes=\"auto, (max-width: 800px) 100vw, 800px\" \/><\/p>\n","protected":false},"excerpt":{"rendered":"<p>El Mi\u00e9rcoles, 22 de Noviembre, a las 21 hs.; en el Auditorio Ing. Juan Victoria con entrada libre y gratuita,<\/p>\n","protected":false},"author":3,"featured_media":65860,"comment_status":"closed","ping_status":"closed","sticky":false,"template":"","format":"standard","meta":{"_acf_changed":false,"_seopress_robots_primary_cat":"none","_seopress_titles_title":"","_seopress_titles_desc":"","_seopress_robots_index":"","colormag_page_container_layout":"default_layout","colormag_page_sidebar_layout":"default_layout","footnotes":""},"categories":[1,7],"tags":[],"class_list":["post-65855","post","type-post","status-publish","format-standard","has-post-thumbnail","hentry","category-destacadas","category-videos"],"acf":[],"_links":{"self":[{"href":"https:\/\/vocesparalelas.com.ar\/sitio\/wp-json\/wp\/v2\/posts\/65855","targetHints":{"allow":["GET"]}}],"collection":[{"href":"https:\/\/vocesparalelas.com.ar\/sitio\/wp-json\/wp\/v2\/posts"}],"about":[{"href":"https:\/\/vocesparalelas.com.ar\/sitio\/wp-json\/wp\/v2\/types\/post"}],"author":[{"embeddable":true,"href":"https:\/\/vocesparalelas.com.ar\/sitio\/wp-json\/wp\/v2\/users\/3"}],"replies":[{"embeddable":true,"href":"https:\/\/vocesparalelas.com.ar\/sitio\/wp-json\/wp\/v2\/comments?post=65855"}],"version-history":[{"count":6,"href":"https:\/\/vocesparalelas.com.ar\/sitio\/wp-json\/wp\/v2\/posts\/65855\/revisions"}],"predecessor-version":[{"id":65882,"href":"https:\/\/vocesparalelas.com.ar\/sitio\/wp-json\/wp\/v2\/posts\/65855\/revisions\/65882"}],"wp:featuredmedia":[{"embeddable":true,"href":"https:\/\/vocesparalelas.com.ar\/sitio\/wp-json\/wp\/v2\/media\/65860"}],"wp:attachment":[{"href":"https:\/\/vocesparalelas.com.ar\/sitio\/wp-json\/wp\/v2\/media?parent=65855"}],"wp:term":[{"taxonomy":"category","embeddable":true,"href":"https:\/\/vocesparalelas.com.ar\/sitio\/wp-json\/wp\/v2\/categories?post=65855"},{"taxonomy":"post_tag","embeddable":true,"href":"https:\/\/vocesparalelas.com.ar\/sitio\/wp-json\/wp\/v2\/tags?post=65855"}],"curies":[{"name":"wp","href":"https:\/\/api.w.org\/{rel}","templated":true}]}}