{"id":65830,"date":"2023-11-16T20:24:30","date_gmt":"2023-11-16T23:24:30","guid":{"rendered":"https:\/\/vocesparalelas.com.ar\/sitio\/?p=65830"},"modified":"2023-11-17T01:24:43","modified_gmt":"2023-11-17T04:24:43","slug":"el-subsecretario-de-asuntos-politicos-de-la-nacion-nicolas-ritacco-en-san-juan","status":"publish","type":"post","link":"https:\/\/vocesparalelas.com.ar\/sitio\/el-subsecretario-de-asuntos-politicos-de-la-nacion-nicolas-ritacco-en-san-juan\/","title":{"rendered":"El subsecretario de Asuntos Pol\u00edticos de la Naci\u00f3n, Nicol\u00e1s Ritacco en San Juan"},"content":{"rendered":"<p>El gobernador de San Juan, Dr. Sergio U\u00f1ac recibi\u00f3 la visita, el Jueves, 16 de Noviembre, al subsecretario de Asuntos Pol\u00edticos de Presidencia de la Naci\u00f3n, Nicol\u00e1s Ritacco.<\/p>\n<p>Durante la reuni\u00f3n, ambos funcionarios dialogaron sobre el trabajo conjunto y la coordinaci\u00f3n entre el gobierno nacional y el provincial. \u201cU\u00f1ac me coment\u00f3 sobre las numerosas obras en curso en San Juan. Tambi\u00e9n hablamos acerca de la Aduana Nacional, que ha cedido a la provincia una carga de mercader\u00eda incautada. Hemos logrado acumular un n\u00famero significativo de reservas de aduana, lo cual tambi\u00e9n tiene un gran significado cultural. Lo que inicialmente fue una ventaja para unos pocos, una entrada ilegal al pa\u00eds o una comercializaci\u00f3n sin permiso, ahora se convierte en recursos para quienes m\u00e1s lo necesitan\u201d, coment\u00f3 Ritacco.<\/p>\n<p>Enfatizando lo positivo de su visita, el funcionario resalt\u00f3 las pol\u00edticas p\u00fablicas implementadas en San Juan, haciendo \u00e9nfasis en \u201cel desarrollo industrial, minero y el parque solar, que est\u00e1 muy avanzado. Se estima que en tres a\u00f1os y medio la contribuci\u00f3n energ\u00e9tica puede ser considerable\u201d, destac\u00f3.<\/p>\n<p>Adem\u00e1s, Ritacco reflexion\u00f3 sobre la visi\u00f3n nacional de las pol\u00edticas p\u00fablicas hacia el futuro, \u201cinvitando a otras provincias a imitarlas\u201d.<\/p>\n<p>Respecto al trabajo futuro, el subsecretario subray\u00f3 que \u201ccontinuaremos promoviendo el desarrollo productivo y el incremento del poder adquisitivo, aspecto que consideramos de suma importancia, y pensando en las pol\u00edticas p\u00fablicas con una visi\u00f3n federal. Durante los \u00faltimos cuatro a\u00f1os, se realizaron m\u00e1s de 3,000 obras en todo el pa\u00eds sin discriminaci\u00f3n por color pol\u00edtico, provincia o regi\u00f3n. Todo esto se planific\u00f3 con un enfoque de desarrollo federal. Creo que el pr\u00f3ximo gobierno, sobre todo, debe centrarse en el poder adquisitivo de la poblaci\u00f3n, en el desarrollo productivo de Argentina y, principalmente, en las econom\u00edas regionales, con una perspectiva federal y la continuidad de las pol\u00edticas p\u00fablicas\u201d, concluy\u00f3.<\/p>\n<p>&nbsp;<\/p>\n<p>&nbsp;<\/p>\n","protected":false},"excerpt":{"rendered":"<p>El gobernador de San Juan, Dr. Sergio U\u00f1ac recibi\u00f3 la visita, el Jueves, 16 de Noviembre, al subsecretario de Asuntos<\/p>\n","protected":false},"author":3,"featured_media":65833,"comment_status":"closed","ping_status":"closed","sticky":false,"template":"","format":"standard","meta":{"_acf_changed":false,"_seopress_robots_primary_cat":"none","_seopress_titles_title":"","_seopress_titles_desc":"","_seopress_robots_index":"","colormag_page_container_layout":"default_layout","colormag_page_sidebar_layout":"default_layout","footnotes":""},"categories":[1],"tags":[],"class_list":["post-65830","post","type-post","status-publish","format-standard","has-post-thumbnail","hentry","category-destacadas"],"acf":[],"_links":{"self":[{"href":"https:\/\/vocesparalelas.com.ar\/sitio\/wp-json\/wp\/v2\/posts\/65830","targetHints":{"allow":["GET"]}}],"collection":[{"href":"https:\/\/vocesparalelas.com.ar\/sitio\/wp-json\/wp\/v2\/posts"}],"about":[{"href":"https:\/\/vocesparalelas.com.ar\/sitio\/wp-json\/wp\/v2\/types\/post"}],"author":[{"embeddable":true,"href":"https:\/\/vocesparalelas.com.ar\/sitio\/wp-json\/wp\/v2\/users\/3"}],"replies":[{"embeddable":true,"href":"https:\/\/vocesparalelas.com.ar\/sitio\/wp-json\/wp\/v2\/comments?post=65830"}],"version-history":[{"count":1,"href":"https:\/\/vocesparalelas.com.ar\/sitio\/wp-json\/wp\/v2\/posts\/65830\/revisions"}],"predecessor-version":[{"id":65834,"href":"https:\/\/vocesparalelas.com.ar\/sitio\/wp-json\/wp\/v2\/posts\/65830\/revisions\/65834"}],"wp:featuredmedia":[{"embeddable":true,"href":"https:\/\/vocesparalelas.com.ar\/sitio\/wp-json\/wp\/v2\/media\/65833"}],"wp:attachment":[{"href":"https:\/\/vocesparalelas.com.ar\/sitio\/wp-json\/wp\/v2\/media?parent=65830"}],"wp:term":[{"taxonomy":"category","embeddable":true,"href":"https:\/\/vocesparalelas.com.ar\/sitio\/wp-json\/wp\/v2\/categories?post=65830"},{"taxonomy":"post_tag","embeddable":true,"href":"https:\/\/vocesparalelas.com.ar\/sitio\/wp-json\/wp\/v2\/tags?post=65830"}],"curies":[{"name":"wp","href":"https:\/\/api.w.org\/{rel}","templated":true}]}}