{"id":65825,"date":"2023-11-16T22:17:53","date_gmt":"2023-11-17T01:17:53","guid":{"rendered":"https:\/\/vocesparalelas.com.ar\/sitio\/?p=65825"},"modified":"2023-11-19T23:07:23","modified_gmt":"2023-11-20T02:07:23","slug":"comenzaron-las-entrevistas-en-la-camara-de-diputados-a-postulantes-para-cargos-vacantes-en-el-poder-judicial-de-san-juan","status":"publish","type":"post","link":"https:\/\/vocesparalelas.com.ar\/sitio\/comenzaron-las-entrevistas-en-la-camara-de-diputados-a-postulantes-para-cargos-vacantes-en-el-poder-judicial-de-san-juan\/","title":{"rendered":"Comenzaron las entrevistas en la C\u00e1mara de Diputados a postulantes para cargos vacantes en el Poder Judicial de San Juan"},"content":{"rendered":"<p>El Jueves, 16 de Noviembre de 2023, los legisladores integrantes de la comisi\u00f3n de Justicia y Seguridad de la C\u00e1mara de Diputados de San Juan, comenzaron con la primera jornada de entrevistas a los candidatos que integran las catorce ternas remitidas por el Consejo de la Magistratura para cubrir cargos vacantes en el Poder Judicial.<\/p>\n<p>La reuni\u00f3n tuvo lugar en la sala de Situaci\u00f3n del segundo piso del edificio Anexo de la Legislatura. Estuvo encabezada por la titular de la comisi\u00f3n, diputada Dra. Celina Ramella. Adem\u00e1s , participaron las legisladoras Dra. Marcela Monti, Dra. Fernanda Paredes, Dra. Florencia Pe\u00f1aloza y Dra. Nancy Pic\u00f3n y los diputados Arq. Jorge Barifusa, Jos\u00e9 Luis Esteve, Lic. Leonardo Gioja, Dr. Edgardo Sancassani y Enzo Cornejo.<\/p>\n<p>En esta oportunidad fueron entrevistados los postulantes para ocupar un cargo de Juez de C\u00e1mara (C\u00e1mara de Apelaci\u00f3n Civil Sala II); un cargo de Juez de C\u00e1mara &#8211; Tribunal de Impugnaci\u00f3n; un cargo de Juez de Primera Instancia (Juzgado de Ejecuci\u00f3n Penal); y los miembros de la primera y segunda terna para los cuatro cargos de Juez de Primera Instancia &#8211; Colegio de Jueces (fuero penal).<\/p>\n<p>En el transcurso de las entrevistas a los candidatos integrantes de las ternas a los cargos vacantes,\u00a0 tras la presentaci\u00f3n formal de cada uno de ellos, los legisladores consultaron respecto de diversos temas inherentes a cada uno de los cargos.<\/p>\n<p>En este sentido, requirieron precisiones respecto de la impronta que le otorgar\u00edan al cargo en el supuesto caso de ser elegidos; cu\u00e1l o cu\u00e1les a su juicio son las tem\u00e1ticas que consideran que deben ser mejorados; las expectativas personales y, entre otros temas, sus aportes o la mirada que ofrecer\u00edan desde el punto de vista de la perspectiva de g\u00e9nero.<\/p>\n<p>Cabe se\u00f1alar que la jornada de entrevistas continuar\u00e1 el Viernes, 17 de Noviembre y el Martes, 21 de Noviembre.<\/p>\n<p><span style=\"color: #800080;\"><strong>Entrevistados el Jueves, 16 de Noviembre<\/strong><\/span><\/p>\n<ul>\n<li>Para el cargo de Juez de C\u00e1mara (C\u00e1mara de Apelaci\u00f3n Civil Sala II), los abogados Ernesto Escobar; Marcelo Miguel Navas Baca y Carlos Daniel Pastor.<\/li>\n<li>Para el cargo de Juez de C\u00e1mara &#8211; Tribunal de Impugnaci\u00f3n, los abogados Fernando Roberto Castro; Ricardo Esteban Moine y Renato Dar\u00edo Roca.<\/li>\n<li>Para el cargo de Juez de Primera Instancia (Juzgado de Ejecuci\u00f3n Penal), los abogados Gustavo Antonio De la Fuente; Federico Emilio Zapata y Silvina Zogbe.<\/li>\n<li>Para cuatro cargos de Juez de Primera Instancia &#8211; Colegio de Jueces (fuero penal): Primera terna: los abogados Pablo Leonardo Le\u00f3n; Ivana del Carmen Salas y Leonardo Nelson Villalba. \/Segunda terna: los abogados Flavia Gabriela Allende; Fernando Jos\u00e9 Bonomo y Juan Manuel Garc\u00eda Castrill\u00f3n.<\/li>\n<\/ul>\n<p><strong><span style=\"color: #800080;\">Sobre la designaci\u00f3n de magistrados<\/span><\/strong><\/p>\n<p>Es oportuno recordar que, de acuerdo con la Constituci\u00f3n de la provincia son atribuciones de la C\u00e1mara de Diputados, a trav\u00e9s del art\u00edculo 150\u00b0, Inciso 27) \u201cDesignar a propuesta en terna del Consejo de la Magistratura a los Magistrados Judiciales, titulares del Ministerio P\u00fablico y Fiscal de Estado\u201d.<\/p>\n<figure id=\"attachment_37951\" aria-describedby=\"caption-attachment-37951\" style=\"width: 800px\" class=\"wp-caption alignnone\"><img loading=\"lazy\" decoding=\"async\" class=\"size-full wp-image-37951\" src=\"https:\/\/vocesparalelas.com.ar\/sitio\/wp-content\/uploads\/2021\/05\/CAMARA-EDIFICIO.jpg\" alt=\"\" width=\"800\" height=\"515\" srcset=\"https:\/\/vocesparalelas.com.ar\/sitio\/wp-content\/uploads\/2021\/05\/CAMARA-EDIFICIO.jpg 800w, https:\/\/vocesparalelas.com.ar\/sitio\/wp-content\/uploads\/2021\/05\/CAMARA-EDIFICIO-300x193.jpg 300w, https:\/\/vocesparalelas.com.ar\/sitio\/wp-content\/uploads\/2021\/05\/CAMARA-EDIFICIO-768x494.jpg 768w\" sizes=\"auto, (max-width: 800px) 100vw, 800px\" \/><figcaption id=\"caption-attachment-37951\" class=\"wp-caption-text\">Legislatura Provincial de San Juan, Rep\u00fablica Argentina<\/figcaption><\/figure>\n","protected":false},"excerpt":{"rendered":"<p>El Jueves, 16 de Noviembre de 2023, los legisladores integrantes de la comisi\u00f3n de Justicia y Seguridad de la C\u00e1mara<\/p>\n","protected":false},"author":3,"featured_media":65828,"comment_status":"closed","ping_status":"closed","sticky":false,"template":"","format":"standard","meta":{"_acf_changed":false,"_seopress_robots_primary_cat":"none","_seopress_titles_title":"","_seopress_titles_desc":"","_seopress_robots_index":"","colormag_page_container_layout":"default_layout","colormag_page_sidebar_layout":"default_layout","footnotes":""},"categories":[2],"tags":[],"class_list":["post-65825","post","type-post","status-publish","format-standard","has-post-thumbnail","hentry","category-convocatorias"],"acf":[],"_links":{"self":[{"href":"https:\/\/vocesparalelas.com.ar\/sitio\/wp-json\/wp\/v2\/posts\/65825","targetHints":{"allow":["GET"]}}],"collection":[{"href":"https:\/\/vocesparalelas.com.ar\/sitio\/wp-json\/wp\/v2\/posts"}],"about":[{"href":"https:\/\/vocesparalelas.com.ar\/sitio\/wp-json\/wp\/v2\/types\/post"}],"author":[{"embeddable":true,"href":"https:\/\/vocesparalelas.com.ar\/sitio\/wp-json\/wp\/v2\/users\/3"}],"replies":[{"embeddable":true,"href":"https:\/\/vocesparalelas.com.ar\/sitio\/wp-json\/wp\/v2\/comments?post=65825"}],"version-history":[{"count":1,"href":"https:\/\/vocesparalelas.com.ar\/sitio\/wp-json\/wp\/v2\/posts\/65825\/revisions"}],"predecessor-version":[{"id":65829,"href":"https:\/\/vocesparalelas.com.ar\/sitio\/wp-json\/wp\/v2\/posts\/65825\/revisions\/65829"}],"wp:featuredmedia":[{"embeddable":true,"href":"https:\/\/vocesparalelas.com.ar\/sitio\/wp-json\/wp\/v2\/media\/65828"}],"wp:attachment":[{"href":"https:\/\/vocesparalelas.com.ar\/sitio\/wp-json\/wp\/v2\/media?parent=65825"}],"wp:term":[{"taxonomy":"category","embeddable":true,"href":"https:\/\/vocesparalelas.com.ar\/sitio\/wp-json\/wp\/v2\/categories?post=65825"},{"taxonomy":"post_tag","embeddable":true,"href":"https:\/\/vocesparalelas.com.ar\/sitio\/wp-json\/wp\/v2\/tags?post=65825"}],"curies":[{"name":"wp","href":"https:\/\/api.w.org\/{rel}","templated":true}]}}