{"id":65821,"date":"2023-11-16T22:09:26","date_gmt":"2023-11-17T01:09:26","guid":{"rendered":"https:\/\/vocesparalelas.com.ar\/sitio\/?p=65821"},"modified":"2023-11-18T00:56:06","modified_gmt":"2023-11-18T03:56:06","slug":"50-aniversario-del-inaut-conicet-unsj-de-la-fi-de-la-unsj","status":"publish","type":"post","link":"https:\/\/vocesparalelas.com.ar\/sitio\/50-aniversario-del-inaut-conicet-unsj-de-la-fi-de-la-unsj\/","title":{"rendered":"50\u00b0 Aniversario del INAUT &#8211; CONICET &#8211; UNSJ de la FI de la UNSJ"},"content":{"rendered":"<p>El Instituto de Autom\u00e1tica &#8211; INAUT -, unidad de doble dependencia CONICET &#8211; UNSJ , cumple 50 a\u00f1os el 27 de Noviembre de 2023,\u00a0 desarrolla una serie de actividades e invita a la comunidad de San Juan a conocer su historia y a participar en diversos seminarios, charlas, exposiciones, ferias, jornadas de puertas abiertas a todo p\u00fablico, presentaciones de libros, mesas redondas y visitas guiadas a lugares de inter\u00e9s cient\u00edfico de la provincia de San Juan.<\/p>\n<p>El Instituto de Autom\u00e1tica INAUT fue creado en 1973 con la denominaci\u00f3n de Instituto de Autom\u00e1tica, Sistemas e Inform\u00e1tica &#8211; IASI &#8211; como un instituto de investigaci\u00f3n de la entonces Facultad de Ingenier\u00eda, Ciencias Exactas, F\u00edsicas y Naturales, de la Universidad Nacional de San Juan.<\/p>\n<p>En 1977 el IASI recibi\u00f3 el primer computador industrial &#8211; PDP11 &#8211; equipado con interfase para operar en tiempo real, y una computadora anal\u00f3gica de gran capacidad &#8211; EAI581.<\/p>\n<p>En 1985 se cambi\u00f3 la denominaci\u00f3n por Instituto de Autom\u00e1tica &#8211; INAUT.<\/p>\n<p>En 1989 se realizaron las primeras publicaciones en revistas con referato indexadas en el SCI y como resultado de investigaciones del INAUT.<\/p>\n<p>En 1993 sus investigadores obtuvieron el Premio Dr. Jos\u00e9 A. Balseiro del Ministerio de Cultura y Educaci\u00f3n de la Naci\u00f3n y el Foro de Ciencia y Tecnolog\u00eda para la Producci\u00f3n, a las iniciativas universitarias en innovaci\u00f3n tecnol\u00f3gica y vinculaci\u00f3n tecnol\u00f3gica entre Universidades Nacionales y los sectores de la producci\u00f3n y los servicios.<\/p>\n<p>En 1994 ganaron el Premio \u201cReconocimiento al M\u00e9rito\u201d otorgado por la Universidad Nacional de San Juan al Instituto de Autom\u00e1tica &#8211; INAUT &#8211; por el destacado desempe\u00f1o de sus actividades en el ciclo 1993-1994.<\/p>\n<p>En el 2012, el INAUT se constituy\u00f3 en la primera Unidad Ejecutora de Doble Dependencia de la Facultad de Ingenier\u00eda, al vincularse formalmente como dependiente del Consejo Nacional de Investigaciones Cient\u00edficas y T\u00e9cnicas &#8211; CONICET.<\/p>\n<p>A partir de mediados de los 80 comenz\u00f3 una fase de formaci\u00f3n de recursos humanos que incluye posgrados en el exterior y becarios internos de CONICET, as\u00ed como los primeros investigadores de CONICET.<\/p>\n<p>Una caracter\u00edstica de gesti\u00f3n del INAUT ha sido la integraci\u00f3n de los distintos grupos de trabajo en un accionar fuertemente cooperativo m\u00e1s que competitivo al interior del instituto.<\/p>\n<p>El INAUT enorgullece a la Facultad de Ingenier\u00eda, a la <span class=\"xt0psk2\">Universidad Nacional de San Juan <\/span>y a la provincia de San Juan porque hace 50 a\u00f1os contribuyendo al desarrollo social, cient\u00edfico y tecnol\u00f3gico de la Rep\u00fablica Argentina.<\/p>\n<p>Por ello, Voces Paralelas desarroll\u00f3 una entrevista period\u00edstica al Director del INAUT &#8211; CONICET &#8211; UNSJ, Dr. Vicente Mut, quien resalt\u00f3 las fortalezas del instituto tan prestigioso.<\/p>\n<p><iframe loading=\"lazy\" title=\"INAUT CONICET UNSJ DR VICENTE MUT\" width=\"800\" height=\"450\" src=\"https:\/\/www.youtube.com\/embed\/7QWgDF_1MxY?feature=oembed\" frameborder=\"0\" allow=\"accelerometer; autoplay; clipboard-write; encrypted-media; gyroscope; picture-in-picture; web-share\" allowfullscreen><\/iframe><\/p>\n<p><strong><span style=\"color: #99cc00;\">Programa<\/span><\/strong><\/p>\n<p><strong><span style=\"color: #99cc00;\">Lunes, 27 de Noviembre<\/span><\/strong><\/p>\n<ul>\n<li>11:30 Acto de aniversario INAUT, en el Rectorado UNSJ<\/li>\n<li>18:00 Taller: Malentendidos interculturales Lugar: Sala de conferencias del INAUT<\/li>\n<li>19:30 Feria gastron\u00f3mica cultural Lugar: Plaza seca Facultad de Ingenier\u00eda<\/li>\n<\/ul>\n<p><span style=\"color: #99cc00;\"><strong>Martes, 28 de Noviembre<\/strong><\/span><\/p>\n<ul>\n<li>9:30 Conferencia: Modelado basado en primeros principios aplicado a problemas de ingenier\u00eda Lugar. Rectorado UNSJ<\/li>\n<\/ul>\n<p><strong><span style=\"color: #99cc00;\">Mi\u00e9rcoles, 29 de Noviembre<\/span><\/strong><\/p>\n<ul>\n<li>9:00 a 12:00 hs.; Actividades de puertas abiertas Lugar: Plaza seca Facultad de Ingenier\u00eda de la UNSJ<\/li>\n<li>16:00 hs.; Conferencia: Inserci\u00f3n de los doctores en ingenier\u00eda en el sector productivo y de servicios. Lugar: Sala de conferencias del INAUT<\/li>\n<li>18:00 hs.; Jornada: Proyecci\u00f3n profesional de la mujer en la ingenier\u00eda. Lugar. Anexo Norte del INAUT<\/li>\n<\/ul>\n<p><strong><span style=\"color: #99cc00;\">Jueves, 30 de Noviembre<\/span><\/strong><\/p>\n<ul>\n<li>9:00 Presentaci\u00f3n del libro 50 a\u00f1os del INAUT, en la Sala de conferencias del INAUT<\/li>\n<li>10:30 hs.; Science SLAM: Exposiciones breves de las l\u00edneas de investigaci\u00f3n actuales, en la Sala de conferencias del INAUT<\/li>\n<li>15:45 hs.; Visita al centro ambiental Anchipurac Punto de encuentro: Entrada de la FI de la UNSJ<\/li>\n<\/ul>\n<p><span style=\"color: #99cc00;\"><strong>Viernes, 01 de Diciembre<\/strong><\/span><\/p>\n<ul>\n<li>8:30 Mesa redonda: Actualidad sobre las pol\u00edticas educativas en Latinoam\u00e9rica. Firma de convenios, en la Sala de conferencias del INAUT<\/li>\n<\/ul>\n<p>La comunidad del INAUT est\u00e1n felices por conmemorar 50 a\u00f1os siendo pioneros en investigaci\u00f3n y desarrollo tecnol\u00f3gico, 50 a\u00f1os de trabajo en equipo e intercambio cultural.<\/p>\n<p>&nbsp;<\/p>\n<p>&nbsp;<\/p>\n","protected":false},"excerpt":{"rendered":"<p>El Instituto de Autom\u00e1tica &#8211; INAUT -, unidad de doble dependencia CONICET &#8211; UNSJ , cumple 50 a\u00f1os el 27<\/p>\n","protected":false},"author":3,"featured_media":65801,"comment_status":"closed","ping_status":"closed","sticky":false,"template":"","format":"standard","meta":{"_acf_changed":false,"_seopress_robots_primary_cat":"none","_seopress_titles_title":"","_seopress_titles_desc":"","_seopress_robots_index":"","colormag_page_container_layout":"default_layout","colormag_page_sidebar_layout":"default_layout","footnotes":""},"categories":[10,7],"tags":[],"class_list":["post-65821","post","type-post","status-publish","format-standard","has-post-thumbnail","hentry","category-opiniones","category-videos"],"acf":[],"_links":{"self":[{"href":"https:\/\/vocesparalelas.com.ar\/sitio\/wp-json\/wp\/v2\/posts\/65821","targetHints":{"allow":["GET"]}}],"collection":[{"href":"https:\/\/vocesparalelas.com.ar\/sitio\/wp-json\/wp\/v2\/posts"}],"about":[{"href":"https:\/\/vocesparalelas.com.ar\/sitio\/wp-json\/wp\/v2\/types\/post"}],"author":[{"embeddable":true,"href":"https:\/\/vocesparalelas.com.ar\/sitio\/wp-json\/wp\/v2\/users\/3"}],"replies":[{"embeddable":true,"href":"https:\/\/vocesparalelas.com.ar\/sitio\/wp-json\/wp\/v2\/comments?post=65821"}],"version-history":[{"count":1,"href":"https:\/\/vocesparalelas.com.ar\/sitio\/wp-json\/wp\/v2\/posts\/65821\/revisions"}],"predecessor-version":[{"id":65824,"href":"https:\/\/vocesparalelas.com.ar\/sitio\/wp-json\/wp\/v2\/posts\/65821\/revisions\/65824"}],"wp:featuredmedia":[{"embeddable":true,"href":"https:\/\/vocesparalelas.com.ar\/sitio\/wp-json\/wp\/v2\/media\/65801"}],"wp:attachment":[{"href":"https:\/\/vocesparalelas.com.ar\/sitio\/wp-json\/wp\/v2\/media?parent=65821"}],"wp:term":[{"taxonomy":"category","embeddable":true,"href":"https:\/\/vocesparalelas.com.ar\/sitio\/wp-json\/wp\/v2\/categories?post=65821"},{"taxonomy":"post_tag","embeddable":true,"href":"https:\/\/vocesparalelas.com.ar\/sitio\/wp-json\/wp\/v2\/tags?post=65821"}],"curies":[{"name":"wp","href":"https:\/\/api.w.org\/{rel}","templated":true}]}}