{"id":65813,"date":"2023-11-16T22:35:27","date_gmt":"2023-11-17T01:35:27","guid":{"rendered":"https:\/\/vocesparalelas.com.ar\/sitio\/?p=65813"},"modified":"2023-11-18T10:41:40","modified_gmt":"2023-11-18T13:41:40","slug":"el-orgullo-de-recibir-el-premio-domingo-faustino-sarmiento-para-los-cientificos-de-san-juan","status":"publish","type":"post","link":"https:\/\/vocesparalelas.com.ar\/sitio\/el-orgullo-de-recibir-el-premio-domingo-faustino-sarmiento-para-los-cientificos-de-san-juan\/","title":{"rendered":"El orgullo de recibir el Premio Domingo Faustino Sarmiento para los cient\u00edficos de San Juan"},"content":{"rendered":"<p>En el Auditorio del Museo Provincial de Bellas Artes Franklin Rawson, la Secretar\u00eda de Estado de la Ciencia, Tecnolog\u00eda e Innovaci\u00f3n del Gobierno de San Juan realiz\u00f3 el acto de entrega del Premio Domingo Faustino Sarmiento a la Ciencia e innovaci\u00f3n.<\/p>\n<p>En la previa, Voces Paralelas desarroll\u00f3 una entrevista period\u00edstica al Secretario de Ciencia y T\u00e9cnica UNSJ, Dr. Ing. Eric Laciar Leber, quien resalt\u00f3 que hace 10 a\u00f1os que se entrega el Premio Domingo Faustino Sarmiento como una forma de estimular en la ciencia e innovaci\u00f3n por sus trabajos de tesis.<\/p>\n<p><iframe loading=\"lazy\" title=\"PDFS UNSJ SECYT DR ERIC LACIAR LEBER\" width=\"800\" height=\"450\" src=\"https:\/\/www.youtube.com\/embed\/SWgMMzmweQA?feature=oembed\" frameborder=\"0\" allow=\"accelerometer; autoplay; clipboard-write; encrypted-media; gyroscope; picture-in-picture; web-share\" allowfullscreen><\/iframe><\/p>\n<p>Luego, a la Secretaria de Estado de Ciencia, Tecnolog\u00eda e Innovaci\u00f3n del Gobierno de San Juan, Ing. Marita Benavente, quien remarc\u00f3 que es una forma de estimular la investigaci\u00f3n por parte de los j\u00f3venes profesionales u otros estudios de posgrado que permite trabajar en un proyecto interesante para la sociedad.<\/p>\n<p>&nbsp;<\/p>\n<p><iframe loading=\"lazy\" title=\"PDFS SECITI ING MARITA BENAVENTE\" width=\"800\" height=\"450\" src=\"https:\/\/www.youtube.com\/embed\/hI9m3mrNyWQ?feature=oembed\" frameborder=\"0\" allow=\"accelerometer; autoplay; clipboard-write; encrypted-media; gyroscope; picture-in-picture; web-share\" allowfullscreen><\/iframe><\/p>\n<p>&nbsp;<\/p>\n<p><img loading=\"lazy\" decoding=\"async\" class=\"alignnone size-full wp-image-65818\" src=\"https:\/\/vocesparalelas.com.ar\/sitio\/wp-content\/uploads\/2023\/11\/PREMIO-SARMIENTO-03.jpg\" alt=\"\" width=\"800\" height=\"533\" srcset=\"https:\/\/vocesparalelas.com.ar\/sitio\/wp-content\/uploads\/2023\/11\/PREMIO-SARMIENTO-03.jpg 800w, https:\/\/vocesparalelas.com.ar\/sitio\/wp-content\/uploads\/2023\/11\/PREMIO-SARMIENTO-03-300x200.jpg 300w, https:\/\/vocesparalelas.com.ar\/sitio\/wp-content\/uploads\/2023\/11\/PREMIO-SARMIENTO-03-768x512.jpg 768w\" sizes=\"auto, (max-width: 800px) 100vw, 800px\" \/><\/p>\n<p>El acto cont\u00f3 con la presencia de la Secretaria de Estado de Ciencia, Tecnolog\u00eda e Innovaci\u00f3n del Gobierno de San Juan, Ing. Marita Benavente, el Decano Facultad de Derecho y Cs. Sociales de la UCCuyo, Mg. Jos\u00e9 Luis L\u00f3pez Cervi\u00f1o, Decano Facultad de Filosof\u00eda y Humanidades de la UCCuyo, Dr. Leonardo David Videla, la Decana Facultad Cs Econ\u00f3micas y Empresariales de la UCCuyo, Cra. Mar\u00eda Alejandra Segovia, el Secretario de Ciencia y T\u00e9cnica UNSJ, Dr. Ing. Eric Laciar Leber, la Secretaria de Investigaci\u00f3n y Posgrado de la FCEFN, Dra. Jimena Trotteyn, Vicedecana a cargo del Decanato de la FCEFN de la UNSJ, Dra. Natalia Nu\u00f1ez, el Vicedecano de la FFHA de la UNSJ, Prof. Marcelo V\u00e1squez, la Subsecretaria de Promoci\u00f3n de la Actividad Cient\u00edfica y Tecnol\u00f3gica, Ing. Sandra Noriega\u00a0 y el Director de Promoci\u00f3n Cient\u00edfica y Cooperaci\u00f3n Internacional, Lic. Jorge Baletti<\/p>\n<p>Las tem\u00e1ticas fueron las siguientes, Agua y Medio Ambiente, Alimentos y Semillas, Miner\u00eda y Complejo Metalmec\u00e1nico Asociado, Ciencias de la Astronom\u00eda, Salud, Medicamentos y Dispositivos M\u00e9dicos, Energ\u00edas Renovables, Econom\u00eda 4.0, Estructura y Desarrollo del Trabajo, Gesti\u00f3n del Sector P\u00fablico, Planificaci\u00f3n Territorial e Infraestructura Local, Desaf\u00edos Sociales, Comunicaci\u00f3n, Educaci\u00f3n y Divulgaci\u00f3n Cient\u00edfica.<\/p>\n<p><strong><span style=\"color: #ff6600;\">Se entregaron 11 premios con el objetivo de reconocer la excelencia acad\u00e9mica<\/span><\/strong><\/p>\n<ul>\n<li>5 premios de $80.000 pesos para trabajos finales de carreras de grado.<\/li>\n<li>1 premio de $100.000 pesos para tesis de carreras de especializaci\u00f3n.<\/li>\n<li>1 premio de $120.000 pesos para tesis de carreras de maestr\u00eda.<\/li>\n<li>4 premios de $150.000 pesos para tesis de carreras de doctorado.<\/li>\n<\/ul>\n<p><strong><span style=\"color: #ff6600;\">Premiados en la Categor\u00eda Tesis de Carrera de Grado<\/span><\/strong><\/p>\n<ul>\n<li><strong><span style=\"color: #ff6600;\">Mar\u00eda Beatriz Arnedillo,<\/span><\/strong> Lic. y Prof. en Sociolog\u00eda de la UNSJ, t\u00edtulo del proyecto: Medio siglo de la carrera de Sociolog\u00eda en la provincia de San Juan. Un abordaje desde los trabajos finales de grado. 1965-2018. Director: Lic. Alejandro Jos\u00e9 Mar\u00eda Carelli. Codirectora: Lic. Nancy Elizabeth G\u00f3mez.<\/li>\n<li><strong><span style=\"color: #ff6600;\">Mar\u00eda Virginia C\u00f3rdoba,<\/span> <\/strong>Lic. en Sociolog\u00eda de la UNSJ, t\u00edtulo del proyecto: Mujeres y espacio p\u00fablico. Vida cotidiana de mujeres que habitan un \u00e1rea barrial del Gran San Juan. Directora: Mg. Mar\u00eda Luisa Graffigna. Codirectora: Mg. Mar\u00eda Bel\u00e9n Herrero Mart\u00edn.<\/li>\n<li><strong><span style=\"color: #ff6600;\">lara Ayl\u00e9n J\u00e1come Vidal,<\/span><\/strong> Lic. en Psicolog\u00eda UCCuyo, t\u00edtulo del proyecto: Funciones cognitivas, conductas compensatorias y autopercepci\u00f3n en conductores activos mayores de 64 a\u00f1os de la Provincia de San Juan. Directora: Dr. Diana Bruno. Codirectora: Lic. Mariana Zanino.<\/li>\n<li><span style=\"color: #ff6600;\"><strong>Mercedes Fabiana Vargas Perucca,<\/strong> <\/span>Ing. Agr\u00f3noma UNSJ, t\u00edtulo del proyecto: Desarrollo de un biofertilizante para la producci\u00f3n hort\u00edcola obtenido a partir del residuo de la industria cervecera artesanal. Directora: Dra. Mar\u00eda Victoria Mestre Furlani. Codirectora: Dra. Yolanda Paola Maturano.<\/li>\n<li><strong><span style=\"color: #ff6600;\">Yesica Noelia Jim\u00e9nez Puyg,<\/span><\/strong> CPN de la UCCuyo, t\u00edtulo del proyecto: Impacto econ\u00f3mico de la pandemia en el comercio de San Juan. Directora: CPN Mar\u00eda Bel\u00e9n Arias.<\/li>\n<\/ul>\n<p><strong><span style=\"color: #ff6600;\">Premiado en la Categor\u00eda Tesis de Carrera de Especializaci\u00f3n<\/span><\/strong><\/p>\n<ul>\n<li><strong><span style=\"color: #ff6600;\">Estefan\u00eda Andrea Gaillez Garay,<\/span><\/strong> Esp. en ense\u00f1anza de la educaci\u00f3n superior UCCuyo, t\u00edtulo del proyecto: Pr\u00e1cticas pedag\u00f3gicas y estilos de ense\u00f1anza: Un puente de articulaci\u00f3n entre educaci\u00f3n secundaria y educaci\u00f3n superior en estudiantes de primer a\u00f1o de una facultad de la UCCuyo. Directora: Mg. Paula Diana Bunge.<\/li>\n<\/ul>\n<p><strong><span style=\"color: #ff6600;\">Premiado en la Categor\u00eda Tesis de Carrera de Maestr\u00eda<\/span><\/strong><\/p>\n<ul>\n<li><strong><span style=\"color: #ff6600;\">Rosa Mar\u00eda Figueroa,<\/span> <\/strong>Mag. metodolog\u00eda de Investigaci\u00f3n. UNSJ, t\u00edtulo del proyecto: La incorporaci\u00f3n de las TIC como pol\u00edtica educativa en el nivel secundario en la provincia de San Juan. Director: Dr. Luis Garc\u00e9s.<\/li>\n<\/ul>\n<p><strong><span style=\"color: #ff6600;\">Premiado en la Categor\u00eda Tesis de Carrera de Doctorado<\/span><\/strong><\/p>\n<ul>\n<li><span style=\"color: #ff6600;\"><strong>Rosana Ver\u00f3nica Castillo,<\/strong> <\/span>Dra. en Geograf\u00eda UNSJ, t\u00edtulo del proyecto: Accesibilidad al espacio p\u00fablico de las personas con discapacidad motora y visual en un \u00e1rea urbana de la provincia de San Juan. Director: Dr. Jorge Amancio Pickenhayn.<\/li>\n<li><strong><span style=\"color: #ff6600;\">Mauricio Daniel Pi\u00f1eiro G\u00f3mez,<\/span><\/strong> Dr. en ciencias biol\u00f3gicas UNSJ, titulo del proyecto: Caracterizaci\u00f3n qu\u00edmica y estudio del efecto antiparasitario de especies de la flora nativa para tratar la enfermedad de chagas. Directora: Dra. Gabriela Egly F\u00e9resin. Codirector: Dr. Alejandro An\u00edbal Tapia.<\/li>\n<li><strong><span style=\"color: #ff6600;\">Mar\u00eda Ver\u00f3nica Bast\u00edas Torres,<\/span> <\/strong>Dr. en ciencias Geol\u00f3gicas UNSJ, titulo del proyecto: Metalog\u00e9nesis del dep\u00f3sito diseminado Morro del Cobre, Cordillera frontal de la provincia de San Juan. Directora: Dra. Nora Alicia Rubinstein. Codirectora: Dra. Lorena Previley.<\/li>\n<li><strong><span style=\"color: #ff6600;\">Ricardo Javier Villavicencio,<\/span><\/strong> Dr. en Geograf\u00eda UNSJ, t\u00edtulo del proyecto: La difusi\u00f3n espacial del COVID-19 en Argentina. \u00bfUn modelo esperado? Director: Dr. Jorge Amancio Pickenhayn.<\/li>\n<\/ul>\n<p><img loading=\"lazy\" decoding=\"async\" class=\"alignnone size-full wp-image-65817\" src=\"https:\/\/vocesparalelas.com.ar\/sitio\/wp-content\/uploads\/2023\/11\/PREMIO-SARMIENTO-02.jpg\" alt=\"\" width=\"800\" height=\"533\" srcset=\"https:\/\/vocesparalelas.com.ar\/sitio\/wp-content\/uploads\/2023\/11\/PREMIO-SARMIENTO-02.jpg 800w, https:\/\/vocesparalelas.com.ar\/sitio\/wp-content\/uploads\/2023\/11\/PREMIO-SARMIENTO-02-300x200.jpg 300w, https:\/\/vocesparalelas.com.ar\/sitio\/wp-content\/uploads\/2023\/11\/PREMIO-SARMIENTO-02-768x512.jpg 768w\" sizes=\"auto, (max-width: 800px) 100vw, 800px\" \/><\/p>\n","protected":false},"excerpt":{"rendered":"<p>En el Auditorio del Museo Provincial de Bellas Artes Franklin Rawson, la Secretar\u00eda de Estado de la Ciencia, Tecnolog\u00eda e<\/p>\n","protected":false},"author":3,"featured_media":65816,"comment_status":"closed","ping_status":"closed","sticky":false,"template":"","format":"standard","meta":{"_acf_changed":false,"_seopress_robots_primary_cat":"none","_seopress_titles_title":"","_seopress_titles_desc":"","_seopress_robots_index":"","colormag_page_container_layout":"default_layout","colormag_page_sidebar_layout":"default_layout","footnotes":""},"categories":[8,7],"tags":[],"class_list":["post-65813","post","type-post","status-publish","format-standard","has-post-thumbnail","hentry","category-concursos","category-videos"],"acf":[],"_links":{"self":[{"href":"https:\/\/vocesparalelas.com.ar\/sitio\/wp-json\/wp\/v2\/posts\/65813","targetHints":{"allow":["GET"]}}],"collection":[{"href":"https:\/\/vocesparalelas.com.ar\/sitio\/wp-json\/wp\/v2\/posts"}],"about":[{"href":"https:\/\/vocesparalelas.com.ar\/sitio\/wp-json\/wp\/v2\/types\/post"}],"author":[{"embeddable":true,"href":"https:\/\/vocesparalelas.com.ar\/sitio\/wp-json\/wp\/v2\/users\/3"}],"replies":[{"embeddable":true,"href":"https:\/\/vocesparalelas.com.ar\/sitio\/wp-json\/wp\/v2\/comments?post=65813"}],"version-history":[{"count":2,"href":"https:\/\/vocesparalelas.com.ar\/sitio\/wp-json\/wp\/v2\/posts\/65813\/revisions"}],"predecessor-version":[{"id":65820,"href":"https:\/\/vocesparalelas.com.ar\/sitio\/wp-json\/wp\/v2\/posts\/65813\/revisions\/65820"}],"wp:featuredmedia":[{"embeddable":true,"href":"https:\/\/vocesparalelas.com.ar\/sitio\/wp-json\/wp\/v2\/media\/65816"}],"wp:attachment":[{"href":"https:\/\/vocesparalelas.com.ar\/sitio\/wp-json\/wp\/v2\/media?parent=65813"}],"wp:term":[{"taxonomy":"category","embeddable":true,"href":"https:\/\/vocesparalelas.com.ar\/sitio\/wp-json\/wp\/v2\/categories?post=65813"},{"taxonomy":"post_tag","embeddable":true,"href":"https:\/\/vocesparalelas.com.ar\/sitio\/wp-json\/wp\/v2\/tags?post=65813"}],"curies":[{"name":"wp","href":"https:\/\/api.w.org\/{rel}","templated":true}]}}