{"id":65809,"date":"2023-11-16T21:30:59","date_gmt":"2023-11-17T00:30:59","guid":{"rendered":"https:\/\/vocesparalelas.com.ar\/sitio\/?p=65809"},"modified":"2023-11-18T10:41:05","modified_gmt":"2023-11-18T13:41:05","slug":"se-entrego-el-premio-a-la-innovacion-educativa-2023-de-la-fbsj-de-las-fundaciones-grupo-petersen","status":"publish","type":"post","link":"https:\/\/vocesparalelas.com.ar\/sitio\/se-entrego-el-premio-a-la-innovacion-educativa-2023-de-la-fbsj-de-las-fundaciones-grupo-petersen\/","title":{"rendered":"Se entreg\u00f3 el \u00abPremio a la Innovaci\u00f3n Educativa 2023\u00bb de la FBSJ de las Fundaciones Grupo Petersen"},"content":{"rendered":"<p>Durante la jornada del Mi\u00e9rcoles, 15 de Noviembre, llevada a cabo en la ciudad de San Juan, 8 escuelas presentaron sus propuestas enfocadas en Ciencias y Sustentabilidad, compitiendo por dos premios regionales, uno destinado al ciclo b\u00e1sico y otro al ciclo orientado.<\/p>\n<p>La Fundaci\u00f3n Banco San Juan dio a conocer los dos proyectos ganadores regionales de la cuarta edici\u00f3n del \u201cPremio a la Innovaci\u00f3n Educativa 2023\u201d, el programa, creado por Fundaciones Grupo Petersen \u2013 FGP &#8211; y dirigido a escuelas secundarias de San Juan, Santa Fe, Entre R\u00edos y Santa Cruz, que tiene por objetivo que las escuelas y sus docentes, centren al estudiante como protagonista del proceso educativo, fortaleciendo, a trav\u00e9s de instancias formativas, el camino de innovaci\u00f3n y transformaci\u00f3n, as\u00ed como el desarrollo de proyectos orientados a ciencias y sustentabilidad.<\/p>\n<p>Durante el acto, se dirigi\u00f3 a los presentes la vicepresidente de la Fundaci\u00f3n Banco San Juan, Dra. Hilda Callegaro, quien aconsej\u00f3 a los alumnos de las Escuelas participantes que el nivel acad\u00e9mico de todos los trabajos son de mucho valor porque todos ganaron. Lo m\u00e1s importante es agradecer a la comunidad educativa la apuesta a la educaci\u00f3n de San Juan.<\/p>\n<p><iframe loading=\"lazy\" title=\"FBSJ VICEPRESIDENTA DRA HILDA CALLEGARO\" width=\"800\" height=\"450\" src=\"https:\/\/www.youtube.com\/embed\/mOJ5ksPGa5Q?feature=oembed\" frameborder=\"0\" allow=\"accelerometer; autoplay; clipboard-write; encrypted-media; gyroscope; picture-in-picture; web-share\" allowfullscreen><\/iframe><\/p>\n<p>&nbsp;<\/p>\n<p>Luego, habl\u00f3 la Secretaria Ejecutiva de la Fundaci\u00f3n Banco San Juan, Prof. Laura Adamoli, quien destac\u00f3 la importancia de los desaf\u00edos de prepararse y la apuesta a la educaci\u00f3n. Luego, se produjo el anuncio de l proyecto ganador.<\/p>\n<p><iframe loading=\"lazy\" title=\"FBSJ SECRETARIA EJECUTIVA PROF LAURA ADAMOLI\" width=\"800\" height=\"450\" src=\"https:\/\/www.youtube.com\/embed\/WWPiGLqD5gM?feature=oembed\" frameborder=\"0\" allow=\"accelerometer; autoplay; clipboard-write; encrypted-media; gyroscope; picture-in-picture; web-share\" allowfullscreen><\/iframe><\/p>\n<p>&nbsp;<\/p>\n<p>Posteriormente, se anunci\u00f3 el otro proyecto ganador. donde en ambas instancias hubo l\u00e1grimas de alegr\u00eda y felicidad compartida en los distintos trayectos para lograr este momento.<\/p>\n<p><iframe loading=\"lazy\" title=\"FBSJ GANADOR\" width=\"800\" height=\"450\" src=\"https:\/\/www.youtube.com\/embed\/5vhMflDI7ZQ?feature=oembed\" frameborder=\"0\" allow=\"accelerometer; autoplay; clipboard-write; encrypted-media; gyroscope; picture-in-picture; web-share\" allowfullscreen><\/iframe><\/p>\n<p>&nbsp;<\/p>\n<p><strong><span style=\"color: #ff6600;\">Las 8 escuelas finalistas fueron:<\/span><\/strong><\/p>\n<ul>\n<li>Agroindustrial 25 de Mayo<\/li>\n<li>Agrot\u00e9cnica Cornelio Saavedra<\/li>\n<li>Colegio Integral Independencia<\/li>\n<li>Colegio San Pablo<\/li>\n<li>B. A. Houssay<\/li>\n<li>Escuela Educaci\u00f3n Secundaria 12 de Agosto<\/li>\n<li>Escuela Secundaria Alas Argentinas<\/li>\n<li>Nivel Medio de Niquivil<\/li>\n<\/ul>\n<p><span style=\"color: #ff6600;\">De las cuales resultaron dos proyectos ganadores:<\/span><\/p>\n<ul>\n<li>Biog\u00e1s, una alternativa para los desechos rurales y urbanos utilizando biodigestores- Colegio Integral Independencia- Rivadavia, Ciclo B\u00e1sico.<\/li>\n<\/ul>\n<p><img loading=\"lazy\" decoding=\"async\" class=\"alignnone size-full wp-image-65797\" src=\"https:\/\/vocesparalelas.com.ar\/sitio\/wp-content\/uploads\/2023\/11\/FBSJ-PREMIO-2023-02.jpg\" alt=\"\" width=\"800\" height=\"533\" srcset=\"https:\/\/vocesparalelas.com.ar\/sitio\/wp-content\/uploads\/2023\/11\/FBSJ-PREMIO-2023-02.jpg 800w, https:\/\/vocesparalelas.com.ar\/sitio\/wp-content\/uploads\/2023\/11\/FBSJ-PREMIO-2023-02-300x200.jpg 300w, https:\/\/vocesparalelas.com.ar\/sitio\/wp-content\/uploads\/2023\/11\/FBSJ-PREMIO-2023-02-768x512.jpg 768w\" sizes=\"auto, (max-width: 800px) 100vw, 800px\" \/><\/p>\n<ul>\n<li>Aislantes t\u00e9rmicos a partir de la reutilizaci\u00f3n de diferentes materiales- Colegio San Pablo- Capital (Ciclo Orientado<\/li>\n<\/ul>\n<p><img loading=\"lazy\" decoding=\"async\" class=\"alignnone size-full wp-image-65798\" src=\"https:\/\/vocesparalelas.com.ar\/sitio\/wp-content\/uploads\/2023\/11\/FBSJ-PREMIO-2023-03.jpg\" alt=\"\" width=\"800\" height=\"533\" srcset=\"https:\/\/vocesparalelas.com.ar\/sitio\/wp-content\/uploads\/2023\/11\/FBSJ-PREMIO-2023-03.jpg 800w, https:\/\/vocesparalelas.com.ar\/sitio\/wp-content\/uploads\/2023\/11\/FBSJ-PREMIO-2023-03-300x200.jpg 300w, https:\/\/vocesparalelas.com.ar\/sitio\/wp-content\/uploads\/2023\/11\/FBSJ-PREMIO-2023-03-768x512.jpg 768w\" sizes=\"auto, (max-width: 800px) 100vw, 800px\" \/><\/p>\n<p>La premiaci\u00f3n tuvo lugar en el Centro Cultural Conte Grand en el marco de una Feria de proyectos de Innovaci\u00f3n y Sustentabilidad.<\/p>\n<p>La feria representa un espacio de aprendizaje e intercambio entre pares, y tiene por objetivo fomentar el esp\u00edritu cr\u00edtico y la curiosidad de la comunidad educativa. Adem\u00e1s, hace posible la exposici\u00f3n de experiencias y la visibilizaci\u00f3n de proyectos elaborados por los participantes, en la etapa de formaci\u00f3n del programa.<\/p>\n<p>A trav\u00e9s del exclusivo Campus Educativo Virtual FGP, las instituciones llevaron a cabo una formaci\u00f3n de 6 meses en 3 \u00e1reas tem\u00e1ticas:<\/p>\n<ul>\n<li>Ciencias,<\/li>\n<li>Matem\u00e1tica y<\/li>\n<li>Tecnolog\u00eda,<\/li>\n<\/ul>\n<p>Orientadas a proyectos, con foco en el desarrollo de propuestas innovadoras y sustentables.<\/p>\n<p><span style=\"color: #ff6600;\"><strong>Jurado<\/strong><\/span><\/p>\n<p>Los proyectos fueron evaluados por un jurado conformado por<\/p>\n<ul>\n<li>Diego Golombek, Profesor plenario de la Universidad de San Andr\u00e9s, Investigador superior del CONICET;<\/li>\n<li>I\u00f1aki Maiztegui, Consultor en Gesti\u00f3n Ambiental, BIKOnsulting Argentina;<\/li>\n<li>Melania Ottaviano, Directora de la Diplomatura en Innovaci\u00f3n Educativa de la Universidad Siglo 21;<\/li>\n<li>Laura Mar\u00e9s, Coordinadora ejecutiva en Fundaci\u00f3n Sadosky;<\/li>\n<li>V\u00edctor Volman, Director del Observatorio Argentinos por la Educaci\u00f3n.<\/li>\n<\/ul>\n<p>Los dos ganadores recibieron un premio de $1.500.000, un mill\u00f3n quinientos mil pesos, cada uno.<\/p>\n<p>Estuvieron presentes en el encuentro las escuelas finalistas, junto a la Dra. Hilda Callegaro, Vicepresidente de Fundaci\u00f3n Banco San Juan, Prof. Laura Adamoli, Secretaria Ejecutiva de la Fundaci\u00f3n. Tambi\u00e9n participaron autoridades de Banco San Juan y del Ministerio de Educaci\u00f3n.<\/p>\n<p><span style=\"color: #ff6600;\"><strong>Para obtener m\u00e1s informaci\u00f3n del programa ingresar a: <\/strong><\/span><\/p>\n<p><a href=\"https:\/\/www.premiofgpinnovacioneducativa.com.ar\/\">https:\/\/www.premiofgpinnovacioneducativa.com.ar\/<\/a><\/p>\n<p>&nbsp;<\/p>\n<p><img loading=\"lazy\" decoding=\"async\" class=\"alignnone size-full wp-image-62858\" src=\"https:\/\/vocesparalelas.com.ar\/sitio\/wp-content\/uploads\/2023\/08\/FBSJ-LOGO-01.jpg\" alt=\"\" width=\"800\" height=\"219\" srcset=\"https:\/\/vocesparalelas.com.ar\/sitio\/wp-content\/uploads\/2023\/08\/FBSJ-LOGO-01.jpg 800w, https:\/\/vocesparalelas.com.ar\/sitio\/wp-content\/uploads\/2023\/08\/FBSJ-LOGO-01-300x82.jpg 300w, https:\/\/vocesparalelas.com.ar\/sitio\/wp-content\/uploads\/2023\/08\/FBSJ-LOGO-01-768x210.jpg 768w\" sizes=\"auto, (max-width: 800px) 100vw, 800px\" \/><\/p>\n<p>El programa, creado en 2020 por FGP, contribuye a la ense\u00f1anza de contenidos innovadores en instituciones educativas de nivel secundario, desde una perspectiva centrada en el desarrollo de proyectos interdisciplinarios, con el fin de integrar saberes, desarrollar capacidades y promover un aprendizaje profundo y significativo.<\/p>\n<p><img loading=\"lazy\" decoding=\"async\" class=\"alignnone size-full wp-image-65799\" src=\"https:\/\/vocesparalelas.com.ar\/sitio\/wp-content\/uploads\/2023\/11\/FBSJ-PREMIO-2023-04.jpg\" alt=\"\" width=\"800\" height=\"533\" srcset=\"https:\/\/vocesparalelas.com.ar\/sitio\/wp-content\/uploads\/2023\/11\/FBSJ-PREMIO-2023-04.jpg 800w, https:\/\/vocesparalelas.com.ar\/sitio\/wp-content\/uploads\/2023\/11\/FBSJ-PREMIO-2023-04-300x200.jpg 300w, https:\/\/vocesparalelas.com.ar\/sitio\/wp-content\/uploads\/2023\/11\/FBSJ-PREMIO-2023-04-768x512.jpg 768w\" sizes=\"auto, (max-width: 800px) 100vw, 800px\" \/><\/p>\n","protected":false},"excerpt":{"rendered":"<p>Durante la jornada del Mi\u00e9rcoles, 15 de Noviembre, llevada a cabo en la ciudad de San Juan, 8 escuelas presentaron<\/p>\n","protected":false},"author":3,"featured_media":65796,"comment_status":"closed","ping_status":"closed","sticky":false,"template":"","format":"standard","meta":{"_acf_changed":false,"_seopress_robots_primary_cat":"none","_seopress_titles_title":"","_seopress_titles_desc":"","_seopress_robots_index":"","colormag_page_container_layout":"default_layout","colormag_page_sidebar_layout":"default_layout","footnotes":""},"categories":[8,7],"tags":[],"class_list":["post-65809","post","type-post","status-publish","format-standard","has-post-thumbnail","hentry","category-concursos","category-videos"],"acf":[],"_links":{"self":[{"href":"https:\/\/vocesparalelas.com.ar\/sitio\/wp-json\/wp\/v2\/posts\/65809","targetHints":{"allow":["GET"]}}],"collection":[{"href":"https:\/\/vocesparalelas.com.ar\/sitio\/wp-json\/wp\/v2\/posts"}],"about":[{"href":"https:\/\/vocesparalelas.com.ar\/sitio\/wp-json\/wp\/v2\/types\/post"}],"author":[{"embeddable":true,"href":"https:\/\/vocesparalelas.com.ar\/sitio\/wp-json\/wp\/v2\/users\/3"}],"replies":[{"embeddable":true,"href":"https:\/\/vocesparalelas.com.ar\/sitio\/wp-json\/wp\/v2\/comments?post=65809"}],"version-history":[{"count":1,"href":"https:\/\/vocesparalelas.com.ar\/sitio\/wp-json\/wp\/v2\/posts\/65809\/revisions"}],"predecessor-version":[{"id":65812,"href":"https:\/\/vocesparalelas.com.ar\/sitio\/wp-json\/wp\/v2\/posts\/65809\/revisions\/65812"}],"wp:featuredmedia":[{"embeddable":true,"href":"https:\/\/vocesparalelas.com.ar\/sitio\/wp-json\/wp\/v2\/media\/65796"}],"wp:attachment":[{"href":"https:\/\/vocesparalelas.com.ar\/sitio\/wp-json\/wp\/v2\/media?parent=65809"}],"wp:term":[{"taxonomy":"category","embeddable":true,"href":"https:\/\/vocesparalelas.com.ar\/sitio\/wp-json\/wp\/v2\/categories?post=65809"},{"taxonomy":"post_tag","embeddable":true,"href":"https:\/\/vocesparalelas.com.ar\/sitio\/wp-json\/wp\/v2\/tags?post=65809"}],"curies":[{"name":"wp","href":"https:\/\/api.w.org\/{rel}","templated":true}]}}