{"id":65788,"date":"2023-11-15T18:26:44","date_gmt":"2023-11-15T21:26:44","guid":{"rendered":"https:\/\/vocesparalelas.com.ar\/sitio\/?p=65788"},"modified":"2023-11-17T00:40:17","modified_gmt":"2023-11-17T03:40:17","slug":"feria-agroproductiva-de-san-juan-10","status":"publish","type":"post","link":"https:\/\/vocesparalelas.com.ar\/sitio\/feria-agroproductiva-de-san-juan-10\/","title":{"rendered":"Feria Agroproductiva de San Juan"},"content":{"rendered":"<p>El S\u00e1bado, 18 de Noviembre, los interesados pueden adquirir frutas, verduras, productos org\u00e1nicos, huevos, aceites, conservas, plantas y dem\u00e1s productos en una nueva edici\u00f3n de la Feria Agroproductiva. En el Paseo de las Palmeras del Parque de Mayo, m\u00e1s de 100 productores acudir\u00e1n a comercializar sus productos.<\/p>\n<p>El lugar se encuentra ubicado en inmediaciones de calle San Luis y Urquiza. Dicha actividad se desarrollar\u00e1 de 9 a 14 horas.<\/p>\n<p>Los asistentes a este encuentro pueden realizar compras de calidad y adem\u00e1s, realizar Yoga de la mano de la Asociaci\u00f3n Sanjuanina de Yoga, disfrutar de m\u00fasica y sorteos de productos de los feriantes.<\/p>\n<p>Esta iniciativa surge del Ministerio de Producci\u00f3n y Desarrollo Econ\u00f3mico a trav\u00e9s de la Secretar\u00eda de Agricultura, Ganader\u00eda y Agroindustria en coordinaci\u00f3n con la Direcci\u00f3n de Desarrollo Agr\u00edcola.<\/p>\n<p><span style=\"color: #339966;\"><strong>Sobre la Feria Agroproductiva<\/strong><\/span><\/p>\n<p>Este evento naci\u00f3 como una actividad para celebrar el D\u00eda del Productor, que se conmemora en el mes de septiembre. Debido al gran \u00e9xito que tuvo esa primera edici\u00f3n, es que se decidi\u00f3 su continuidad con una fecha fija. Esto la convierte en una alternativa de inter\u00e9s no s\u00f3lo desde el punto de vista econ\u00f3mico para los productores, sino tambi\u00e9n genera la posibilidad para el consumidor de recibir productos de calidad a precios m\u00e1s accesibles.<\/p>\n","protected":false},"excerpt":{"rendered":"<p>El S\u00e1bado, 18 de Noviembre, los interesados pueden adquirir frutas, verduras, productos org\u00e1nicos, huevos, aceites, conservas, plantas y dem\u00e1s productos<\/p>\n","protected":false},"author":3,"featured_media":26832,"comment_status":"closed","ping_status":"closed","sticky":false,"template":"","format":"standard","meta":{"_acf_changed":false,"_seopress_robots_primary_cat":"none","_seopress_titles_title":"","_seopress_titles_desc":"","_seopress_robots_index":"","colormag_page_container_layout":"default_layout","colormag_page_sidebar_layout":"default_layout","footnotes":""},"categories":[6],"tags":[],"class_list":["post-65788","post","type-post","status-publish","format-standard","has-post-thumbnail","hentry","category-eventos"],"acf":[],"_links":{"self":[{"href":"https:\/\/vocesparalelas.com.ar\/sitio\/wp-json\/wp\/v2\/posts\/65788","targetHints":{"allow":["GET"]}}],"collection":[{"href":"https:\/\/vocesparalelas.com.ar\/sitio\/wp-json\/wp\/v2\/posts"}],"about":[{"href":"https:\/\/vocesparalelas.com.ar\/sitio\/wp-json\/wp\/v2\/types\/post"}],"author":[{"embeddable":true,"href":"https:\/\/vocesparalelas.com.ar\/sitio\/wp-json\/wp\/v2\/users\/3"}],"replies":[{"embeddable":true,"href":"https:\/\/vocesparalelas.com.ar\/sitio\/wp-json\/wp\/v2\/comments?post=65788"}],"version-history":[{"count":2,"href":"https:\/\/vocesparalelas.com.ar\/sitio\/wp-json\/wp\/v2\/posts\/65788\/revisions"}],"predecessor-version":[{"id":65792,"href":"https:\/\/vocesparalelas.com.ar\/sitio\/wp-json\/wp\/v2\/posts\/65788\/revisions\/65792"}],"wp:featuredmedia":[{"embeddable":true,"href":"https:\/\/vocesparalelas.com.ar\/sitio\/wp-json\/wp\/v2\/media\/26832"}],"wp:attachment":[{"href":"https:\/\/vocesparalelas.com.ar\/sitio\/wp-json\/wp\/v2\/media?parent=65788"}],"wp:term":[{"taxonomy":"category","embeddable":true,"href":"https:\/\/vocesparalelas.com.ar\/sitio\/wp-json\/wp\/v2\/categories?post=65788"},{"taxonomy":"post_tag","embeddable":true,"href":"https:\/\/vocesparalelas.com.ar\/sitio\/wp-json\/wp\/v2\/tags?post=65788"}],"curies":[{"name":"wp","href":"https:\/\/api.w.org\/{rel}","templated":true}]}}