{"id":65777,"date":"2023-11-15T20:47:06","date_gmt":"2023-11-15T23:47:06","guid":{"rendered":"https:\/\/vocesparalelas.com.ar\/sitio\/?p=65777"},"modified":"2023-11-17T01:18:48","modified_gmt":"2023-11-17T04:18:48","slug":"exposicion-documental-pablo-ramella-testimonios-de-fe-pensamiento-y-accion-en-el-mhu-de-san-juan","status":"publish","type":"post","link":"https:\/\/vocesparalelas.com.ar\/sitio\/exposicion-documental-pablo-ramella-testimonios-de-fe-pensamiento-y-accion-en-el-mhu-de-san-juan\/","title":{"rendered":"Exposici\u00f3n documental \u201cPablo Ramella, Testimonios de Fe, Pensamiento y Acci\u00f3n\u201d en el MHU de San Juan"},"content":{"rendered":"<div class=\"itemFullText jbintrotext\">\n<p>El vicegobernador de la provincia, CPN Roberto Gattoni dej\u00f3 inaugurada la exposici\u00f3n documental \u201cPablo Ramella, Testimonios de Fe, Pensamiento y Acci\u00f3n\u201d, realizada por la C\u00e1mara de Diputados en base a la colecci\u00f3n documental del destacado jurista argentino, que la propia familia Ramella resolvi\u00f3 donar para su custodia y preservaci\u00f3n a la Legislatura de San Juan.<\/p>\n<\/div>\n<div class=\"itemFullText\">\n<p>La exposici\u00f3n documental tiene lugar en el Museo de la Historia Urbana y se extiende hasta el 20 de Noviembre. En la oportunidad asistieron las diputadas provinciales Dra. Celina Ramella y Dra. Fernanda Paredes y el legislador Mario Romero; el intendente municipal de la ciudad de San Juan, Dr. Emilio Baistrocchi; representantes de la familia Ramella.<\/p>\n<p><img loading=\"lazy\" decoding=\"async\" class=\"alignnone size-full wp-image-65781\" src=\"https:\/\/vocesparalelas.com.ar\/sitio\/wp-content\/uploads\/2023\/11\/CDSJ-RAMELA-O2.jpg\" alt=\"\" width=\"800\" height=\"498\" srcset=\"https:\/\/vocesparalelas.com.ar\/sitio\/wp-content\/uploads\/2023\/11\/CDSJ-RAMELA-O2.jpg 800w, https:\/\/vocesparalelas.com.ar\/sitio\/wp-content\/uploads\/2023\/11\/CDSJ-RAMELA-O2-300x187.jpg 300w, https:\/\/vocesparalelas.com.ar\/sitio\/wp-content\/uploads\/2023\/11\/CDSJ-RAMELA-O2-768x478.jpg 768w\" sizes=\"auto, (max-width: 800px) 100vw, 800px\" \/><\/p>\n<p>Sobre el particular, la C\u00e1mara de Diputados presenta en esta exposici\u00f3n documental, aspectos relevantes de la vida social y pol\u00edtica de nuestra provincia durante el siglo XX, desde la aguda perspectiva de uno de sus protagonistas fundamentales.<\/p>\n<p>En la ocasi\u00f3n, hizo uso de la palabra el director de Relaciones con la Comunidad, Ubaldo Hidalgo, quien tras destacar la personalidad del doctor Pablo Ramella, hizo hincapi\u00e9 en la exposici\u00f3n y expres\u00f3 el agradecimiento a la familia por la donaci\u00f3n llevada a cabo.<\/p>\n<p>En representaci\u00f3n de la familia expres\u00f3 unos conceptos la diputada Dra. Celina Ramella, para resaltar la emoci\u00f3n que representaba para ella y el resto de sus familiares asistir a la inauguraci\u00f3n de esta muestra y que representaba un homenaje para su abuelo, Dr. Pablo Ramella, el reconocido abogado constitucionalista, jurista, juez, docente, escritor, un hombre de activa militancia cat\u00f3lica y justicialista. Quien tambi\u00e9n entre otras funciones fue elegido senador nacional, convencional constituyente en 1949, ministro de Gobierno de la provincia y ministro de la Corte Suprema de Justicia de la Naci\u00f3n.<\/p>\n<p>A continuaci\u00f3n, resalt\u00f3 la trayectoria del Dr. Pablo Ramella, el intendente de la Municipalidad de la ciudad de San Juan, Dr. Emilio Baistrocchi.<\/p>\n<p>Finalmente, el vicegobernador CPN Roberto Gattoni marc\u00f3 la importancia del camino desplegado por el doctor Pablo Ramella, una figura fundamental para la provincia de San Juan por su enorme y trascendente aporte como jurista, como constitucionalista, autor de numerosas obras y quien se\u00f1al\u00f3 brind\u00f3 un importante servicio tanto a la provincia de San Juan como a la Rep\u00fablica Argentina.<\/p>\n<p><strong><span style=\"color: #800080;\">Sobre la muestra<\/span><\/strong><\/p>\n<p>La muestra est\u00e1 basada en testimonios, im\u00e1genes y documentos de la Colecci\u00f3n Ramella, cedida en forma generosa por sus descendientes para integrar el patrimonio documental del Archivo Hist\u00f3rico del Poder Legislativo, en el marco de la conmemoraci\u00f3n del 40\u00b0 aniversario de la Democracia Ininterrumpida en la Argentina.<\/p>\n<p>La Colecci\u00f3n Ramella es un aporte al conocimiento de la historia de San Juan, por la rigurosidad archiv\u00edstica con que fue concebida y la pluralidad de miradas que expresan diversas personalidades de la \u00e9poca, en su correspondencia personal con el Dr. Pablo Ramella, todo ello referenciado en el s\u00f3lido trabajo historiogr\u00e1fico de su autobiograf\u00eda.<\/p>\n<p>En tal sentido, los m\u00f3dulos expositivos son los siguientes:<\/p>\n<ol>\n<li>Nacer con el siglo XX (1906 a 1930) \u2013 Testimonio de su hija Susana Ramella de Jefferis<\/li>\n<li>San Juan. Un lugar en el mundo. \u2013 Testimonio del presb\u00edtero Dr. Jos\u00e9 Juan Garc\u00eda, ex p\u00e1rroco de la Iglesia Nuestra Se\u00f1ora de la Merced.<\/li>\n<li>Su militancia pol\u00edtica. \u2013 Testimonio del senador nacional (MC) Dr. C\u00e9sar Gioja, compa\u00f1ero de f\u00f3rmula en las elecciones de octubre de 1983.<\/li>\n<li>Sembrando vocaciones. \u2013 Testimonio del Dr. Gerardo Tripolone. Docente e investigador en temas jur\u00eddicos constitucionales, autor de varios libros sobre el pensamiento pol\u00edtico del Dr. Pablo Ramella.<\/li>\n<\/ol>\n<\/div>\n","protected":false},"excerpt":{"rendered":"<p>El vicegobernador de la provincia, CPN Roberto Gattoni dej\u00f3 inaugurada la exposici\u00f3n documental \u201cPablo Ramella, Testimonios de Fe, Pensamiento y<\/p>\n","protected":false},"author":3,"featured_media":65780,"comment_status":"closed","ping_status":"closed","sticky":false,"template":"","format":"standard","meta":{"_acf_changed":false,"_seopress_robots_primary_cat":"none","_seopress_titles_title":"","_seopress_titles_desc":"","_seopress_robots_index":"","colormag_page_container_layout":"default_layout","colormag_page_sidebar_layout":"default_layout","footnotes":""},"categories":[6],"tags":[],"class_list":["post-65777","post","type-post","status-publish","format-standard","has-post-thumbnail","hentry","category-eventos"],"acf":[],"_links":{"self":[{"href":"https:\/\/vocesparalelas.com.ar\/sitio\/wp-json\/wp\/v2\/posts\/65777","targetHints":{"allow":["GET"]}}],"collection":[{"href":"https:\/\/vocesparalelas.com.ar\/sitio\/wp-json\/wp\/v2\/posts"}],"about":[{"href":"https:\/\/vocesparalelas.com.ar\/sitio\/wp-json\/wp\/v2\/types\/post"}],"author":[{"embeddable":true,"href":"https:\/\/vocesparalelas.com.ar\/sitio\/wp-json\/wp\/v2\/users\/3"}],"replies":[{"embeddable":true,"href":"https:\/\/vocesparalelas.com.ar\/sitio\/wp-json\/wp\/v2\/comments?post=65777"}],"version-history":[{"count":2,"href":"https:\/\/vocesparalelas.com.ar\/sitio\/wp-json\/wp\/v2\/posts\/65777\/revisions"}],"predecessor-version":[{"id":65783,"href":"https:\/\/vocesparalelas.com.ar\/sitio\/wp-json\/wp\/v2\/posts\/65777\/revisions\/65783"}],"wp:featuredmedia":[{"embeddable":true,"href":"https:\/\/vocesparalelas.com.ar\/sitio\/wp-json\/wp\/v2\/media\/65780"}],"wp:attachment":[{"href":"https:\/\/vocesparalelas.com.ar\/sitio\/wp-json\/wp\/v2\/media?parent=65777"}],"wp:term":[{"taxonomy":"category","embeddable":true,"href":"https:\/\/vocesparalelas.com.ar\/sitio\/wp-json\/wp\/v2\/categories?post=65777"},{"taxonomy":"post_tag","embeddable":true,"href":"https:\/\/vocesparalelas.com.ar\/sitio\/wp-json\/wp\/v2\/tags?post=65777"}],"curies":[{"name":"wp","href":"https:\/\/api.w.org\/{rel}","templated":true}]}}