{"id":65751,"date":"2023-11-14T23:32:59","date_gmt":"2023-11-15T02:32:59","guid":{"rendered":"https:\/\/vocesparalelas.com.ar\/sitio\/?p=65751"},"modified":"2023-11-17T00:39:21","modified_gmt":"2023-11-17T03:39:21","slug":"comunicado-del-sistema-universitario-publico-argentino-del-cin","status":"publish","type":"post","link":"https:\/\/vocesparalelas.com.ar\/sitio\/comunicado-del-sistema-universitario-publico-argentino-del-cin\/","title":{"rendered":"Comunicado del Sistema Universitario P\u00fablico argentino del CIN"},"content":{"rendered":"<p>El Consejo Interuniversitario Nacional, organismo que re\u00fane a Rectores y Rectoras de las Universidades argentinas, emiti\u00f3 el Comunicado del sistema universitario p\u00fablico argentino\u201d, que reivindica fuertemente la Universidad p\u00fablica, la ciencia p\u00fablica y la presencia del Estado.<\/p>\n<p>\u00abSin dudas, las universidades p\u00fablicas argentinas transforman las vidas de las personas, de sus familias y de las comunidades en las que se asientan. En los laboratorios, las bibliotecas y los talleres de las universidades se generan la ciencia, la tecnolog\u00eda y el arte para desarrollar \u00e1reas estrat\u00e9gicas del pa\u00eds. En las aulas de las universidades se construye libremente el conocimiento que enriquece los acuerdos y debates de la Argentina del presente y del futuro.<\/p>\n<p>Las universidades p\u00fablicas argentinas estuvieron siempre. En los momentos de crecimiento y en las crisis.<\/p>\n<p>A pesar de estos vaivenes, en los \u00faltimos 40 a\u00f1os, desde el retorno de la democracia a la Argentina, el sistema universitario se expandi\u00f3 como nunca: hay una o m\u00e1s universidades en todas las provincias. De los 300.000 estudiantes universitarios en 1983 se pas\u00f3 a m\u00e1s de 2.000.000 en 2023. Las empresas, el sector p\u00fablico y las organizaciones de la sociedad civil, de la Argentina y del mundo, saben que un\/a universitario\/a argentino\/a es un\/a profesional bien formado\/a, en lo disciplinar y en lo \u00e9tico.<\/p>\n<p>La expansi\u00f3n y consolidaci\u00f3n del sistema universitario p\u00fablico permiten afirmar que, en estos 40 a\u00f1os de democracia, las universidades p\u00fablicas han sido un claro ejemplo de institucionalidad, construcci\u00f3n democr\u00e1tica, destacada formaci\u00f3n profesional con conciencia cr\u00edtica y compromiso social y respeto por los derechos humanos. En la Argentina todos los sectores vinculados al desarrollo humano y productivo incluyen investigaci\u00f3n b\u00e1sica y aplicada generada en las universidades. En las escuelas, en los hospitales, en las f\u00e1bricas, en los comercios, en el campo, en los escenarios, en el mar, en el espacio, en cada casa: las y los profesionales, el conocimiento, el arte y la tecnolog\u00eda que salen de las universidades est\u00e1n en todos lados y son parte de la vida cotidiana de los 47.000.000 de argentinos y argentinas.<\/p>\n<p>Es \u00e9tico, tiene sentido. En las universidades p\u00fablicas, diversas, heterog\u00e9neas, hoy se generan las condiciones para comprender y formar parte de un mundo cada vez m\u00e1s complejo, en el que el conocimiento se ha constituido como el principal vector de cambios y transformaciones, representando un factor de desarrollo en s\u00ed mismo. A la soja, al litio y a Vaca Muerta hay que agregarle conocimiento para exportar valor agregado. Es la educaci\u00f3n superior de calidad la que producir\u00e1 m\u00e1s desarrollo en la Argentina.<\/p>\n<p>Las universidades consolidaron, adem\u00e1s, un sistema de producci\u00f3n de conocimiento y de ciencia que excede a sus actores. No importa qui\u00e9n es el rector o rectora, no importa la orientaci\u00f3n pol\u00edtica de sus centros de estudiantes: son instituciones democr\u00e1ticas, aut\u00f3nomas, plurales que se proyectan hacia el futuro asumiendo su responsabilidad social y reconociendo las necesidades de la comunidad. Donde el cogobierno nos invita al di\u00e1logo, al respeto y a comprender que muchas veces la soluci\u00f3n la aporta el otro.<\/p>\n<p>Las universidades p\u00fablicas, como lo demostraron en estos \u00faltimos a\u00f1os, por ejemplo, frente a una pandemia a escala global, presentan altos niveles de interacci\u00f3n interinstitucional y con todos los sectores de la sociedad. Son, adem\u00e1s, muy efectivas en inducir un alto nivel de productividad para resolver problemas, generando respuestas originales e innovadoras.<\/p>\n<p>Las universidades p\u00fablicas no defienden intereses corporativos y est\u00e1n todo el tiempo siendo evaluadas. Sus principales evaluadores son sus destinatarios m\u00e1s directos: las y los estudiantes que las eligen. Sosteniendo los principios que lo hicieron valioso en Argentina y en el mundo, el sistema universitario inici\u00f3 un proceso de transformaci\u00f3n que tiene al estudiante en el centro: adecuaci\u00f3n de las carreras, titulaciones intermedias, modalidad de cursada h\u00edbrida, formaciones profesionales acordes las necesidades territoriales y sistemas de cr\u00e9ditos que facilitan la trayectoria del estudiante. Sin resignar, en ning\u00fan caso, la calidad en la ense\u00f1anza. No se trata de un proyecto para implementar en el futuro: ya est\u00e1 ocurriendo.<\/p>\n<p>Consolidando lo construido, transformando el presente y el futuro, comprometidas con las necesidades del pa\u00eds y sus posibilidades de desarrollo, las universidades p\u00fablicas queremos una Argentina con m\u00e1s educaci\u00f3n p\u00fablica de calidad, sin aranceles que expulsen a estudiantes ni pol\u00edticas educativas mercantilistas que piensen en la educaci\u00f3n como un bien transable, que condene al pa\u00eds a una mayor desigualdad y exclusi\u00f3n de amplios sectores sociales.<\/p>\n<p>Es con m\u00e1s becas y no con \u201cvouchers\u201d. Es con m\u00e1s universidades p\u00fablicas y no con aranceles. Es con m\u00e1s carreras acordes a las necesidades de las y los estudiantes y no con menos carreras solo para quienes puedan pagarlas. Es con m\u00e1s cient\u00edficas y cient\u00edficos investigando y no con laboratorios vac\u00edos. Es con m\u00e1s educaci\u00f3n universitaria p\u00fablica, con m\u00e1s conocimiento, con m\u00e1s ciencia y con m\u00e1s arte como la Argentina encontrar\u00e1 la senda del desarrollo permanente.<\/p>\n<p>Es con m\u00e1s Estado, eficiente y bien gestionado, y no es por nosotras y nosotros, es por las generaciones que vienen, para que tengan las mismas oportunidades que tuvimos gracias a una pol\u00edtica de Estado que las y los universitarias y universitarios proponemos sostener\u00bb.<\/p>\n<p style=\"text-align: right;\"><em>Consejo Interuniversitario Nacional<\/em><br \/>\n<em>14 de noviembre de 2023<\/em><\/p>\n<p>&nbsp;<\/p>\n","protected":false},"excerpt":{"rendered":"<p>El Consejo Interuniversitario Nacional, organismo que re\u00fane a Rectores y Rectoras de las Universidades argentinas, emiti\u00f3 el Comunicado del sistema<\/p>\n","protected":false},"author":3,"featured_media":39977,"comment_status":"closed","ping_status":"closed","sticky":false,"template":"","format":"standard","meta":{"_acf_changed":false,"_seopress_robots_primary_cat":"none","_seopress_titles_title":"","_seopress_titles_desc":"","_seopress_robots_index":"","colormag_page_container_layout":"default_layout","colormag_page_sidebar_layout":"default_layout","footnotes":""},"categories":[10],"tags":[],"class_list":["post-65751","post","type-post","status-publish","format-standard","has-post-thumbnail","hentry","category-opiniones"],"acf":[],"_links":{"self":[{"href":"https:\/\/vocesparalelas.com.ar\/sitio\/wp-json\/wp\/v2\/posts\/65751","targetHints":{"allow":["GET"]}}],"collection":[{"href":"https:\/\/vocesparalelas.com.ar\/sitio\/wp-json\/wp\/v2\/posts"}],"about":[{"href":"https:\/\/vocesparalelas.com.ar\/sitio\/wp-json\/wp\/v2\/types\/post"}],"author":[{"embeddable":true,"href":"https:\/\/vocesparalelas.com.ar\/sitio\/wp-json\/wp\/v2\/users\/3"}],"replies":[{"embeddable":true,"href":"https:\/\/vocesparalelas.com.ar\/sitio\/wp-json\/wp\/v2\/comments?post=65751"}],"version-history":[{"count":1,"href":"https:\/\/vocesparalelas.com.ar\/sitio\/wp-json\/wp\/v2\/posts\/65751\/revisions"}],"predecessor-version":[{"id":65754,"href":"https:\/\/vocesparalelas.com.ar\/sitio\/wp-json\/wp\/v2\/posts\/65751\/revisions\/65754"}],"wp:featuredmedia":[{"embeddable":true,"href":"https:\/\/vocesparalelas.com.ar\/sitio\/wp-json\/wp\/v2\/media\/39977"}],"wp:attachment":[{"href":"https:\/\/vocesparalelas.com.ar\/sitio\/wp-json\/wp\/v2\/media?parent=65751"}],"wp:term":[{"taxonomy":"category","embeddable":true,"href":"https:\/\/vocesparalelas.com.ar\/sitio\/wp-json\/wp\/v2\/categories?post=65751"},{"taxonomy":"post_tag","embeddable":true,"href":"https:\/\/vocesparalelas.com.ar\/sitio\/wp-json\/wp\/v2\/tags?post=65751"}],"curies":[{"name":"wp","href":"https:\/\/api.w.org\/{rel}","templated":true}]}}