{"id":65744,"date":"2023-11-14T20:43:52","date_gmt":"2023-11-14T23:43:52","guid":{"rendered":"https:\/\/vocesparalelas.com.ar\/sitio\/?p=65744"},"modified":"2023-11-16T01:32:20","modified_gmt":"2023-11-16T04:32:20","slug":"inscripcion-para-becas-de-apoyo-al-desempeno-academico-en-la-unsj","status":"publish","type":"post","link":"https:\/\/vocesparalelas.com.ar\/sitio\/inscripcion-para-becas-de-apoyo-al-desempeno-academico-en-la-unsj\/","title":{"rendered":"Inscripci\u00f3n para Becas de Apoyo al Desempe\u00f1o Acad\u00e9mico en la UNSJ"},"content":{"rendered":"<p>La Secretar\u00eda de Bienestar Universitario de la Universidad Nacional de San Juan, a trav\u00e9s de la Direcci\u00f3n de Servicio Social, comunica que desde el 17 de Noviembre al 10 de Diciembre de 2023 se realiza la inscripci\u00f3n a las Becas de Apoyo al Desempe\u00f1o Acad\u00e9mico &#8211; Periodo 2024.<\/p>\n<p>Es para estudiantes regulares que cursan tanto el nivel universitario como el preuniversitario.<\/p>\n<p>La modalidad de inscripci\u00f3n puede ser virtual o presencial en las unidades acad\u00e9micas seg\u00fan cronograma adjunto.<\/p>\n<p>En PDF adjunto se explica toda la documentaci\u00f3n que deben subir al sistema, o llevar impresa en el caso de hacerlo por la modalidad presencial.<\/p>\n<p>En <a href=\"https:\/\/linktr.ee\/bienestar_unsj\">https:\/\/linktr.ee\/bienestar_unsj<\/a> los estudiantes pueden descargar la planilla familiar y la declaraci\u00f3n jurada para trabajadores subocupados seg\u00fan corresponda, se adjuntan tambi\u00e9n en formato PDF.<\/p>\n<p>En\u00a0<a href=\"https:\/\/linktr.ee\/bienestar_unsj\">https:\/\/linktr.ee\/bienestar_unsj\u00a0<\/a> el 17 de noviembre se habilita el acceso para la inscripci\u00f3n virtual.<\/p>\n<p>Archivos Adjunto<\/p>\n<ul>\n<li>INSCRIPCION BECA<\/li>\n<\/ul>\n<p><a href=\"https:\/\/vocesparalelas.com.ar\/sitio\/wp-content\/uploads\/2023\/11\/INSCRIPCIONBECA_7806_051.pdf\">INSCRIPCIONBECA_7806_051<\/a><\/p>\n<ul>\n<li>MODELO DE PLANILLA<\/li>\n<\/ul>\n<p><a href=\"https:\/\/vocesparalelas.com.ar\/sitio\/wp-content\/uploads\/2023\/11\/MODELODEPLANILL_7806_151.pdf\">MODELODEPLANILL_7806_151<\/a><\/p>\n<ul>\n<li>MODELO DECLARACI\u00d3N JURADA<\/li>\n<\/ul>\n<p><a href=\"https:\/\/vocesparalelas.com.ar\/sitio\/wp-content\/uploads\/2023\/11\/MODELODECLARACI_7806_251.pdf\">MODELODECLARACI_7806_251<\/a><\/p>\n<p>&nbsp;<\/p>\n<p><img loading=\"lazy\" decoding=\"async\" class=\"alignnone size-full wp-image-53945\" src=\"https:\/\/vocesparalelas.com.ar\/sitio\/wp-content\/uploads\/2022\/10\/UNSJ-LOGO-50-FINAL.jpg\" alt=\"\" width=\"800\" height=\"476\" srcset=\"https:\/\/vocesparalelas.com.ar\/sitio\/wp-content\/uploads\/2022\/10\/UNSJ-LOGO-50-FINAL.jpg 800w, https:\/\/vocesparalelas.com.ar\/sitio\/wp-content\/uploads\/2022\/10\/UNSJ-LOGO-50-FINAL-300x179.jpg 300w, https:\/\/vocesparalelas.com.ar\/sitio\/wp-content\/uploads\/2022\/10\/UNSJ-LOGO-50-FINAL-768x457.jpg 768w\" sizes=\"auto, (max-width: 800px) 100vw, 800px\" \/> <img loading=\"lazy\" decoding=\"async\" class=\"alignnone size-full wp-image-54035\" src=\"https:\/\/vocesparalelas.com.ar\/sitio\/wp-content\/uploads\/2022\/11\/UNSJ-LOGO-10.jpg\" alt=\"\" width=\"800\" height=\"533\" srcset=\"https:\/\/vocesparalelas.com.ar\/sitio\/wp-content\/uploads\/2022\/11\/UNSJ-LOGO-10.jpg 800w, https:\/\/vocesparalelas.com.ar\/sitio\/wp-content\/uploads\/2022\/11\/UNSJ-LOGO-10-300x200.jpg 300w, https:\/\/vocesparalelas.com.ar\/sitio\/wp-content\/uploads\/2022\/11\/UNSJ-LOGO-10-768x512.jpg 768w\" sizes=\"auto, (max-width: 800px) 100vw, 800px\" \/><\/p>\n","protected":false},"excerpt":{"rendered":"<p>La Secretar\u00eda de Bienestar Universitario de la Universidad Nacional de San Juan, a trav\u00e9s de la Direcci\u00f3n de Servicio Social,<\/p>\n","protected":false},"author":3,"featured_media":19821,"comment_status":"closed","ping_status":"closed","sticky":false,"template":"","format":"standard","meta":{"_acf_changed":false,"_seopress_robots_primary_cat":"none","_seopress_titles_title":"","_seopress_titles_desc":"","_seopress_robots_index":"","colormag_page_container_layout":"default_layout","colormag_page_sidebar_layout":"default_layout","footnotes":""},"categories":[2],"tags":[],"class_list":["post-65744","post","type-post","status-publish","format-standard","has-post-thumbnail","hentry","category-convocatorias"],"acf":[],"_links":{"self":[{"href":"https:\/\/vocesparalelas.com.ar\/sitio\/wp-json\/wp\/v2\/posts\/65744","targetHints":{"allow":["GET"]}}],"collection":[{"href":"https:\/\/vocesparalelas.com.ar\/sitio\/wp-json\/wp\/v2\/posts"}],"about":[{"href":"https:\/\/vocesparalelas.com.ar\/sitio\/wp-json\/wp\/v2\/types\/post"}],"author":[{"embeddable":true,"href":"https:\/\/vocesparalelas.com.ar\/sitio\/wp-json\/wp\/v2\/users\/3"}],"replies":[{"embeddable":true,"href":"https:\/\/vocesparalelas.com.ar\/sitio\/wp-json\/wp\/v2\/comments?post=65744"}],"version-history":[{"count":1,"href":"https:\/\/vocesparalelas.com.ar\/sitio\/wp-json\/wp\/v2\/posts\/65744\/revisions"}],"predecessor-version":[{"id":65750,"href":"https:\/\/vocesparalelas.com.ar\/sitio\/wp-json\/wp\/v2\/posts\/65744\/revisions\/65750"}],"wp:featuredmedia":[{"embeddable":true,"href":"https:\/\/vocesparalelas.com.ar\/sitio\/wp-json\/wp\/v2\/media\/19821"}],"wp:attachment":[{"href":"https:\/\/vocesparalelas.com.ar\/sitio\/wp-json\/wp\/v2\/media?parent=65744"}],"wp:term":[{"taxonomy":"category","embeddable":true,"href":"https:\/\/vocesparalelas.com.ar\/sitio\/wp-json\/wp\/v2\/categories?post=65744"},{"taxonomy":"post_tag","embeddable":true,"href":"https:\/\/vocesparalelas.com.ar\/sitio\/wp-json\/wp\/v2\/tags?post=65744"}],"curies":[{"name":"wp","href":"https:\/\/api.w.org\/{rel}","templated":true}]}}