{"id":65735,"date":"2023-11-14T19:03:41","date_gmt":"2023-11-14T22:03:41","guid":{"rendered":"https:\/\/vocesparalelas.com.ar\/sitio\/?p=65735"},"modified":"2023-11-16T01:22:21","modified_gmt":"2023-11-16T04:22:21","slug":"los-directivos-de-san-juan-deben-retirar-los-kits-para-las-elecciones-2023","status":"publish","type":"post","link":"https:\/\/vocesparalelas.com.ar\/sitio\/los-directivos-de-san-juan-deben-retirar-los-kits-para-las-elecciones-2023\/","title":{"rendered":"Los directivos de San Juan deben retirar los kits para las Elecciones 2023"},"content":{"rendered":"<p>El Ministerio de Educaci\u00f3n del Gobierno de San Juan convoca a directivos de los establecimientos afectados al balotaje del Domingo, 19 de Noviembre de 2023, a retirar los kits para acondicionar las aulas que son cuarto oscuro.<\/p>\n<p>Los citados deben acudir el Mi\u00e9rcoles, 15; el Jueves, 16 y Viernes, 17 de Noviembre, de 8 a 13 horas, al Dep\u00f3sito Central, ubicado en Hip\u00f3lito Irigoyen 1515 &#8211; E &#8211; Santa Luc\u00eda.<\/p>\n<p>Cabe recordar que la Justicia Electoral Federal habilit\u00f3 237 escuelas, con 1.810 mesas.<\/p>\n<p>El personal de Servicios Generales, porteros o maestranzas, deben adecuar correctamente las aulas que son utilizadas como cuarto oscuro con el material entregado por el ministerio de Educaci\u00f3n.<\/p>\n<p>Autoridades y personal general tambi\u00e9n tienen que corroborar el cumplimiento al decreto 2135 del C\u00f3digo Electoral que establece la prohibici\u00f3n de carteles, insignias, pintadas o im\u00e1genes pol\u00edticas en el edificio.<\/p>\n<p>En Zonas Alejadas, los materiales son remitidos directamente a cada una de las escuelas afectadas.<\/p>\n<p><img loading=\"lazy\" decoding=\"async\" class=\"alignnone size-full wp-image-64833\" src=\"https:\/\/vocesparalelas.com.ar\/sitio\/wp-content\/uploads\/2023\/10\/ELECCIONES-03.jpg\" alt=\"\" width=\"800\" height=\"533\" srcset=\"https:\/\/vocesparalelas.com.ar\/sitio\/wp-content\/uploads\/2023\/10\/ELECCIONES-03.jpg 800w, https:\/\/vocesparalelas.com.ar\/sitio\/wp-content\/uploads\/2023\/10\/ELECCIONES-03-300x200.jpg 300w, https:\/\/vocesparalelas.com.ar\/sitio\/wp-content\/uploads\/2023\/10\/ELECCIONES-03-768x512.jpg 768w\" sizes=\"auto, (max-width: 800px) 100vw, 800px\" \/><\/p>\n","protected":false},"excerpt":{"rendered":"<p>El Ministerio de Educaci\u00f3n del Gobierno de San Juan convoca a directivos de los establecimientos afectados al balotaje del Domingo,<\/p>\n","protected":false},"author":3,"featured_media":64698,"comment_status":"closed","ping_status":"closed","sticky":false,"template":"","format":"standard","meta":{"_acf_changed":false,"_seopress_robots_primary_cat":"none","_seopress_titles_title":"","_seopress_titles_desc":"","_seopress_robots_index":"","colormag_page_container_layout":"default_layout","colormag_page_sidebar_layout":"default_layout","footnotes":""},"categories":[6],"tags":[],"class_list":["post-65735","post","type-post","status-publish","format-standard","has-post-thumbnail","hentry","category-eventos"],"acf":[],"_links":{"self":[{"href":"https:\/\/vocesparalelas.com.ar\/sitio\/wp-json\/wp\/v2\/posts\/65735","targetHints":{"allow":["GET"]}}],"collection":[{"href":"https:\/\/vocesparalelas.com.ar\/sitio\/wp-json\/wp\/v2\/posts"}],"about":[{"href":"https:\/\/vocesparalelas.com.ar\/sitio\/wp-json\/wp\/v2\/types\/post"}],"author":[{"embeddable":true,"href":"https:\/\/vocesparalelas.com.ar\/sitio\/wp-json\/wp\/v2\/users\/3"}],"replies":[{"embeddable":true,"href":"https:\/\/vocesparalelas.com.ar\/sitio\/wp-json\/wp\/v2\/comments?post=65735"}],"version-history":[{"count":1,"href":"https:\/\/vocesparalelas.com.ar\/sitio\/wp-json\/wp\/v2\/posts\/65735\/revisions"}],"predecessor-version":[{"id":65738,"href":"https:\/\/vocesparalelas.com.ar\/sitio\/wp-json\/wp\/v2\/posts\/65735\/revisions\/65738"}],"wp:featuredmedia":[{"embeddable":true,"href":"https:\/\/vocesparalelas.com.ar\/sitio\/wp-json\/"}],"wp:attachment":[{"href":"https:\/\/vocesparalelas.com.ar\/sitio\/wp-json\/wp\/v2\/media?parent=65735"}],"wp:term":[{"taxonomy":"category","embeddable":true,"href":"https:\/\/vocesparalelas.com.ar\/sitio\/wp-json\/wp\/v2\/categories?post=65735"},{"taxonomy":"post_tag","embeddable":true,"href":"https:\/\/vocesparalelas.com.ar\/sitio\/wp-json\/wp\/v2\/tags?post=65735"}],"curies":[{"name":"wp","href":"https:\/\/api.w.org\/{rel}","templated":true}]}}