{"id":65711,"date":"2023-11-13T21:18:47","date_gmt":"2023-11-14T00:18:47","guid":{"rendered":"https:\/\/vocesparalelas.com.ar\/sitio\/?p=65711"},"modified":"2023-11-14T00:19:12","modified_gmt":"2023-11-14T03:19:12","slug":"cofesa-coordina-acciones-sanitarias-en-argentina","status":"publish","type":"post","link":"https:\/\/vocesparalelas.com.ar\/sitio\/cofesa-coordina-acciones-sanitarias-en-argentina\/","title":{"rendered":"COFESA coordina acciones sanitarias en Argentina"},"content":{"rendered":"<div class=\"itemBody\">\n<div class=\"itemFullText\">\n<p>En el Palacio San Mart\u00edn, Buenos Aires, se desarrolla la reuni\u00f3n del Consejo Federal de Salud &#8211; COFESA -, donde asisti\u00f3 la Ministra de Salud P\u00fablica del Gobierno de San Juan, Dra. Alejandra Venerando, junto al Secretario T\u00e9cnico, Dr. Juan Pablo Pacheco, el Secretario Administrativo Lic. Guillermo Benelbaz y el Director de Presupuesto y relaciones con los hospitales, Dr. Mauricio Gallardo.<\/p>\n<p>El objetivo del encuentro es coordinar acciones sanitarias entre los Ministerios de Salud de Argentina, ya que se encuentran participando las autoridades de las 24 jurisdicciones, presidida por la ministra de salud de Naci\u00f3n, Dra. Carla Vizzotti.<\/p>\n<p>De acuerdo al temario se abordaron los siguiente temas:<\/p>\n<ul>\n<li>Estudio sobre el consumo de alcohol y otras sustancias.<\/li>\n<li>Recomendaciones de la CONAIN (Consejo Nacional de Inmunizaciones) sobre dengue, sincical (virus sincicial respiratorio humano) y COVID19.<\/li>\n<li>Cobertura de vacunaci\u00f3n 2022.<\/li>\n<li>Certificaci\u00f3n con est\u00e1ndares internacionales de ISO-9001 del sistema de gesti\u00f3n de calidad en la log\u00edstica COVID19.<\/li>\n<\/ul>\n<p>Adem\u00e1s de compartir experiencias provinciales entre las diferentes autoridades sobre el planteo de pol\u00edticas sanitarias, y sobre Hitos y balance de la gesti\u00f3n 2019-2023.<\/p>\n<\/div>\n<div class=\"clr\"><\/div>\n<\/div>\n<div class=\"itemBackToTop\"><\/div>\n","protected":false},"excerpt":{"rendered":"<p>En el Palacio San Mart\u00edn, Buenos Aires, se desarrolla la reuni\u00f3n del Consejo Federal de Salud &#8211; COFESA -, donde<\/p>\n","protected":false},"author":3,"featured_media":65714,"comment_status":"closed","ping_status":"closed","sticky":false,"template":"","format":"standard","meta":{"_acf_changed":false,"_seopress_robots_primary_cat":"none","_seopress_titles_title":"","_seopress_titles_desc":"","_seopress_robots_index":"","colormag_page_container_layout":"default_layout","colormag_page_sidebar_layout":"default_layout","footnotes":""},"categories":[1],"tags":[],"class_list":["post-65711","post","type-post","status-publish","format-standard","has-post-thumbnail","hentry","category-destacadas"],"acf":[],"_links":{"self":[{"href":"https:\/\/vocesparalelas.com.ar\/sitio\/wp-json\/wp\/v2\/posts\/65711","targetHints":{"allow":["GET"]}}],"collection":[{"href":"https:\/\/vocesparalelas.com.ar\/sitio\/wp-json\/wp\/v2\/posts"}],"about":[{"href":"https:\/\/vocesparalelas.com.ar\/sitio\/wp-json\/wp\/v2\/types\/post"}],"author":[{"embeddable":true,"href":"https:\/\/vocesparalelas.com.ar\/sitio\/wp-json\/wp\/v2\/users\/3"}],"replies":[{"embeddable":true,"href":"https:\/\/vocesparalelas.com.ar\/sitio\/wp-json\/wp\/v2\/comments?post=65711"}],"version-history":[{"count":1,"href":"https:\/\/vocesparalelas.com.ar\/sitio\/wp-json\/wp\/v2\/posts\/65711\/revisions"}],"predecessor-version":[{"id":65715,"href":"https:\/\/vocesparalelas.com.ar\/sitio\/wp-json\/wp\/v2\/posts\/65711\/revisions\/65715"}],"wp:featuredmedia":[{"embeddable":true,"href":"https:\/\/vocesparalelas.com.ar\/sitio\/wp-json\/wp\/v2\/media\/65714"}],"wp:attachment":[{"href":"https:\/\/vocesparalelas.com.ar\/sitio\/wp-json\/wp\/v2\/media?parent=65711"}],"wp:term":[{"taxonomy":"category","embeddable":true,"href":"https:\/\/vocesparalelas.com.ar\/sitio\/wp-json\/wp\/v2\/categories?post=65711"},{"taxonomy":"post_tag","embeddable":true,"href":"https:\/\/vocesparalelas.com.ar\/sitio\/wp-json\/wp\/v2\/tags?post=65711"}],"curies":[{"name":"wp","href":"https:\/\/api.w.org\/{rel}","templated":true}]}}