{"id":65656,"date":"2023-11-11T20:23:56","date_gmt":"2023-11-11T23:23:56","guid":{"rendered":"https:\/\/vocesparalelas.com.ar\/sitio\/?p=65656"},"modified":"2023-11-15T00:31:04","modified_gmt":"2023-11-15T03:31:04","slug":"un-reencuentro-para-festejar-el-40-aniversario-de-la-faud-de-la-unsj","status":"publish","type":"post","link":"https:\/\/vocesparalelas.com.ar\/sitio\/un-reencuentro-para-festejar-el-40-aniversario-de-la-faud-de-la-unsj\/","title":{"rendered":"Un reencuentro para festejar el 40\u00b0 Aniversario de la FAUD de la UNSJ"},"content":{"rendered":"<p>Los festejos de los 40 a\u00f1os de vida de la Facultad de Arquitectura, Urbanismo y Dise\u00f1o de la Universidad Nacional de San Juan, concentr\u00f3 la mirada de reencuentros y la mezcla de ex alumnos con ex Docentes constructores de aprendizajes y ense\u00f1anzas con agradecimientos memoriosos, el Jueves, 09 de Noviembre de 2023.<\/p>\n<p><img loading=\"lazy\" decoding=\"async\" class=\"alignnone size-full wp-image-65665\" src=\"https:\/\/vocesparalelas.com.ar\/sitio\/wp-content\/uploads\/2023\/11\/FAUD-ANIVERSARIO-09-1.jpg\" alt=\"\" width=\"800\" height=\"533\" srcset=\"https:\/\/vocesparalelas.com.ar\/sitio\/wp-content\/uploads\/2023\/11\/FAUD-ANIVERSARIO-09-1.jpg 800w, https:\/\/vocesparalelas.com.ar\/sitio\/wp-content\/uploads\/2023\/11\/FAUD-ANIVERSARIO-09-1-300x200.jpg 300w, https:\/\/vocesparalelas.com.ar\/sitio\/wp-content\/uploads\/2023\/11\/FAUD-ANIVERSARIO-09-1-768x512.jpg 768w\" sizes=\"auto, (max-width: 800px) 100vw, 800px\" \/><\/p>\n<p><img loading=\"lazy\" decoding=\"async\" class=\"alignnone size-full wp-image-65664\" src=\"https:\/\/vocesparalelas.com.ar\/sitio\/wp-content\/uploads\/2023\/11\/FAUD-ANIVERSARIO-08-1.jpg\" alt=\"\" width=\"800\" height=\"533\" srcset=\"https:\/\/vocesparalelas.com.ar\/sitio\/wp-content\/uploads\/2023\/11\/FAUD-ANIVERSARIO-08-1.jpg 800w, https:\/\/vocesparalelas.com.ar\/sitio\/wp-content\/uploads\/2023\/11\/FAUD-ANIVERSARIO-08-1-300x200.jpg 300w, https:\/\/vocesparalelas.com.ar\/sitio\/wp-content\/uploads\/2023\/11\/FAUD-ANIVERSARIO-08-1-768x512.jpg 768w\" sizes=\"auto, (max-width: 800px) 100vw, 800px\" \/><\/p>\n<p>En la previa, Voces Paralelas desarroll\u00f3 la entrevista period\u00edstica al Decano de la FAUD de la UNSJ, Arq. Guillermo Velasco, quien sintetiz\u00f3 y reflexion\u00f3 lo que significa 40 a\u00f1os de vida de la Unidad Acad\u00e9mica entregando una educaci\u00f3n universitaria p\u00fablica y gratuita.<\/p>\n<p><iframe loading=\"lazy\" title=\"FAUD UNSJ DECANO ARQ. GUILLERMO VELASCO\" width=\"800\" height=\"450\" src=\"https:\/\/www.youtube.com\/embed\/usLrfLYzEfA?feature=oembed\" frameborder=\"0\" allow=\"accelerometer; autoplay; clipboard-write; encrypted-media; gyroscope; picture-in-picture; web-share\" allowfullscreen><\/iframe><\/p>\n<p>&nbsp;<\/p>\n<p>Seguidamente, al Rector de la UNSJ, Ing. Tadeo Berenguer, quien sostuvo que es un honor continuar el legado de los pioneros que naci\u00f3 como la Escuela, luego Departamento hasta que se convirti\u00f3 en Facultad que demuestra el trabajo desarrollado por la comunidad universitaria.<\/p>\n<p>&nbsp;<\/p>\n<p><iframe loading=\"lazy\" title=\"FAUD UNSJ  RECTOR ING TADEO BERENGUER\" width=\"800\" height=\"450\" src=\"https:\/\/www.youtube.com\/embed\/5hOLh3_jhFE?feature=oembed\" frameborder=\"0\" allow=\"accelerometer; autoplay; clipboard-write; encrypted-media; gyroscope; picture-in-picture; web-share\" allowfullscreen><\/iframe><\/p>\n<p>El acto comenz\u00f3 con la constituci\u00f3n de la mesa acad\u00e9mica con el Decano de la FAUD de la UNSJ, Arq. Guillermo Velasco, el Rector de la UNSJ, Ing. Tadeo Berenguer y la vicedecana de la FAUD de la UNSJ, D.I.G. Natalia Sevilla Posleman.<\/p>\n<p><img loading=\"lazy\" decoding=\"async\" class=\"alignnone size-full wp-image-65663\" src=\"https:\/\/vocesparalelas.com.ar\/sitio\/wp-content\/uploads\/2023\/11\/FAUD-ANIVERSARIO-07-1.jpg\" alt=\"\" width=\"800\" height=\"533\" srcset=\"https:\/\/vocesparalelas.com.ar\/sitio\/wp-content\/uploads\/2023\/11\/FAUD-ANIVERSARIO-07-1.jpg 800w, https:\/\/vocesparalelas.com.ar\/sitio\/wp-content\/uploads\/2023\/11\/FAUD-ANIVERSARIO-07-1-300x200.jpg 300w, https:\/\/vocesparalelas.com.ar\/sitio\/wp-content\/uploads\/2023\/11\/FAUD-ANIVERSARIO-07-1-768x512.jpg 768w\" sizes=\"auto, (max-width: 800px) 100vw, 800px\" \/><\/p>\n<p>Luego hizo la entrada el cuerpo de la Bandera Argentina como verdadero testigo de los 40 a\u00f1os de la FAUD de la UNSJ que representa los mejores promedios acad\u00e9micos de los futuros profesionales.<\/p>\n<p>Seguidamente, se enton\u00f3 el Himno Nacional Argentino como el m\u00e1ximo representante de lo que significa ser argentino en el marco de los 40 a\u00f1os de la FAUD de la UNSJ y en loa 50 a\u00f1os de la UNSJ.<\/p>\n<p><iframe loading=\"lazy\" title=\"FAUD UNSJ HIMNO NACIONAL ARGENTINO\" width=\"800\" height=\"450\" src=\"https:\/\/www.youtube.com\/embed\/K6gGeiUjhdQ?feature=oembed\" frameborder=\"0\" allow=\"accelerometer; autoplay; clipboard-write; encrypted-media; gyroscope; picture-in-picture; web-share\" allowfullscreen><\/iframe><\/p>\n<p>Despu\u00e9s, habl\u00f3 el Decano de la FAUD de la UNSJ, Arq. Guillermo Velasco y el Rector de la UNSJ, Ing. Tadeo Berenguer, fueron los responsables de repasar la historia y los fortaleces de la Unidad Acad\u00e9mica un orgullo en San Juan.<\/p>\n<p>Seguidamente, se present\u00f3 la Web de la FAUD de la UNSJ en el marco de las actividades del \u201cDise\u00f1o nos une\u201d, un aporte a la comunidad para las mejoras en la navegaci\u00f3n.<\/p>\n<p>La idea esencial es fortalecer los lazos de comunicaci\u00f3n tanto internos como la ventana hacia el exterior, en la b\u00fasqueda de interactuar, se ha planteado renovados aspectos del dise\u00f1o, la web a\u00fan no est\u00e1 cerrada sino en proceso de construcci\u00f3n, a cargo de la DIG Natalia Sevilla Posleman.<\/p>\n<p>A continuaci\u00f3n, las autoridades descubrieron una placa testigo fiel y la evidencia de los 40 a\u00f1os de vida de la FAUD de la UNSJ.<\/p>\n<p><img loading=\"lazy\" decoding=\"async\" class=\"alignnone size-full wp-image-65662\" src=\"https:\/\/vocesparalelas.com.ar\/sitio\/wp-content\/uploads\/2023\/11\/FAUD-ANIVERSARIO-06-1.jpg\" alt=\"\" width=\"800\" height=\"533\" srcset=\"https:\/\/vocesparalelas.com.ar\/sitio\/wp-content\/uploads\/2023\/11\/FAUD-ANIVERSARIO-06-1.jpg 800w, https:\/\/vocesparalelas.com.ar\/sitio\/wp-content\/uploads\/2023\/11\/FAUD-ANIVERSARIO-06-1-300x200.jpg 300w, https:\/\/vocesparalelas.com.ar\/sitio\/wp-content\/uploads\/2023\/11\/FAUD-ANIVERSARIO-06-1-768x512.jpg 768w\" sizes=\"auto, (max-width: 800px) 100vw, 800px\" \/><\/p>\n<p>&nbsp;<\/p>\n<p><img loading=\"lazy\" decoding=\"async\" class=\"alignnone size-full wp-image-65667\" src=\"https:\/\/vocesparalelas.com.ar\/sitio\/wp-content\/uploads\/2023\/11\/FAUD-ANIVERSARIO-11-1.jpg\" alt=\"\" width=\"800\" height=\"600\" srcset=\"https:\/\/vocesparalelas.com.ar\/sitio\/wp-content\/uploads\/2023\/11\/FAUD-ANIVERSARIO-11-1.jpg 800w, https:\/\/vocesparalelas.com.ar\/sitio\/wp-content\/uploads\/2023\/11\/FAUD-ANIVERSARIO-11-1-300x225.jpg 300w, https:\/\/vocesparalelas.com.ar\/sitio\/wp-content\/uploads\/2023\/11\/FAUD-ANIVERSARIO-11-1-768x576.jpg 768w\" sizes=\"auto, (max-width: 800px) 100vw, 800px\" \/><\/p>\n<p><span style=\"color: #ff6600;\"><strong>Fue el momento m\u00e1s emotivo donde se realiz\u00f3 el reconocimiento <\/strong><\/span><\/p>\n<p>&nbsp;<\/p>\n<p><img loading=\"lazy\" decoding=\"async\" class=\"alignnone size-full wp-image-65660\" src=\"https:\/\/vocesparalelas.com.ar\/sitio\/wp-content\/uploads\/2023\/11\/FAUD-ANIVERSARIO-04-1.jpg\" alt=\"\" width=\"800\" height=\"533\" srcset=\"https:\/\/vocesparalelas.com.ar\/sitio\/wp-content\/uploads\/2023\/11\/FAUD-ANIVERSARIO-04-1.jpg 800w, https:\/\/vocesparalelas.com.ar\/sitio\/wp-content\/uploads\/2023\/11\/FAUD-ANIVERSARIO-04-1-300x200.jpg 300w, https:\/\/vocesparalelas.com.ar\/sitio\/wp-content\/uploads\/2023\/11\/FAUD-ANIVERSARIO-04-1-768x512.jpg 768w\" sizes=\"auto, (max-width: 800px) 100vw, 800px\" \/><\/p>\n<ul>\n<li><span style=\"color: #ff6600;\"><strong>A las autoridades mandato cumplido: <\/strong><\/span>Ing. Pascual Rodr\u00edguez;\u00a0Ing. Salvador Torrisi;\u00a0Arq. Hugo Zabala;\u00a0Arq. Nemecio Nieto;\u00a0Arq. Sebastian Villar;\u00a0Arq. Jaime Mateos Ruiz;\u00a0Arq. Romeo Bernabe Platero;\u00a0Arq. Elisa Varas;\u00a0Arq. Bruno Giancola;\u00a0Arq. Guillermo Rodriguez;\u00a0Arq. Gustavo Roberto Gomez.<\/li>\n<li><strong><span style=\"color: #ff6600;\">Reconocimiento a los egresados de la primera promoci\u00f3n de la Facultad de Arquitectura: <\/span><\/strong>Arq. Fernando Ramon Atienza; Arq. Claudia Alberto Billordo; Arq. Hector Rosendo Castro; Arq. Jorge Carballo; Arq. Graciela Emilce Galoviche; Arq. Miguel Angel Gonzalez; Arq. Alberto Alejandro Guerrero; Arq. Maria Rosario Mostazo; Arq. Mirtha Nelida Palacios; Arq. Carlos Alberto Pallucchini; Arq. Silvia Esther Perez; Arq. Nelida Isabel Sanna<\/li>\n<li><strong><span style=\"color: #ff6600;\">Reconocimiento a los que pasaron a la jubilaci\u00f3n: <\/span><\/strong>Arq. Maria Isabel Balmaceda; Arq. Daniel Edgardo Calmels; Arq. Alberto Amado Delahaye; Arq. Alejandra Silvia Kurban; Arq. Juan Arturo Pereyra<\/li>\n<li><strong><span style=\"color: #ff6600;\">Reconocimiento al personal con 25 a\u00f1os de labor: <\/span><\/strong>Arq. Marcela Vanesa Cespedes; Arq. Ricardo Javier Figueroa; Arq. Ricardo Flavio G\u00f3mez; Arq. Enrique Adrian Gonzalez; Arq. Liliana Patricia Vega<\/li>\n<li><strong style=\"color: #ff6600;\">Reconocimiento al Primer Cuerpo de la Bandera Argentina de la FAUD de la UNSJ: <\/strong>Arq. Mar\u00eda Alejandra Toro; Arq. Myrian Aguilar; Arq. Marcelo Soria Vizcaino<\/li>\n<\/ul>\n<p><img loading=\"lazy\" decoding=\"async\" class=\"alignnone size-full wp-image-65668\" src=\"https:\/\/vocesparalelas.com.ar\/sitio\/wp-content\/uploads\/2023\/11\/FAUD-ANIVERSARIO-12.jpg\" alt=\"\" width=\"800\" height=\"533\" srcset=\"https:\/\/vocesparalelas.com.ar\/sitio\/wp-content\/uploads\/2023\/11\/FAUD-ANIVERSARIO-12.jpg 800w, https:\/\/vocesparalelas.com.ar\/sitio\/wp-content\/uploads\/2023\/11\/FAUD-ANIVERSARIO-12-300x200.jpg 300w, https:\/\/vocesparalelas.com.ar\/sitio\/wp-content\/uploads\/2023\/11\/FAUD-ANIVERSARIO-12-768x512.jpg 768w\" sizes=\"auto, (max-width: 800px) 100vw, 800px\" \/><\/p>\n<p><img loading=\"lazy\" decoding=\"async\" class=\"alignnone size-full wp-image-65659\" src=\"https:\/\/vocesparalelas.com.ar\/sitio\/wp-content\/uploads\/2023\/11\/FAUD-ANIVERSARIO-02-1.jpg\" alt=\"\" width=\"800\" height=\"533\" srcset=\"https:\/\/vocesparalelas.com.ar\/sitio\/wp-content\/uploads\/2023\/11\/FAUD-ANIVERSARIO-02-1.jpg 800w, https:\/\/vocesparalelas.com.ar\/sitio\/wp-content\/uploads\/2023\/11\/FAUD-ANIVERSARIO-02-1-300x200.jpg 300w, https:\/\/vocesparalelas.com.ar\/sitio\/wp-content\/uploads\/2023\/11\/FAUD-ANIVERSARIO-02-1-768x512.jpg 768w\" sizes=\"auto, (max-width: 800px) 100vw, 800px\" \/><\/p>\n<p>&nbsp;<\/p>\n<p><img loading=\"lazy\" decoding=\"async\" class=\"alignnone size-full wp-image-65666\" src=\"https:\/\/vocesparalelas.com.ar\/sitio\/wp-content\/uploads\/2023\/11\/FAUD-ANIVERSARIO-10-1.jpg\" alt=\"\" width=\"800\" height=\"533\" srcset=\"https:\/\/vocesparalelas.com.ar\/sitio\/wp-content\/uploads\/2023\/11\/FAUD-ANIVERSARIO-10-1.jpg 800w, https:\/\/vocesparalelas.com.ar\/sitio\/wp-content\/uploads\/2023\/11\/FAUD-ANIVERSARIO-10-1-300x200.jpg 300w, https:\/\/vocesparalelas.com.ar\/sitio\/wp-content\/uploads\/2023\/11\/FAUD-ANIVERSARIO-10-1-768x512.jpg 768w\" sizes=\"auto, (max-width: 800px) 100vw, 800px\" \/><\/p>\n<p>&nbsp;<\/p>\n<figure id=\"attachment_59382\" aria-describedby=\"caption-attachment-59382\" style=\"width: 800px\" class=\"wp-caption alignnone\"><img loading=\"lazy\" decoding=\"async\" class=\"size-full wp-image-59382\" src=\"https:\/\/vocesparalelas.com.ar\/sitio\/wp-content\/uploads\/2023\/05\/FAUD-EDIFICIO-01.jpg\" alt=\"\" width=\"800\" height=\"600\" srcset=\"https:\/\/vocesparalelas.com.ar\/sitio\/wp-content\/uploads\/2023\/05\/FAUD-EDIFICIO-01.jpg 800w, https:\/\/vocesparalelas.com.ar\/sitio\/wp-content\/uploads\/2023\/05\/FAUD-EDIFICIO-01-300x225.jpg 300w, https:\/\/vocesparalelas.com.ar\/sitio\/wp-content\/uploads\/2023\/05\/FAUD-EDIFICIO-01-768x576.jpg 768w\" sizes=\"auto, (max-width: 800px) 100vw, 800px\" \/><figcaption id=\"caption-attachment-59382\" class=\"wp-caption-text\">Facultad de Arquitectura, Urbanismo y Dise\u00f1o de la Universidad Nacional de San Juan, Rep\u00fablica Argentina<\/figcaption><\/figure>\n","protected":false},"excerpt":{"rendered":"<p>Los festejos de los 40 a\u00f1os de vida de la Facultad de Arquitectura, Urbanismo y Dise\u00f1o de la Universidad Nacional<\/p>\n","protected":false},"author":3,"featured_media":65661,"comment_status":"closed","ping_status":"closed","sticky":false,"template":"","format":"standard","meta":{"_acf_changed":false,"_seopress_robots_primary_cat":"none","_seopress_titles_title":"","_seopress_titles_desc":"","_seopress_robots_index":"","colormag_page_container_layout":"default_layout","colormag_page_sidebar_layout":"default_layout","footnotes":""},"categories":[10,7],"tags":[],"class_list":["post-65656","post","type-post","status-publish","format-standard","has-post-thumbnail","hentry","category-opiniones","category-videos"],"acf":[],"_links":{"self":[{"href":"https:\/\/vocesparalelas.com.ar\/sitio\/wp-json\/wp\/v2\/posts\/65656","targetHints":{"allow":["GET"]}}],"collection":[{"href":"https:\/\/vocesparalelas.com.ar\/sitio\/wp-json\/wp\/v2\/posts"}],"about":[{"href":"https:\/\/vocesparalelas.com.ar\/sitio\/wp-json\/wp\/v2\/types\/post"}],"author":[{"embeddable":true,"href":"https:\/\/vocesparalelas.com.ar\/sitio\/wp-json\/wp\/v2\/users\/3"}],"replies":[{"embeddable":true,"href":"https:\/\/vocesparalelas.com.ar\/sitio\/wp-json\/wp\/v2\/comments?post=65656"}],"version-history":[{"count":1,"href":"https:\/\/vocesparalelas.com.ar\/sitio\/wp-json\/wp\/v2\/posts\/65656\/revisions"}],"predecessor-version":[{"id":65669,"href":"https:\/\/vocesparalelas.com.ar\/sitio\/wp-json\/wp\/v2\/posts\/65656\/revisions\/65669"}],"wp:featuredmedia":[{"embeddable":true,"href":"https:\/\/vocesparalelas.com.ar\/sitio\/wp-json\/wp\/v2\/media\/65661"}],"wp:attachment":[{"href":"https:\/\/vocesparalelas.com.ar\/sitio\/wp-json\/wp\/v2\/media?parent=65656"}],"wp:term":[{"taxonomy":"category","embeddable":true,"href":"https:\/\/vocesparalelas.com.ar\/sitio\/wp-json\/wp\/v2\/categories?post=65656"},{"taxonomy":"post_tag","embeddable":true,"href":"https:\/\/vocesparalelas.com.ar\/sitio\/wp-json\/wp\/v2\/tags?post=65656"}],"curies":[{"name":"wp","href":"https:\/\/api.w.org\/{rel}","templated":true}]}}