{"id":65630,"date":"2023-11-10T20:09:50","date_gmt":"2023-11-10T23:09:50","guid":{"rendered":"https:\/\/vocesparalelas.com.ar\/sitio\/?p=65630"},"modified":"2023-11-14T00:05:46","modified_gmt":"2023-11-14T03:05:46","slug":"agenda-cultural-noviembre-2023-en-el-auditorio-ing-juan-victoria-en-san-juan","status":"publish","type":"post","link":"https:\/\/vocesparalelas.com.ar\/sitio\/agenda-cultural-noviembre-2023-en-el-auditorio-ing-juan-victoria-en-san-juan\/","title":{"rendered":"Agenda Cultural \u00abNoviembre 2023\u00bb en el Auditorio Ing. Juan Victoria en San Juan"},"content":{"rendered":"<p>El Auditorio Ing. Juan Victoria tiene preparada una emocionante agenda cultural para el mes de noviembre, llena de eventos variados que prometen entretener a todas las edades.<\/p>\n<p>La agenda inicia el S\u00e1bado, 11 de Noviembre, a las 21 hs. En esta oportunidad, el Taller Coral Juvenil e Infantil de la UNSJ presenta el conmovedor concierto titulado \u00abMe voy cantando\u00bb. Este evento estar\u00e1 a cargo de los alumnos de la c\u00e1tedra de direcci\u00f3n coral II del Departamento de M\u00fasica de la FFHA, con el acompa\u00f1amiento del Mag, Jorge Fuentes y la Ma. Mar\u00eda In\u00e9s Graffigna. La entrada es gratuita con invitaci\u00f3n, que se puede retirar en la boleter\u00eda del Auditorio.<\/p>\n<p><img loading=\"lazy\" decoding=\"async\" class=\"alignnone size-full wp-image-65580\" src=\"https:\/\/vocesparalelas.com.ar\/sitio\/wp-content\/uploads\/2023\/11\/FFHA-PATIO-01.jpg\" alt=\"\" width=\"800\" height=\"533\" srcset=\"https:\/\/vocesparalelas.com.ar\/sitio\/wp-content\/uploads\/2023\/11\/FFHA-PATIO-01.jpg 800w, https:\/\/vocesparalelas.com.ar\/sitio\/wp-content\/uploads\/2023\/11\/FFHA-PATIO-01-300x200.jpg 300w, https:\/\/vocesparalelas.com.ar\/sitio\/wp-content\/uploads\/2023\/11\/FFHA-PATIO-01-768x512.jpg 768w\" sizes=\"auto, (max-width: 800px) 100vw, 800px\" \/><\/p>\n<p>A continuaci\u00f3n, el Domingo, 12 de Noviembre, los jardines del Auditorio son el escenario de la \u00abFeria \u00cdmpetu Emprendedor\u00bb, evento que celebra y apoya a los emprendedores en su crecimiento. Desde las 17 hasta las 22 hs, se podr\u00e1 disfrutar de una gran variedad de emprendimientos, degustaciones, un patio de comidas, juegos y actuaciones en vivo de bandas como Waco Moreno, Chicos del P\u00f3rtico, NDS Clan, EFE 4 y Vainilla. La entrada es libre y gratuita.<\/p>\n<p><img loading=\"lazy\" decoding=\"async\" class=\"alignnone size-full wp-image-65645\" src=\"https:\/\/vocesparalelas.com.ar\/sitio\/wp-content\/uploads\/2023\/11\/SANTA-CECILIA.jpg\" alt=\"\" width=\"800\" height=\"600\" srcset=\"https:\/\/vocesparalelas.com.ar\/sitio\/wp-content\/uploads\/2023\/11\/SANTA-CECILIA.jpg 800w, https:\/\/vocesparalelas.com.ar\/sitio\/wp-content\/uploads\/2023\/11\/SANTA-CECILIA-300x225.jpg 300w, https:\/\/vocesparalelas.com.ar\/sitio\/wp-content\/uploads\/2023\/11\/SANTA-CECILIA-768x576.jpg 768w\" sizes=\"auto, (max-width: 800px) 100vw, 800px\" \/><\/p>\n<p>Por otro lado, el Martes, 21 de Noviembre a las 21 hs, los ensambles de la c\u00e1tedra de saxof\u00f3n de la carrera de M\u00fasica presentan una espectacular selecci\u00f3n de obras que incluyen piezas de Purcell, Mozart, Elgar, Ginastera y otros compositores destacados. Adem\u00e1s, en esta ocasi\u00f3n cuentan con la participaci\u00f3n de m\u00fasicos invitados y la colaboraci\u00f3n de la c\u00e1tedra de percusi\u00f3n y la c\u00e1tedra de tromb\u00f3n. Esta actividad se lleva a cabo en adhesi\u00f3n a la Fiesta de la M\u00fasica. La entrada es libre y gratuita.<\/p>\n<p><img loading=\"lazy\" decoding=\"async\" class=\"alignnone size-full wp-image-65646\" src=\"https:\/\/vocesparalelas.com.ar\/sitio\/wp-content\/uploads\/2023\/11\/SAXOFON.jpg\" alt=\"\" width=\"800\" height=\"454\" \/><\/p>\n<p>Para culminar el mes de noviembre, los coros de ni\u00f1os de la UNSJ ofrecen \u00abTesoros del Mar\u00bb el S\u00e1bado, 25 de Noviembre, a las 20 hs. Para asistir a este evento, el bono contribuci\u00f3n es de $1500. El concierto promete ser un espect\u00e1culo que deleitar\u00e1 a toda la familia.<\/p>\n<p><img loading=\"lazy\" decoding=\"async\" class=\"alignnone size-full wp-image-64504\" src=\"https:\/\/vocesparalelas.com.ar\/sitio\/wp-content\/uploads\/2023\/10\/UNSJ-COROS-03.jpg\" alt=\"\" width=\"800\" height=\"534\" srcset=\"https:\/\/vocesparalelas.com.ar\/sitio\/wp-content\/uploads\/2023\/10\/UNSJ-COROS-03.jpg 800w, https:\/\/vocesparalelas.com.ar\/sitio\/wp-content\/uploads\/2023\/10\/UNSJ-COROS-03-300x200.jpg 300w, https:\/\/vocesparalelas.com.ar\/sitio\/wp-content\/uploads\/2023\/10\/UNSJ-COROS-03-768x513.jpg 768w\" sizes=\"auto, (max-width: 800px) 100vw, 800px\" \/><\/p>\n<p>&nbsp;<\/p>\n<p><img loading=\"lazy\" decoding=\"async\" class=\"alignnone size-full wp-image-61468\" src=\"https:\/\/vocesparalelas.com.ar\/sitio\/wp-content\/uploads\/2023\/07\/AUDITORIO-EDIFICIO.jpg\" alt=\"\" width=\"800\" height=\"533\" srcset=\"https:\/\/vocesparalelas.com.ar\/sitio\/wp-content\/uploads\/2023\/07\/AUDITORIO-EDIFICIO.jpg 800w, https:\/\/vocesparalelas.com.ar\/sitio\/wp-content\/uploads\/2023\/07\/AUDITORIO-EDIFICIO-300x200.jpg 300w, https:\/\/vocesparalelas.com.ar\/sitio\/wp-content\/uploads\/2023\/07\/AUDITORIO-EDIFICIO-768x512.jpg 768w\" sizes=\"auto, (max-width: 800px) 100vw, 800px\" \/><\/p>\n","protected":false},"excerpt":{"rendered":"<p>El Auditorio Ing. Juan Victoria tiene preparada una emocionante agenda cultural para el mes de noviembre, llena de eventos variados<\/p>\n","protected":false},"author":3,"featured_media":59915,"comment_status":"closed","ping_status":"closed","sticky":false,"template":"","format":"standard","meta":{"_acf_changed":false,"_seopress_robots_primary_cat":"none","_seopress_titles_title":"","_seopress_titles_desc":"","_seopress_robots_index":"","colormag_page_container_layout":"default_layout","colormag_page_sidebar_layout":"default_layout","footnotes":""},"categories":[20],"tags":[],"class_list":["post-65630","post","type-post","status-publish","format-standard","has-post-thumbnail","hentry","category-cartelera"],"acf":[],"_links":{"self":[{"href":"https:\/\/vocesparalelas.com.ar\/sitio\/wp-json\/wp\/v2\/posts\/65630","targetHints":{"allow":["GET"]}}],"collection":[{"href":"https:\/\/vocesparalelas.com.ar\/sitio\/wp-json\/wp\/v2\/posts"}],"about":[{"href":"https:\/\/vocesparalelas.com.ar\/sitio\/wp-json\/wp\/v2\/types\/post"}],"author":[{"embeddable":true,"href":"https:\/\/vocesparalelas.com.ar\/sitio\/wp-json\/wp\/v2\/users\/3"}],"replies":[{"embeddable":true,"href":"https:\/\/vocesparalelas.com.ar\/sitio\/wp-json\/wp\/v2\/comments?post=65630"}],"version-history":[{"count":3,"href":"https:\/\/vocesparalelas.com.ar\/sitio\/wp-json\/wp\/v2\/posts\/65630\/revisions"}],"predecessor-version":[{"id":65647,"href":"https:\/\/vocesparalelas.com.ar\/sitio\/wp-json\/wp\/v2\/posts\/65630\/revisions\/65647"}],"wp:featuredmedia":[{"embeddable":true,"href":"https:\/\/vocesparalelas.com.ar\/sitio\/wp-json\/wp\/v2\/media\/59915"}],"wp:attachment":[{"href":"https:\/\/vocesparalelas.com.ar\/sitio\/wp-json\/wp\/v2\/media?parent=65630"}],"wp:term":[{"taxonomy":"category","embeddable":true,"href":"https:\/\/vocesparalelas.com.ar\/sitio\/wp-json\/wp\/v2\/categories?post=65630"},{"taxonomy":"post_tag","embeddable":true,"href":"https:\/\/vocesparalelas.com.ar\/sitio\/wp-json\/wp\/v2\/tags?post=65630"}],"curies":[{"name":"wp","href":"https:\/\/api.w.org\/{rel}","templated":true}]}}