{"id":65625,"date":"2023-11-10T19:00:51","date_gmt":"2023-11-10T22:00:51","guid":{"rendered":"https:\/\/vocesparalelas.com.ar\/sitio\/?p=65625"},"modified":"2023-11-11T00:01:10","modified_gmt":"2023-11-11T03:01:10","slug":"los-intercolegiales-2023-rompio-los-records-deportivos-en-san-juan","status":"publish","type":"post","link":"https:\/\/vocesparalelas.com.ar\/sitio\/los-intercolegiales-2023-rompio-los-records-deportivos-en-san-juan\/","title":{"rendered":"Los Intercolegiales 2023 rompi\u00f3 los records deportivos en San Juan"},"content":{"rendered":"<p>Los\u00a0Juegos Intercolegiales se convirti\u00f3 en una actividad deportiva m\u00e1s importante de la provincia de San Juan, teniendo en cuenta la participaci\u00f3n de los alumnos de escuelas primarias y secundarias de los 19 departamentos, en diferentes actividades deportivas, promoviendo la participaci\u00f3n en los encuentros, pero m\u00e1s all\u00e1 de eso, la posibilidad de vivir nuevas experiencias, encontrar nuevos amigos y confraternizar.<\/p>\n<p>La Marat\u00f3n de Capital, que marc\u00f3 el cierre de las actividades del a\u00f1o, no hicieron m\u00e1s que confirmar lo mencionado, contando \u2013adem\u00e1s- con el invalorable aporte de los profesores, que fueron los encargados de organizar cada detalle a lo largo de los meses de competici\u00f3n, como de estar presentes en el evento final.<\/p>\n<p>Luego, de las carreras del Nivel Primario y del Nivel Secundario, las tribunas del Estadio Dr. Aldo Cantoni, se colmaron de participantes, que en un marco de plena algarab\u00eda, despidieron los Juegos Intercolegiales 2023 hasta el el 2024.<\/p>\n<p>El coordinador de los Juegos Intercolegiales de la Secretar\u00eda de Deportes del Gobierno de San Juan, Prof. Gast\u00f3n Olmos, manifest\u00f3 que \u00abel balance fue altamente positivo. Nosotros, este a\u00f1o, nos pusimos como objetivo superar los 40.000 inscriptos, que fue lo que el a\u00f1o pasado se logr\u00f3 con las dos etapas departamental y provincial. Este a\u00f1o no hab\u00eda provincial, pero quer\u00edamos superar el n\u00famero y se logr\u00f3, se lleg\u00f3 a 54.000 inscriptos en la parte departamental solamente y llegamos casi a 100.000 ni\u00f1os con la etapa previa, que es donde los profesores eligen a sus equipos y ayer con la marat\u00f3n, se cerraba el ciclo del profesor Carlos Ganci y nosotros lo cerramos por \u00e9l, pero era el ciclo de \u00e9l, era su etapa y lo cerramos como \u00e9l hubiera querido; llenamos el Estadio Dr. Aldo Cantoni con remeras celestes.<\/p>\n<p>En un primer momento, cuando se dio el boom de intercolegiales, se llen\u00f3 con las remeras naranja y pensamos que no se iba a volver a llenar. Ayer, cerrando el ciclo, lo volvimos a hacer, y esto fue muy bueno para todo el equipo de Intercolegiales, para todos los profesores que trabajan en Juegos y todos los chicos que trabajan en ellos, los cien profesores que realizan su tarea, terminamos todos super felices\u201d, finaliza su an\u00e1lisis Gast\u00f3n Olmos.<\/p>\n<p><iframe loading=\"lazy\" title=\"INTER\u00c7OLEGIALES SAN JUAN 2023\" width=\"800\" height=\"450\" src=\"https:\/\/www.youtube.com\/embed\/9sGEe-WCt_E?feature=oembed\" frameborder=\"0\" allow=\"accelerometer; autoplay; clipboard-write; encrypted-media; gyroscope; picture-in-picture; web-share\" allowfullscreen><\/iframe><\/p>\n","protected":false},"excerpt":{"rendered":"<p>Los\u00a0Juegos Intercolegiales se convirti\u00f3 en una actividad deportiva m\u00e1s importante de la provincia de San Juan, teniendo en cuenta la<\/p>\n","protected":false},"author":3,"featured_media":65628,"comment_status":"closed","ping_status":"closed","sticky":false,"template":"","format":"standard","meta":{"_acf_changed":false,"_seopress_robots_primary_cat":"none","_seopress_titles_title":"","_seopress_titles_desc":"","_seopress_robots_index":"","colormag_page_container_layout":"default_layout","colormag_page_sidebar_layout":"default_layout","footnotes":""},"categories":[1,7],"tags":[],"class_list":["post-65625","post","type-post","status-publish","format-standard","has-post-thumbnail","hentry","category-destacadas","category-videos"],"acf":[],"_links":{"self":[{"href":"https:\/\/vocesparalelas.com.ar\/sitio\/wp-json\/wp\/v2\/posts\/65625","targetHints":{"allow":["GET"]}}],"collection":[{"href":"https:\/\/vocesparalelas.com.ar\/sitio\/wp-json\/wp\/v2\/posts"}],"about":[{"href":"https:\/\/vocesparalelas.com.ar\/sitio\/wp-json\/wp\/v2\/types\/post"}],"author":[{"embeddable":true,"href":"https:\/\/vocesparalelas.com.ar\/sitio\/wp-json\/wp\/v2\/users\/3"}],"replies":[{"embeddable":true,"href":"https:\/\/vocesparalelas.com.ar\/sitio\/wp-json\/wp\/v2\/comments?post=65625"}],"version-history":[{"count":1,"href":"https:\/\/vocesparalelas.com.ar\/sitio\/wp-json\/wp\/v2\/posts\/65625\/revisions"}],"predecessor-version":[{"id":65629,"href":"https:\/\/vocesparalelas.com.ar\/sitio\/wp-json\/wp\/v2\/posts\/65625\/revisions\/65629"}],"wp:featuredmedia":[{"embeddable":true,"href":"https:\/\/vocesparalelas.com.ar\/sitio\/wp-json\/wp\/v2\/media\/65628"}],"wp:attachment":[{"href":"https:\/\/vocesparalelas.com.ar\/sitio\/wp-json\/wp\/v2\/media?parent=65625"}],"wp:term":[{"taxonomy":"category","embeddable":true,"href":"https:\/\/vocesparalelas.com.ar\/sitio\/wp-json\/wp\/v2\/categories?post=65625"},{"taxonomy":"post_tag","embeddable":true,"href":"https:\/\/vocesparalelas.com.ar\/sitio\/wp-json\/wp\/v2\/tags?post=65625"}],"curies":[{"name":"wp","href":"https:\/\/api.w.org\/{rel}","templated":true}]}}