{"id":65620,"date":"2023-11-10T21:23:12","date_gmt":"2023-11-11T00:23:12","guid":{"rendered":"https:\/\/vocesparalelas.com.ar\/sitio\/?p=65620"},"modified":"2023-11-10T23:23:48","modified_gmt":"2023-11-11T02:23:48","slug":"integrantes-del-frente-patria-grande-en-san-juan","status":"publish","type":"post","link":"https:\/\/vocesparalelas.com.ar\/sitio\/integrantes-del-frente-patria-grande-en-san-juan\/","title":{"rendered":"Integrantes del Frente Patria Grande en San Juan"},"content":{"rendered":"<p>El gobernador de San Juan, Dr. Sergio U\u00f1ac recibi\u00f3 en casa de Gobierno la visita protocolar de integrantes del Frente Patria Grande.<\/p>\n<p>De la reuni\u00f3n fueron parte Luz Eggel, representante de San Luis; Alejandro Ravazanni, de Mendoza; Lucas Luna, de La Rioja y el referente provincial Eduardo Camus, quien al t\u00e9rmino del encuentro se\u00f1al\u00f3: \u201cSaludamos al gobernador y lo interiorizamos sobre las actividades que el Frente Patria Grande desarroll\u00f3 en la regi\u00f3n durante los \u00faltimos cuatro a\u00f1os\u201d.<\/p>\n<p>Agreg\u00f3 que \u201cel objetivo es la construcci\u00f3n de una Argentina humana, combatir las desigualdades profundas que hay en el pa\u00eds y volver a recuperar con un plan federal la capacidad del Estado, proyectando pol\u00edticas p\u00fablicas que incluyan a todos y todas en el pa\u00eds\u201d.<\/p>\n<p>Finalmente sostuvo que \u201cla idea es seguir charlando con el gobernador U\u00f1ac porque tenemos una l\u00ednea de trabajo continuo, que nos d\u00e9 su mirada y aportar lo que estamos haciendo desde el frente para la contribuci\u00f3n de un mejor pa\u00eds\u201d.<\/p>\n<p><iframe loading=\"lazy\" title=\"U\u00f1ac recibi\u00f3 a integrantes del frente Patria Grande\" width=\"800\" height=\"450\" src=\"https:\/\/www.youtube.com\/embed\/GsCR7I7e7vM?feature=oembed\" frameborder=\"0\" allow=\"accelerometer; autoplay; clipboard-write; encrypted-media; gyroscope; picture-in-picture; web-share\" allowfullscreen><\/iframe><\/p>\n<p>&nbsp;<\/p>\n<p>&nbsp;<\/p>\n<p>&nbsp;<\/p>\n","protected":false},"excerpt":{"rendered":"<p>El gobernador de San Juan, Dr. Sergio U\u00f1ac recibi\u00f3 en casa de Gobierno la visita protocolar de integrantes del Frente<\/p>\n","protected":false},"author":3,"featured_media":65623,"comment_status":"closed","ping_status":"closed","sticky":false,"template":"","format":"standard","meta":{"_acf_changed":false,"_seopress_robots_primary_cat":"none","_seopress_titles_title":"","_seopress_titles_desc":"","_seopress_robots_index":"","colormag_page_container_layout":"default_layout","colormag_page_sidebar_layout":"default_layout","footnotes":""},"categories":[1,7],"tags":[],"class_list":["post-65620","post","type-post","status-publish","format-standard","has-post-thumbnail","hentry","category-destacadas","category-videos"],"acf":[],"_links":{"self":[{"href":"https:\/\/vocesparalelas.com.ar\/sitio\/wp-json\/wp\/v2\/posts\/65620","targetHints":{"allow":["GET"]}}],"collection":[{"href":"https:\/\/vocesparalelas.com.ar\/sitio\/wp-json\/wp\/v2\/posts"}],"about":[{"href":"https:\/\/vocesparalelas.com.ar\/sitio\/wp-json\/wp\/v2\/types\/post"}],"author":[{"embeddable":true,"href":"https:\/\/vocesparalelas.com.ar\/sitio\/wp-json\/wp\/v2\/users\/3"}],"replies":[{"embeddable":true,"href":"https:\/\/vocesparalelas.com.ar\/sitio\/wp-json\/wp\/v2\/comments?post=65620"}],"version-history":[{"count":1,"href":"https:\/\/vocesparalelas.com.ar\/sitio\/wp-json\/wp\/v2\/posts\/65620\/revisions"}],"predecessor-version":[{"id":65624,"href":"https:\/\/vocesparalelas.com.ar\/sitio\/wp-json\/wp\/v2\/posts\/65620\/revisions\/65624"}],"wp:featuredmedia":[{"embeddable":true,"href":"https:\/\/vocesparalelas.com.ar\/sitio\/wp-json\/wp\/v2\/media\/65623"}],"wp:attachment":[{"href":"https:\/\/vocesparalelas.com.ar\/sitio\/wp-json\/wp\/v2\/media?parent=65620"}],"wp:term":[{"taxonomy":"category","embeddable":true,"href":"https:\/\/vocesparalelas.com.ar\/sitio\/wp-json\/wp\/v2\/categories?post=65620"},{"taxonomy":"post_tag","embeddable":true,"href":"https:\/\/vocesparalelas.com.ar\/sitio\/wp-json\/wp\/v2\/tags?post=65620"}],"curies":[{"name":"wp","href":"https:\/\/api.w.org\/{rel}","templated":true}]}}