{"id":65604,"date":"2023-11-10T22:10:15","date_gmt":"2023-11-11T01:10:15","guid":{"rendered":"https:\/\/vocesparalelas.com.ar\/sitio\/?p=65604"},"modified":"2023-11-10T23:11:11","modified_gmt":"2023-11-11T02:11:11","slug":"la-emocion-dio-el-calor-al-acto-de-entrega-de-los-certificados-a-las-autoridades-electas-en-san-juan-2023","status":"publish","type":"post","link":"https:\/\/vocesparalelas.com.ar\/sitio\/la-emocion-dio-el-calor-al-acto-de-entrega-de-los-certificados-a-las-autoridades-electas-en-san-juan-2023\/","title":{"rendered":"La emoci\u00f3n dio el calor al acto de entrega de los certificados a las autoridades electas en San Juan 2023"},"content":{"rendered":"<p>En el Centro de Convenciones \u201cGuillermo Barrera Guzm\u00e1n\u201d se desarroll\u00f3 el Acto de entrega de los certificados a las autoridades Provinciales, Diputados, Municipales, concejales, electos en San Juan para el per\u00edodo 2023 al 2027.<\/p>\n<p>Es importante destacar que, el Tribunal Electoral de San Juan, al entregar los certificados a las autoridades electas de San Juan, se acredita el lugar ganado por el voto de las Elecciones 2023 en San Juan. Esto permite que, el 10 de Diciembre asuman para comenzar a cumplir las funciones que se le asign\u00f3 la ciudadan\u00eda para que gu\u00eden el destino de San Juan durante el per\u00edodo 2023 al 2027, es decir, durante cuatro a\u00f1os.<\/p>\n<p>El acto comenz\u00f3 con la entonaci\u00f3n del Himno Nacional Argentino acompa\u00f1ado por la Banda de M\u00fasica del RIM 22.<\/p>\n<p><iframe loading=\"lazy\" title=\"HIMNO NACIONAL ARGENTINO\" width=\"800\" height=\"450\" src=\"https:\/\/www.youtube.com\/embed\/T3lwjVhzrLQ?feature=oembed\" frameborder=\"0\" allow=\"accelerometer; autoplay; clipboard-write; encrypted-media; gyroscope; picture-in-picture; web-share\" allowfullscreen><\/iframe><\/p>\n<p>Posteriormente, el Fiscal General Dr. Eduardo Quattropani, felicit\u00f3 a las autoridades electas y a los ciudadanos por el desarrollo de las Elecciones 2023 en sus distintas instancias en San Juan en el marco de los 40 a\u00f1os de la Democracia.<\/p>\n<p><img loading=\"lazy\" decoding=\"async\" class=\"alignnone size-full wp-image-65613\" src=\"https:\/\/vocesparalelas.com.ar\/sitio\/wp-content\/uploads\/2023\/11\/ELECTOS-2023-07.jpg\" alt=\"\" width=\"800\" height=\"533\" srcset=\"https:\/\/vocesparalelas.com.ar\/sitio\/wp-content\/uploads\/2023\/11\/ELECTOS-2023-07.jpg 800w, https:\/\/vocesparalelas.com.ar\/sitio\/wp-content\/uploads\/2023\/11\/ELECTOS-2023-07-300x200.jpg 300w, https:\/\/vocesparalelas.com.ar\/sitio\/wp-content\/uploads\/2023\/11\/ELECTOS-2023-07-768x512.jpg 768w\" sizes=\"auto, (max-width: 800px) 100vw, 800px\" \/><\/p>\n<p>&nbsp;<\/p>\n<p>&nbsp;<\/p>\n<p><span style=\"color: #666699;\"><strong>Diputados Provinciales por el Sistema de Representaci\u00f3n Proporcional<\/strong><\/span><\/p>\n<p>Cristina del Carmen L\u00f3pez; Carlos Gustavo Jaime Quiroga;\u00a0Mario Alberto Herrero;\u00a0Marcela Ruth Quiroga;\u00a0Marisa Sandra L\u00f3pez;\u00a0Jorge Daniel Ripoll;\u00a0Eduardo Omar Cabello;\u00a0Mar\u00eda Rita Lascano;\u00a0Graciela Hilda Seva;\u00a0Enzo Ariel Cornejo;\u00a0Mar\u00eda Fernanda Paredes Zarate;\u00a0Franco Sebasti\u00e1n Aranda Croce;\u00a0Fernando Rodolfo Patinella;\u00a0Alejandra Natalia Leonardo;\u00a0Luis Hern\u00e1n Rueda;\u00a0Horacio Juan Quiroga;\u00a0Gustavo Walter Usin.<\/p>\n<p><span style=\"color: #666699;\"><strong>Departamento Albard\u00f3n<\/strong><\/span><\/p>\n<ul>\n<li><strong><span style=\"color: #666699;\">Intendente de la Municipalidad de Albard\u00f3n:<\/span><\/strong> Juan Carlos Abarca<\/li>\n<li><strong><span style=\"color: #666699;\">Diputado Departamental:<\/span> <\/strong>Pedro Enrique Albagli<\/li>\n<li><strong><span style=\"color: #666699;\">Concejales:<\/span><\/strong> Cristian Jon Yunes Navas; Silvina Raquel Tejada; Ram\u00f3n Abel Quiroga; Natacha Daniela Cereceda; Eugenia Natalia Pereyra Suarez; Jorge Luis Colomer<\/li>\n<\/ul>\n<p><strong><span style=\"color: #666699;\">Departamento Angaco<\/span><\/strong><\/p>\n<ul>\n<li><strong><span style=\"color: #666699;\">Intendente de la Municipalidad de Angaco:<\/span><\/strong> Jos\u00e9 Castro Galdeano<\/li>\n<li><span style=\"color: #666699;\"><strong>Diputado Departamental:<\/strong> <\/span>Andr\u00e9s Marcelo Mallea<\/li>\n<li><strong><span style=\"color: #666699;\">Concejales:<\/span> <\/strong>Alberto Enrique De Los R\u00edos Barboza; Luis Alejandro Paredes; Roberto Carlos L\u00f3pez; Gloria Elizabeth Herrera Elizondo; Andr\u00e9s Mariano Olivera<\/li>\n<\/ul>\n<p><strong><span style=\"color: #666699;\">Departamento Calingasta<\/span><\/strong><\/p>\n<ul>\n<li><strong><span style=\"color: #666699;\">Intendente de la Municipalidad de Calingasta:<\/span> <\/strong>Sebastian Alberto Carbajal<\/li>\n<li><span style=\"color: #666699;\"><strong>Diputado Departamental:<\/strong> <\/span>Jorge Cipriano Cata\u00f1eda<\/li>\n<li><strong><span style=\"color: #666699;\">Concejales:<\/span><\/strong> Gloria Patricia Castillo; Juan Sebasti\u00e1n Ramos; Heber Leonel Tapia P\u00e9rez; Santos Domingo Zarate; Nora Beatriz Olivares<\/li>\n<\/ul>\n<p><strong><span style=\"color: #666699;\">Departamento Capital<\/span><\/strong><\/p>\n<ul>\n<li><strong><span style=\"color: #666699;\">Intendente de la Municipalidad Capital:<\/span><\/strong> Susana Alicia Laciar<\/li>\n<li><span style=\"color: #666699;\"><strong>Diputado Departamental:<\/strong><\/span> Gustavo Emilio Fern\u00e1ndez<\/li>\n<li><strong><span style=\"color: #666699;\">Concejales:<\/span><\/strong> Elio Rub\u00e9n Martos Vargas; Horacio Esteban Lucero; Pablo Andr\u00e9s Us\u00edn; Dante Javier Garc\u00eda; M\u00f3nica Lorena Lobos; Eliana Antonia Lujan Camacho; Beatriz Encarnaci\u00f3n Mu\u00f1oz; Alberto Elio D\u00e1vila; Ariel Eduardo Palma P\u00e9rez; Mirtha Estela R\u00edos; Alejandra Esperanza Gonzales; Mariano Dom\u00ednguez Ginestar<\/li>\n<\/ul>\n<p><span style=\"color: #666699;\"><strong>Departamento Caucete<\/strong><\/span><\/p>\n<ul>\n<li><strong><span style=\"color: #666699;\">Intendente de la Municipalidad de Caucete:<\/span><\/strong> Rosas, Romina Gabriela<\/li>\n<li><span style=\"color: #666699;\"><strong>Diputado Departamental:<\/strong><\/span> Emilio Gabriel Escudero<\/li>\n<li><strong><span style=\"color: #666699;\">Concejales:<\/span><\/strong> Jose Luis Gim\u00e9nez; Franco Emanuel Buffagni; Erik Emanuel Castro; Rosa Marina Poblete; Adriana Elizabeth Ginestar; Farran Ramiro Fern\u00e1ndez; Luis Emilio Roca P\u00e9rez<\/li>\n<\/ul>\n<p><strong><span style=\"color: #666699;\">Departamento Chimbas<\/span><\/strong><\/p>\n<ul>\n<li><strong><span style=\"color: #666699;\">Intendente de la Municipalidad de Chimbas:<\/span><\/strong> Daniela Ver\u00f3nica Corzo Rodr\u00edguez<\/li>\n<li><strong><span style=\"color: #666699;\">Diputado Departamental:<\/span><\/strong> Gabriel Ignacio S\u00e1nchez Baron<\/li>\n<li><strong><span style=\"color: #666699;\">Concejales: <\/span><\/strong>Ivana Natalia Cortez; Julio Cesar Godoy; Noelia Daiana Tortarolo Cozza; Eduardo Esteban Rodr\u00edguez; Isidro Ariel Rivero; Amilcar Luciano Osvaldo Cano; Eduardo Daniel Nu\u00f1ez; Mar\u00eda Antonia Arredondo; Augusto Bernab\u00e9 Neira; Griselda Lorena Chavez<\/li>\n<\/ul>\n<p><strong><span style=\"color: #666699;\">Departamento\u00a0Iglesia<\/span><\/strong><\/p>\n<ul>\n<li><span style=\"color: #666699;\"><strong>Intendente:<\/strong><\/span> Jorge Leopoldo Espejo<\/li>\n<li><strong><span style=\"color: #666699;\">Diputado Departamental:<\/span> <\/strong>Gustavo Elias Deguer,<\/li>\n<li><strong><span style=\"color: #666699;\">Concejales:<\/span> <\/strong>Enrique David Mu\u00f1oz; Roberto Pinto; Claudia Andrea Cabral; Pablo Miguel Esquibel; Marcelo Fabio Agudo;<\/li>\n<\/ul>\n<p><strong><span style=\"color: #666699;\">Departamento J\u00e1chal<\/span><\/strong><\/p>\n<ul>\n<li><strong><span style=\"color: #666699;\">Intendente de la Municipalidad de J\u00e1chal:<\/span><\/strong> Horacio Mat\u00edas Jos\u00e9 Espejo Salinero<\/li>\n<li><strong><span style=\"color: #666699;\">Diputado Departamental:<\/span><\/strong> Miguel \u00c1ngel Vega<\/li>\n<li><strong><strong><span style=\"color: #666699;\">Concejales: <\/span><\/strong><\/strong>H\u00e9ctor S\u00e1nchez; Sonia Beatriz Araya; Silvia Gema Casas; Mariela Beatriz Mesias; Washington Walter Beron; Felipe Alberto Tanez Ruiz<\/li>\n<\/ul>\n<p><span style=\"color: #666699;\"><strong>Departamento 9 de Julio<\/strong><\/span><\/p>\n<ul>\n<li><span style=\"color: #666699;\"><strong>Intendente de la Municipalidad de 9 de Julio:<\/strong> <\/span>Eduardo Daniel Banega Allende,<\/li>\n<li><span style=\"color: #666699;\"><strong>Diputado Departamental:<\/strong><\/span> Gustavo Emilio N\u00fa\u00f1ez<\/li>\n<li><strong><span style=\"color: #666699;\">Concejales:<\/span> <\/strong>Franco Jair Barrionuevo; Olga Elizabeth S\u00e1nchez; G\u00e9nesis Bel\u00e9n Lencina G\u00f3mez; Julieta Salome Bustos Matamora; V\u00edctor Daniel Baz\u00e1n<\/li>\n<\/ul>\n<p><strong><span style=\"color: #666699;\">Departamento Pocito<\/span><\/strong><\/p>\n<ul>\n<li><strong><span style=\"color: #666699;\">Intendente de la Municipalidad de Pocito:<\/span> <\/strong>N\u00e9stor Fabi\u00e1n Aballay<\/li>\n<li><strong><span style=\"color: #666699;\">Diputado Departamental:<\/span><\/strong> Stella Maris Caparros Gonz\u00e1lez<\/li>\n<li><strong><span style=\"color: #666699;\">Concejales:<\/span><\/strong> Flavio Adolfo Quadri; Yuliana Anahi Romero; Laura Marisa Palma Pelaez; Cristina Ester Orellano; Oscar Albino Arevalo; Juan Carlos Cepulbeda; M\u00f3nica Nancy Navarro; Juan Andr\u00e9s Alfaro<\/li>\n<\/ul>\n<p><strong><span style=\"color: #666699;\">Departamento Rawson<\/span><\/strong><\/p>\n<ul>\n<li><span style=\"color: #666699;\"><strong>Intendente de la Municipal de Rawson:<\/strong><\/span> Carlos Ariel Munisaga Almenzar<\/li>\n<li><strong><span style=\"color: #666699;\">Diputado Departamental:<\/span> <\/strong>Pablo Alberto Garcia Nieto<\/li>\n<li><span style=\"color: #666699;\"><strong>Concejales:<\/strong> <\/span>Ignacio Ariel Coronado Saez; Elio Ramon Frack; Pedro Ernesto Calvo Ranea; Vanina Maria Andino Gilabert; Adriana Juana D\u00edaz; Ceferino Antonio Ruiz; Rosa Gabriela Sosa; Daniel Eduardo Poblete; Modesto Antonio Fern\u00e1ndez; Ram\u00f3n Luciano De La Presilla Araya; Azucena Romelia R\u00edos; Cesar Gustavo Sosa<\/li>\n<\/ul>\n<p><strong><span style=\"color: #666699;\">Departamento Rivadavia<\/span><\/strong><\/p>\n<ul>\n<li><span style=\"color: #666699;\"><strong>Intendente de la Municipalidad de Rivadavia:<\/strong> <\/span>Sergio David Miodowsky<\/li>\n<li><strong><span style=\"color: #666699;\">Diputado Departamental:<\/span> <\/strong>Juan Cruz C\u00f3rdoba<\/li>\n<li><strong><span style=\"color: #666699;\">Concejales:<\/span><\/strong> Pedro Federico R\u00edos Ya\u00f1ez; Romina Julia Albarrac\u00edn Guti\u00e9rrez; Marcelo Barros; Sergio Fernando Carrion Ferreyra; Carolina In\u00e9s Correa Corts; Herman Maximiliano Cuk Perisotto; Leonardo Martin Videla Belascoain; Cristian Ricardo Morales; Beatriz M\u00f3nica Castro; Mariela Mingorance<\/li>\n<\/ul>\n<p><strong><span style=\"color: #666699;\">Departamento San Mart\u00edn<\/span><\/strong><\/p>\n<ul>\n<li><strong><span style=\"color: #666699;\">Intendente de la Municipalidad de San Mart\u00edn:<\/span><\/strong> Anal\u00eda Paula Becerra<\/li>\n<li><strong><span style=\"color: #666699;\">Diputado Departamental:<\/span><\/strong> Marta Edit Gramajo<\/li>\n<li><strong><span style=\"color: #666699;\">Concejales:<\/span> <\/strong>Edgar Eduardo Orozco Mercado; Mar\u00eda Bel\u00e9n Romero; Anal\u00eda Ver\u00f3nica Escudero Monta\u00f1o; Roberto Carlos P\u00e1ez; Julio Salman<\/li>\n<\/ul>\n<p><strong><span style=\"color: #666699;\">Departamento Santa Luc\u00eda<\/span><\/strong><\/p>\n<ul>\n<li><strong><span style=\"color: #666699;\">Intendente de la Municipalidad de Santa Luc\u00eda:<\/span><\/strong> Juan Jose Orrego<\/li>\n<li><span style=\"color: #666699;\"><strong>Diputado Departamental:<\/strong> <\/span>Carlos Antonio Platero Macias<\/li>\n<li><span style=\"color: #666699;\"><strong>Concejales:<\/strong><\/span> Juan Manuel Roca; Guillermo Eduardo Gonz\u00e1lez Carabajal; Silvia Sara Fuentes Gimenez; Luis Emilio Estebes; Etel Carolina Del Valle Porres Tapia; Nathalia Noel Sanchez; H\u00e9ctor Hugo Mart\u00ednez; Humberto Gonz\u00e1lez<\/li>\n<\/ul>\n<p><strong><span style=\"color: #666699;\">Departamento Sarmiento<\/span><\/strong><\/p>\n<ul>\n<li><strong><span style=\"color: #666699;\">Intendente de la Municipalidad de Sarmiento:<\/span> <\/strong>Alfredo Mario Castro L\u00f3pez<\/li>\n<li><span style=\"color: #666699;\"><strong>Diputado Departamental:<\/strong> <\/span>Eduardo Andr\u00e9s Castro R\u00edos<\/li>\n<li><strong><span style=\"color: #666699;\">Concejales:<\/span><\/strong> Jos\u00e9 Luis Fern\u00e1ndez; Mauricio Helenio Cendon; Valeria Roxana Lourdes Rios; Marcela Beatriz Gonzalez; Lucas Alberto Gomez; Diego Alberto Cortez Pereyra<\/li>\n<\/ul>\n<p><strong><span style=\"color: #666699;\">Departamento Ullum<\/span><\/strong><\/p>\n<ul>\n<li><span style=\"color: #666699;\"><strong>Intendente de la Municipalidad de Ullum:<\/strong><\/span> Hugo David Dominguez Monta\u00f1a<\/li>\n<li><strong><span style=\"color: #666699;\">Diputado Departamental:<\/span> <\/strong>Leopoldo Soler<\/li>\n<li><strong><span style=\"color: #666699;\">Concejales: <\/span><\/strong>Daniel Esteban Riveros; Jos\u00e9 Eduardo Trigo; Vanesa Griselda Cortez; Ver\u00f3nica In\u00e9s Trigo; Romina Guadalupe Solera<\/li>\n<\/ul>\n<p><strong><span style=\"color: #666699;\">Departamento Valle F\u00e9rtil<\/span><\/strong><\/p>\n<ul>\n<li><span style=\"color: #666699;\"><strong>Intendente de la Municipalidad de Valle F\u00e9rtil:<\/strong> <\/span>Mario Julio Riveros<\/li>\n<li><span style=\"color: #666699;\"><strong>Diputado Departamental:<\/strong><\/span> Omar Washington Ortiz<\/li>\n<li><span style=\"color: #666699;\"><strong>Concejales: <\/strong><\/span>Jorge Dante Castro; Sergio Alberto Alvarez Ortiz; Monica Elisabeth Rivero; Pedro Ariel Lucero; Rosana Carina Calivar<\/li>\n<\/ul>\n<p><strong><span style=\"color: #666699;\">Departamento 25 de Mayo<\/span><\/strong><\/p>\n<ul>\n<li><strong><span style=\"color: #666699;\">Intendente de la Municipalidad de 25 de Mayo:<\/span> <\/strong>Rodolfo Alejandro Jalife Candino<\/li>\n<li><strong><span style=\"color: #666699;\">Diputado Departamental:<\/span> <\/strong>Juan Carlos Facundo Quiroga Moyano,<\/li>\n<li><span style=\"color: #666699;\"><strong>Concejales: <\/strong><\/span>Juan Domingo Mercado; Sandra Rosa Quiroga Caballero; Maria Daniela Berenguer Miguel; Javier Alfredo Villegas; Alberto Tomas Plaza Leyes; Wilson Gabriel Jesus Alcaras Bustos<\/li>\n<\/ul>\n<p><strong><span style=\"color: #666699;\">Departamento Zonda<\/span><\/strong><\/p>\n<ul>\n<li><span style=\"color: #666699;\"><strong>Intendente de la Municipalidad de Zonda:<\/strong> <\/span>Juan Jose Atampiz,<\/li>\n<li><span style=\"color: #666699;\"><strong>Diputado Departamental:<\/strong><\/span> Miguel \u00c1ngel Atampiz,<\/li>\n<li><span style=\"color: #666699;\"><strong>Concejales: <\/strong><\/span>Alfredo Sergio Martinez; Monica Analia Ontiveros; Victor Hugo Monta\u00f1a; Gustavo Martin Ledesma; Jorge Nicolas Andujar Carbajal<\/li>\n<\/ul>\n<p>Al final del acto de entrega de los certificados fue el momento m\u00e1s emotivo porque son las autoridades que van a guiar el destino de San Juan.<\/p>\n<ul>\n<li>Vicegobernador de la Provincia de San Juan: Jos\u00e9 Fabi\u00e1n Mart\u00edn<\/li>\n<\/ul>\n<p><img loading=\"lazy\" decoding=\"async\" class=\"alignnone size-full wp-image-65608\" src=\"https:\/\/vocesparalelas.com.ar\/sitio\/wp-content\/uploads\/2023\/11\/ELECTOS-2023-02.jpg\" alt=\"\" width=\"800\" height=\"533\" srcset=\"https:\/\/vocesparalelas.com.ar\/sitio\/wp-content\/uploads\/2023\/11\/ELECTOS-2023-02.jpg 800w, https:\/\/vocesparalelas.com.ar\/sitio\/wp-content\/uploads\/2023\/11\/ELECTOS-2023-02-300x200.jpg 300w, https:\/\/vocesparalelas.com.ar\/sitio\/wp-content\/uploads\/2023\/11\/ELECTOS-2023-02-768x512.jpg 768w\" sizes=\"auto, (max-width: 800px) 100vw, 800px\" \/><\/p>\n<ul>\n<li>Gobernador de la Provincia de San Juan:\u00a0Humberto Marcelo Orrego<\/li>\n<\/ul>\n<p><img loading=\"lazy\" decoding=\"async\" class=\"alignnone size-full wp-image-65612\" src=\"https:\/\/vocesparalelas.com.ar\/sitio\/wp-content\/uploads\/2023\/11\/ELECTOS-2023-06.jpg\" alt=\"\" width=\"800\" height=\"506\" srcset=\"https:\/\/vocesparalelas.com.ar\/sitio\/wp-content\/uploads\/2023\/11\/ELECTOS-2023-06.jpg 800w, https:\/\/vocesparalelas.com.ar\/sitio\/wp-content\/uploads\/2023\/11\/ELECTOS-2023-06-300x190.jpg 300w, https:\/\/vocesparalelas.com.ar\/sitio\/wp-content\/uploads\/2023\/11\/ELECTOS-2023-06-768x486.jpg 768w\" sizes=\"auto, (max-width: 800px) 100vw, 800px\" \/><\/p>\n<p>&nbsp;<\/p>\n<p>Previa al acto y a su llegada al Centro de Convenciones \u201cGuillermo Barrera Guzm\u00e1n\u201d, el Gobernador Electo de la Provincia de San Juan, Dr. Humberto Marcelo Orrego hizo declaraciones a los Periodistas San Juan.<\/p>\n<p><iframe loading=\"lazy\" title=\"GOBERNADOR ELECTO DR MARCELO ORREGO\" width=\"800\" height=\"450\" src=\"https:\/\/www.youtube.com\/embed\/BYWOQSZuCqM?feature=oembed\" frameborder=\"0\" allow=\"accelerometer; autoplay; clipboard-write; encrypted-media; gyroscope; picture-in-picture; web-share\" allowfullscreen><\/iframe><\/p>\n<p>Luego de la entrega del Certificado el Vicegobernador de la Provincia de San Juan, Dr. Jos\u00e9 Fabi\u00e1n Mart\u00edn manifest\u00f3 las sensaciones que no se pueden describir por la emoci\u00f3n.<\/p>\n<p><iframe loading=\"lazy\" title=\"VICEGOBERNADOR ELECTO DR FABI\u00c1N MART\u00cdN\" width=\"800\" height=\"450\" src=\"https:\/\/www.youtube.com\/embed\/pGbEDy6dGsA?feature=oembed\" frameborder=\"0\" allow=\"accelerometer; autoplay; clipboard-write; encrypted-media; gyroscope; picture-in-picture; web-share\" allowfullscreen><\/iframe><\/p>\n<p><strong><span style=\"color: #666699;\">Otros momentos fotogr\u00e1ficos<\/span><\/strong><\/p>\n<p><img loading=\"lazy\" decoding=\"async\" class=\"alignnone size-full wp-image-65610\" src=\"https:\/\/vocesparalelas.com.ar\/sitio\/wp-content\/uploads\/2023\/11\/ELECTOS-2023-04.jpg\" alt=\"\" width=\"800\" height=\"533\" srcset=\"https:\/\/vocesparalelas.com.ar\/sitio\/wp-content\/uploads\/2023\/11\/ELECTOS-2023-04.jpg 800w, https:\/\/vocesparalelas.com.ar\/sitio\/wp-content\/uploads\/2023\/11\/ELECTOS-2023-04-300x200.jpg 300w, https:\/\/vocesparalelas.com.ar\/sitio\/wp-content\/uploads\/2023\/11\/ELECTOS-2023-04-768x512.jpg 768w\" sizes=\"auto, (max-width: 800px) 100vw, 800px\" \/><\/p>\n<p><img loading=\"lazy\" decoding=\"async\" class=\"alignnone size-full wp-image-65609\" src=\"https:\/\/vocesparalelas.com.ar\/sitio\/wp-content\/uploads\/2023\/11\/ELECTOS-2023-03.jpg\" alt=\"\" width=\"800\" height=\"533\" srcset=\"https:\/\/vocesparalelas.com.ar\/sitio\/wp-content\/uploads\/2023\/11\/ELECTOS-2023-03.jpg 800w, https:\/\/vocesparalelas.com.ar\/sitio\/wp-content\/uploads\/2023\/11\/ELECTOS-2023-03-300x200.jpg 300w, https:\/\/vocesparalelas.com.ar\/sitio\/wp-content\/uploads\/2023\/11\/ELECTOS-2023-03-768x512.jpg 768w\" sizes=\"auto, (max-width: 800px) 100vw, 800px\" \/><\/p>\n<p><img loading=\"lazy\" decoding=\"async\" class=\"alignnone size-full wp-image-65607\" src=\"https:\/\/vocesparalelas.com.ar\/sitio\/wp-content\/uploads\/2023\/11\/ELECTOS-2023-01.jpg\" alt=\"\" width=\"800\" height=\"533\" srcset=\"https:\/\/vocesparalelas.com.ar\/sitio\/wp-content\/uploads\/2023\/11\/ELECTOS-2023-01.jpg 800w, https:\/\/vocesparalelas.com.ar\/sitio\/wp-content\/uploads\/2023\/11\/ELECTOS-2023-01-300x200.jpg 300w, https:\/\/vocesparalelas.com.ar\/sitio\/wp-content\/uploads\/2023\/11\/ELECTOS-2023-01-768x512.jpg 768w\" sizes=\"auto, (max-width: 800px) 100vw, 800px\" \/><\/p>\n<p><img loading=\"lazy\" decoding=\"async\" class=\"alignnone size-full wp-image-59964\" src=\"https:\/\/vocesparalelas.com.ar\/sitio\/wp-content\/uploads\/2023\/06\/BANDERA-SAN-JUAN.jpg\" alt=\"\" width=\"800\" height=\"600\" srcset=\"https:\/\/vocesparalelas.com.ar\/sitio\/wp-content\/uploads\/2023\/06\/BANDERA-SAN-JUAN.jpg 800w, https:\/\/vocesparalelas.com.ar\/sitio\/wp-content\/uploads\/2023\/06\/BANDERA-SAN-JUAN-300x225.jpg 300w, https:\/\/vocesparalelas.com.ar\/sitio\/wp-content\/uploads\/2023\/06\/BANDERA-SAN-JUAN-768x576.jpg 768w\" sizes=\"auto, (max-width: 800px) 100vw, 800px\" \/><\/p>\n<p>&nbsp;<\/p>\n<p>&nbsp;<\/p>\n","protected":false},"excerpt":{"rendered":"<p>En el Centro de Convenciones \u201cGuillermo Barrera Guzm\u00e1n\u201d se desarroll\u00f3 el Acto de entrega de los certificados a las autoridades<\/p>\n","protected":false},"author":3,"featured_media":65611,"comment_status":"closed","ping_status":"closed","sticky":false,"template":"","format":"standard","meta":{"_acf_changed":false,"_seopress_robots_primary_cat":"none","_seopress_titles_title":"","_seopress_titles_desc":"","_seopress_robots_index":"","colormag_page_container_layout":"default_layout","colormag_page_sidebar_layout":"default_layout","footnotes":""},"categories":[1,7],"tags":[],"class_list":["post-65604","post","type-post","status-publish","format-standard","has-post-thumbnail","hentry","category-destacadas","category-videos"],"acf":[],"_links":{"self":[{"href":"https:\/\/vocesparalelas.com.ar\/sitio\/wp-json\/wp\/v2\/posts\/65604","targetHints":{"allow":["GET"]}}],"collection":[{"href":"https:\/\/vocesparalelas.com.ar\/sitio\/wp-json\/wp\/v2\/posts"}],"about":[{"href":"https:\/\/vocesparalelas.com.ar\/sitio\/wp-json\/wp\/v2\/types\/post"}],"author":[{"embeddable":true,"href":"https:\/\/vocesparalelas.com.ar\/sitio\/wp-json\/wp\/v2\/users\/3"}],"replies":[{"embeddable":true,"href":"https:\/\/vocesparalelas.com.ar\/sitio\/wp-json\/wp\/v2\/comments?post=65604"}],"version-history":[{"count":1,"href":"https:\/\/vocesparalelas.com.ar\/sitio\/wp-json\/wp\/v2\/posts\/65604\/revisions"}],"predecessor-version":[{"id":65614,"href":"https:\/\/vocesparalelas.com.ar\/sitio\/wp-json\/wp\/v2\/posts\/65604\/revisions\/65614"}],"wp:featuredmedia":[{"embeddable":true,"href":"https:\/\/vocesparalelas.com.ar\/sitio\/wp-json\/wp\/v2\/media\/65611"}],"wp:attachment":[{"href":"https:\/\/vocesparalelas.com.ar\/sitio\/wp-json\/wp\/v2\/media?parent=65604"}],"wp:term":[{"taxonomy":"category","embeddable":true,"href":"https:\/\/vocesparalelas.com.ar\/sitio\/wp-json\/wp\/v2\/categories?post=65604"},{"taxonomy":"post_tag","embeddable":true,"href":"https:\/\/vocesparalelas.com.ar\/sitio\/wp-json\/wp\/v2\/tags?post=65604"}],"curies":[{"name":"wp","href":"https:\/\/api.w.org\/{rel}","templated":true}]}}