{"id":65595,"date":"2023-11-10T14:32:55","date_gmt":"2023-11-10T17:32:55","guid":{"rendered":"https:\/\/vocesparalelas.com.ar\/sitio\/?p=65595"},"modified":"2023-11-10T14:39:25","modified_gmt":"2023-11-10T17:39:25","slug":"se-suspenden-las-actividades-turno-tarde-por-la-alerta-del-viento-zonda-en-la-unsj","status":"publish","type":"post","link":"https:\/\/vocesparalelas.com.ar\/sitio\/se-suspenden-las-actividades-turno-tarde-por-la-alerta-del-viento-zonda-en-la-unsj\/","title":{"rendered":"Se suspenden las actividades turno tarde por la alerta del Viento Zonda en la UNSJ"},"content":{"rendered":"<p>Frente la alerta meteorol\u00f3gica de Viento Zonda en San Juan y por recomendaciones del Comit\u00e9 Central de Higiene y Seguridad de la UNSJ, se suspenden las actividades acad\u00e9micas el Viernes, 10 de Noviembre de 2023, en<\/p>\n<ul>\n<li>FAUD de la UNSJ, a partir de las 14 hs.;<\/li>\n<li>FACSO de la UNSJ, a partir de las 14 hs.<\/li>\n<li>FI de la UNSJ, a partir de las 15 hs.<\/li>\n<li>FCEFN de la UNSJ, a partir de las 16 hs. pero las elecciones del Departamento de Matem\u00e1tica, F\u00edsica y Qu\u00edmica mantendr\u00e1n el cronograma previsto para la presente jornada.<\/li>\n<li>EUCS de la UNSJ, a partir de las 16:30 hs.<\/li>\n<li>FFHA de la UNSJ, a partir de las 17 hs.<\/li>\n<\/ul>\n<p><strong><span style=\"color: #3366ff;\">Institutos Preuniversitario<\/span><\/strong><\/p>\n<ul>\n<li>EIDFS de la UNSJ, se suspenden los Talleres turno tarde<\/li>\n<li>CCU de la UNSJ, se reprograma el Taller de Idioma de las 18 hs.<\/li>\n<li>ECLGSM de la UNSJ, se suspenden las consultas programadas para despu\u00e9s de las 16 hs.; se Realizan en forma virtual o se reprograman para la semana pr\u00f3xima.<\/li>\n<\/ul>\n<p><strong><span style=\"color: #3366ff;\">Complejo Deportivo \u00abEl Palomar\u00bb de la UNSJ<\/span><\/strong><\/p>\n<p>A partir de las 16:30 hs.; se suspenden las actividades al aire libre<\/p>\n<p><strong><span style=\"color: #ff0000;\">Observaci\u00f3n<\/span><\/strong><\/p>\n<p>Las actividades suspendidas se van a reprogramar.<\/p>\n<p>&nbsp;<\/p>\n<p>&nbsp;<\/p>\n","protected":false},"excerpt":{"rendered":"<p>Frente la alerta meteorol\u00f3gica de Viento Zonda en San Juan y por recomendaciones del Comit\u00e9 Central de Higiene y Seguridad<\/p>\n","protected":false},"author":3,"featured_media":54035,"comment_status":"closed","ping_status":"closed","sticky":false,"template":"","format":"standard","meta":{"_acf_changed":false,"_seopress_robots_primary_cat":"none","_seopress_titles_title":"","_seopress_titles_desc":"","_seopress_robots_index":"","colormag_page_container_layout":"default_layout","colormag_page_sidebar_layout":"default_layout","footnotes":""},"categories":[1],"tags":[],"class_list":["post-65595","post","type-post","status-publish","format-standard","has-post-thumbnail","hentry","category-destacadas"],"acf":[],"_links":{"self":[{"href":"https:\/\/vocesparalelas.com.ar\/sitio\/wp-json\/wp\/v2\/posts\/65595","targetHints":{"allow":["GET"]}}],"collection":[{"href":"https:\/\/vocesparalelas.com.ar\/sitio\/wp-json\/wp\/v2\/posts"}],"about":[{"href":"https:\/\/vocesparalelas.com.ar\/sitio\/wp-json\/wp\/v2\/types\/post"}],"author":[{"embeddable":true,"href":"https:\/\/vocesparalelas.com.ar\/sitio\/wp-json\/wp\/v2\/users\/3"}],"replies":[{"embeddable":true,"href":"https:\/\/vocesparalelas.com.ar\/sitio\/wp-json\/wp\/v2\/comments?post=65595"}],"version-history":[{"count":5,"href":"https:\/\/vocesparalelas.com.ar\/sitio\/wp-json\/wp\/v2\/posts\/65595\/revisions"}],"predecessor-version":[{"id":65602,"href":"https:\/\/vocesparalelas.com.ar\/sitio\/wp-json\/wp\/v2\/posts\/65595\/revisions\/65602"}],"wp:featuredmedia":[{"embeddable":true,"href":"https:\/\/vocesparalelas.com.ar\/sitio\/wp-json\/wp\/v2\/media\/54035"}],"wp:attachment":[{"href":"https:\/\/vocesparalelas.com.ar\/sitio\/wp-json\/wp\/v2\/media?parent=65595"}],"wp:term":[{"taxonomy":"category","embeddable":true,"href":"https:\/\/vocesparalelas.com.ar\/sitio\/wp-json\/wp\/v2\/categories?post=65595"},{"taxonomy":"post_tag","embeddable":true,"href":"https:\/\/vocesparalelas.com.ar\/sitio\/wp-json\/wp\/v2\/tags?post=65595"}],"curies":[{"name":"wp","href":"https:\/\/api.w.org\/{rel}","templated":true}]}}