{"id":65586,"date":"2023-11-10T20:00:57","date_gmt":"2023-11-10T23:00:57","guid":{"rendered":"https:\/\/vocesparalelas.com.ar\/sitio\/?p=65586"},"modified":"2023-11-16T00:01:17","modified_gmt":"2023-11-16T03:01:17","slug":"que-significa-la-adhesion-de-san-juan-a-la-ley-nacional-lucio-dupuy","status":"publish","type":"post","link":"https:\/\/vocesparalelas.com.ar\/sitio\/que-significa-la-adhesion-de-san-juan-a-la-ley-nacional-lucio-dupuy\/","title":{"rendered":"\u00bfQu\u00e9 significa la adhesi\u00f3n de San Juan a la Ley Nacional \u00abLucio Dupuy\u00bb?"},"content":{"rendered":"<p>La C\u00e1mara de Diputados de San Juan, el Jueves, 09 de Noviembre, durante la Novena Sesi\u00f3n del per\u00edodo ordinario, aprob\u00f3 una iniciativa de ley, autor\u00eda de la legisladora Dra. Fernanda Paredes, por la que la provincia adhiere a la Ley Nacional N\u00b0 27.709\u00a0 \u00abLucio Dupuy\u00bb, por el que establece el Plan Federal de Capacitaci\u00f3n de car\u00e1cter continuo, permanente y obligatorio para la protecci\u00f3n de los Derechos de la Infancia y Prevenci\u00f3n Contra las Violencias de los Ni\u00f1os, Ni\u00f1as y Adolescentes.<\/p>\n<p>Por iniciativa de la diputada Dra. Fernanda Paredes, la Legislatura adhiri\u00f3 a la ley Nacional denominada \u00abLucio Dupuy\u00bb, que dispara la creaci\u00f3n de una serie de mecanismos y herramientas para la protecci\u00f3n de los Derechos de la Infancia y Prevenci\u00f3n Contra la Violencia de los Ni\u00f1os, Ni\u00f1as y Adolescentes.<\/p>\n<p>Durante la presentaci\u00f3n, la legisladora Fernanda Paredes record\u00f3 \u201cel pasado 13 de abril de 2023, el Congreso de la Naci\u00f3n sancion\u00f3 la Ley Lucio, basada en el caso de Infanticidio que se cometi\u00f3 en la provincia de Neuqu\u00e9n.<\/p>\n<p>La v\u00edctima Lucio Dupuy muri\u00f3 el 26 de noviembre de 2021, como consecuencia de un \u00abedema cerebral con enclavamiento, asociado a m\u00faltiples golpes violentos\u00bb. Seg\u00fan la investigaci\u00f3n judicial, el ni\u00f1o de cinco a\u00f1os hab\u00eda sido v\u00edctima de \u00abuna modalidad abusiva cr\u00f3nica\u00bb durante los meses anteriores, por las que habr\u00eda sufrido m\u00faltiples lesiones. Por esos hechos, el 17 de febrero de 2023, la justicia argentina conden\u00f3 a prisi\u00f3n perpetua a Magdalena Esp\u00f3sito Valenti, madre de Lucio Dupuy, por el homicidio triplemente calificado de su hijo; y a Abigail P\u00e1ez, pareja de la mujer, de homicidio doblemente calificado del menor y tambi\u00e9n de abuso sexual con objeto f\u00e1lico\u201d.<\/p>\n<p>Seguidamente, Fernanda Paredes se\u00f1al\u00f3 que \u201cla norma sancionada, dispone la capacitaci\u00f3n con car\u00e1cter continuo, permanente y obligatorio, en derechos de las infancias y violencias contra los ni\u00f1os, ni\u00f1as y adolescentes para todos aquellos que ejercen la funci\u00f3n p\u00fablica en el Poder Ejecutivo, Legislativo y Judicial. Dicha capacitaci\u00f3n, es acompa\u00f1ada de otras herramientas que contribuyen a reforzar lo normado por la Ley 26.061 de \u00abProtecci\u00f3n integral de los derechos de las ni\u00f1as, ni\u00f1os y adolescentes\u00bb.<\/p>\n<p>Las herramientas son:<\/p>\n<ul>\n<li>La implementaci\u00f3n de un protocolo de actuaci\u00f3n de las fuerzas de seguridad, organismos de la ni\u00f1ez y jueces con competencia en familia, a elaborar en forma conjunta por los \u00f3rganos Ejecutivo y Judicial.<\/li>\n<li>La realizaci\u00f3n, por parte del Estado, de campa\u00f1as de concientizaci\u00f3n en forma semestral.<\/li>\n<li>La implementaci\u00f3n obligatoria de la L\u00ednea 102 , de atenci\u00f3n gratuita.<\/li>\n<li>La reserva de identidad de aquellas personas, que con conocimiento de alguna situaci\u00f3n de maltrato infantil, realizan la denuncia\u201d.<\/li>\n<\/ul>\n<p>\u201cEn consecuencia, ante estas situaciones de violencia familiar, acoso o indiferencia de la que muchos ni\u00f1os, ni\u00f1as y adolescentes son v\u00edctimas cada d\u00eda, es que el Estado provincial a\u00fana esfuerzos con el Estado nacional, consagrando mecanismos legales de protecci\u00f3n de las infancias. Es muy importante involucrar a todos los sectores, y que todas las fuerzas pol\u00edticas puedan correrse de lo partidario y puedan reflexionar, repensar el sistema de protecci\u00f3n y promoci\u00f3n de los derechos. La autoridad de aplicaci\u00f3n ser\u00e1 el Ministerio de Desarrollo Humano y Promoci\u00f3n Social, a trav\u00e9s de la Direcci\u00f3n de la Ni\u00f1ez, Adolescencia y Familia y se invita a los municipios a adherir\u201d, inform\u00f3 la diputada.<\/p>\n<p>Luego, hizo hincapi\u00e9 en la obligatoriedad de la normativa y sostuvo que \u00abla autoridad de aplicaci\u00f3n est\u00e1 haciendo una campa\u00f1a fuerte de concientizaci\u00f3n. Lo que se busca con esto es desnaturalizar los maltratos; tambi\u00e9n visibilizar la violencia hacia la infancia, hay que hacer llegar la campa\u00f1a a trav\u00e9s de las redes sociales, medios de comunicaci\u00f3n, entidades p\u00fablicas con la finalidad de promover y defender los derechos y garant\u00edas y el buen trato. Tenemos que aprender a escuchar a los ni\u00f1os, ni\u00f1as y adolescentes. Tenemos que empatizar y escucharlos\u00bb.\u00a0 Tambi\u00e9n se\u00f1al\u00f3 la importancia de tener estad\u00edsticas de los casos y acceso a los datos, como as\u00ed tambi\u00e9n el compromiso de denunciar un hecho de violencia y no ser c\u00f3mplice y que haya una protecci\u00f3n al denunciante.<\/p>\n<p>En la ocasi\u00f3n, realizaron sus aportes y manifestaron su apoyo a la normativa las legisladoras Nancy Pic\u00f3n, Graciela Seva, Florencia Pe\u00f1aloza y los diputados Andr\u00e9s Chanampa y Horacio Quiroga<\/p>\n<p><img loading=\"lazy\" decoding=\"async\" class=\"alignnone size-full wp-image-65589\" src=\"https:\/\/vocesparalelas.com.ar\/sitio\/wp-content\/uploads\/2023\/11\/CDSJ-DRA.-FERNANDA-PAREDES-01.jpg\" alt=\"\" width=\"800\" height=\"533\" srcset=\"https:\/\/vocesparalelas.com.ar\/sitio\/wp-content\/uploads\/2023\/11\/CDSJ-DRA.-FERNANDA-PAREDES-01.jpg 800w, https:\/\/vocesparalelas.com.ar\/sitio\/wp-content\/uploads\/2023\/11\/CDSJ-DRA.-FERNANDA-PAREDES-01-300x200.jpg 300w, https:\/\/vocesparalelas.com.ar\/sitio\/wp-content\/uploads\/2023\/11\/CDSJ-DRA.-FERNANDA-PAREDES-01-768x512.jpg 768w\" sizes=\"auto, (max-width: 800px) 100vw, 800px\" \/><\/p>\n<p>Durante el tratamiento de este tema estuvieron presentes las referentes Sandra Castro y Emilia Palacios, de la Asociaci\u00f3n Civil \u201cPap\u00e1s en Lucha\u201d.<\/p>\n<p><iframe loading=\"lazy\" title=\"CDSJ DIP DRA.\" width=\"800\" height=\"450\" src=\"https:\/\/www.youtube.com\/embed\/htaiOSyTfRg?feature=oembed\" frameborder=\"0\" allow=\"accelerometer; autoplay; clipboard-write; encrypted-media; gyroscope; picture-in-picture; web-share\" allowfullscreen><\/iframe><\/p>\n<p>&nbsp;<\/p>\n<p><img loading=\"lazy\" decoding=\"async\" class=\"alignnone size-full wp-image-65548\" src=\"https:\/\/vocesparalelas.com.ar\/sitio\/wp-content\/uploads\/2023\/11\/CDSJ-09-11.jpg\" alt=\"\" width=\"800\" height=\"533\" srcset=\"https:\/\/vocesparalelas.com.ar\/sitio\/wp-content\/uploads\/2023\/11\/CDSJ-09-11.jpg 800w, https:\/\/vocesparalelas.com.ar\/sitio\/wp-content\/uploads\/2023\/11\/CDSJ-09-11-300x200.jpg 300w, https:\/\/vocesparalelas.com.ar\/sitio\/wp-content\/uploads\/2023\/11\/CDSJ-09-11-768x512.jpg 768w\" sizes=\"auto, (max-width: 800px) 100vw, 800px\" \/><\/p>\n<p>&nbsp;<\/p>\n<figure id=\"attachment_37951\" aria-describedby=\"caption-attachment-37951\" style=\"width: 800px\" class=\"wp-caption alignnone\"><img loading=\"lazy\" decoding=\"async\" class=\"size-full wp-image-37951\" src=\"https:\/\/vocesparalelas.com.ar\/sitio\/wp-content\/uploads\/2021\/05\/CAMARA-EDIFICIO.jpg\" alt=\"\" width=\"800\" height=\"515\" srcset=\"https:\/\/vocesparalelas.com.ar\/sitio\/wp-content\/uploads\/2021\/05\/CAMARA-EDIFICIO.jpg 800w, https:\/\/vocesparalelas.com.ar\/sitio\/wp-content\/uploads\/2021\/05\/CAMARA-EDIFICIO-300x193.jpg 300w, https:\/\/vocesparalelas.com.ar\/sitio\/wp-content\/uploads\/2021\/05\/CAMARA-EDIFICIO-768x494.jpg 768w\" sizes=\"auto, (max-width: 800px) 100vw, 800px\" \/><figcaption id=\"caption-attachment-37951\" class=\"wp-caption-text\">Legislatura Provincial de San Juan, Rep\u00fablica Argentina<\/figcaption><\/figure>\n","protected":false},"excerpt":{"rendered":"<p>La C\u00e1mara de Diputados de San Juan, el Jueves, 09 de Noviembre, durante la Novena Sesi\u00f3n del per\u00edodo ordinario, aprob\u00f3<\/p>\n","protected":false},"author":3,"featured_media":65590,"comment_status":"closed","ping_status":"closed","sticky":false,"template":"","format":"standard","meta":{"_acf_changed":false,"_seopress_robots_primary_cat":"none","_seopress_titles_title":"","_seopress_titles_desc":"","_seopress_robots_index":"","colormag_page_container_layout":"default_layout","colormag_page_sidebar_layout":"default_layout","footnotes":""},"categories":[10,7],"tags":[],"class_list":["post-65586","post","type-post","status-publish","format-standard","has-post-thumbnail","hentry","category-opiniones","category-videos"],"acf":[],"_links":{"self":[{"href":"https:\/\/vocesparalelas.com.ar\/sitio\/wp-json\/wp\/v2\/posts\/65586","targetHints":{"allow":["GET"]}}],"collection":[{"href":"https:\/\/vocesparalelas.com.ar\/sitio\/wp-json\/wp\/v2\/posts"}],"about":[{"href":"https:\/\/vocesparalelas.com.ar\/sitio\/wp-json\/wp\/v2\/types\/post"}],"author":[{"embeddable":true,"href":"https:\/\/vocesparalelas.com.ar\/sitio\/wp-json\/wp\/v2\/users\/3"}],"replies":[{"embeddable":true,"href":"https:\/\/vocesparalelas.com.ar\/sitio\/wp-json\/wp\/v2\/comments?post=65586"}],"version-history":[{"count":1,"href":"https:\/\/vocesparalelas.com.ar\/sitio\/wp-json\/wp\/v2\/posts\/65586\/revisions"}],"predecessor-version":[{"id":65591,"href":"https:\/\/vocesparalelas.com.ar\/sitio\/wp-json\/wp\/v2\/posts\/65586\/revisions\/65591"}],"wp:featuredmedia":[{"embeddable":true,"href":"https:\/\/vocesparalelas.com.ar\/sitio\/wp-json\/wp\/v2\/media\/65590"}],"wp:attachment":[{"href":"https:\/\/vocesparalelas.com.ar\/sitio\/wp-json\/wp\/v2\/media?parent=65586"}],"wp:term":[{"taxonomy":"category","embeddable":true,"href":"https:\/\/vocesparalelas.com.ar\/sitio\/wp-json\/wp\/v2\/categories?post=65586"},{"taxonomy":"post_tag","embeddable":true,"href":"https:\/\/vocesparalelas.com.ar\/sitio\/wp-json\/wp\/v2\/tags?post=65586"}],"curies":[{"name":"wp","href":"https:\/\/api.w.org\/{rel}","templated":true}]}}