{"id":65577,"date":"2023-11-10T20:36:57","date_gmt":"2023-11-10T23:36:57","guid":{"rendered":"https:\/\/vocesparalelas.com.ar\/sitio\/?p=65577"},"modified":"2023-11-15T00:31:48","modified_gmt":"2023-11-15T03:31:48","slug":"se-inauguro-el-patio-de-la-casa-de-las-humanidades-de-la-ffha-de-la-unsj","status":"publish","type":"post","link":"https:\/\/vocesparalelas.com.ar\/sitio\/se-inauguro-el-patio-de-la-casa-de-las-humanidades-de-la-ffha-de-la-unsj\/","title":{"rendered":"Se inaugur\u00f3 el Patio de la Casa de las Humanidades de la FFHA de la UNSJ"},"content":{"rendered":"<p>La Facultad de Humanidades y Artes de la Universidad Nacional de San Juan inaugur\u00f3 el Patio de la Casa de las Humanidades, donde funcionan los Institutos de Investigaci\u00f3n, Catamarca y Mitre en el marco de los 50 a\u00f1os de la UNSJ.<\/p>\n<p>Una casa donde fue construida para uso familiar pero a trav\u00e9s del tiempo tuvo diferentes habitantes pero nunca m\u00e1s tuvo una familia habitantes, s\u00edmbolo de amor filiar pero fue ocupada por diferentes amores y su patio abraz\u00f3 todos estos recuerdos y siempre con el sol de d\u00eda y la luna con estrellas en las noches de San Juan.<\/p>\n<p>El Dr. Juan Mariel Erostarbe capt\u00f3 a trav\u00e9s de la escritura y de la lectura ante gran cantidad de visitantes el patio tom\u00f3 color. Fue una mescla de historia, los sentimientos de una casa de 106 a\u00f1os y los recuerdos de infinidades de ocupantes que iban y ven\u00eda. Un relato impactante cargado de creatividad que renov\u00f3 la vida de la casa en su patio.<\/p>\n<p><iframe loading=\"lazy\" title=\"FFHA UNSJ DR JUAN MARIEL EROSTARBE\" width=\"800\" height=\"450\" src=\"https:\/\/www.youtube.com\/embed\/ORKG16iMQK0?feature=oembed\" frameborder=\"0\" allow=\"accelerometer; autoplay; clipboard-write; encrypted-media; gyroscope; picture-in-picture; web-share\" allowfullscreen><\/iframe><\/p>\n<p>Los presentes impactantes escuchando la l\u00ednea de tiempo de la Casa de las Humanidades que desde hace 30 a\u00f1os pertenece a la FFHA de la UNSJ, donde se impregna de conocimiento cient\u00edfico para la sociedad de San Juan.<\/p>\n<p><iframe loading=\"lazy\" title=\"FFHA UNSJ DR JUAN MARIEL EROSTARBE\" width=\"800\" height=\"450\" src=\"https:\/\/www.youtube.com\/embed\/wme-QgqdmjM?feature=oembed\" frameborder=\"0\" allow=\"accelerometer; autoplay; clipboard-write; encrypted-media; gyroscope; picture-in-picture; web-share\" allowfullscreen><\/iframe><\/p>\n<p>La casa de las Humanidades conserva en su interior la arquitectura original que refleja en su exterior la imponente presencia con planta baja y primer piso, que luch\u00f3 mantenerse en pie al pasar los terremotos de 1944, 1852, 1977, tal como una casa robusta orgullosa de embellecer la esquina de Mitre y Catamarca. Ning\u00fan transe\u00fante deja de observarla aunque no recuerda o desconoce su historia.<\/p>\n<p><iframe loading=\"lazy\" title=\"FFHA UNSJ DR JUAN MARIEL EROSTARBE\" width=\"800\" height=\"450\" src=\"https:\/\/www.youtube.com\/embed\/QCNLEFhnafo?feature=oembed\" frameborder=\"0\" allow=\"accelerometer; autoplay; clipboard-write; encrypted-media; gyroscope; picture-in-picture; web-share\" allowfullscreen><\/iframe><\/p>\n<figure id=\"attachment_65582\" aria-describedby=\"caption-attachment-65582\" style=\"width: 800px\" class=\"wp-caption alignnone\"><img loading=\"lazy\" decoding=\"async\" class=\"size-full wp-image-65582\" src=\"https:\/\/vocesparalelas.com.ar\/sitio\/wp-content\/uploads\/2023\/11\/FFHA-PATIO-03.jpg\" alt=\"\" width=\"800\" height=\"533\" srcset=\"https:\/\/vocesparalelas.com.ar\/sitio\/wp-content\/uploads\/2023\/11\/FFHA-PATIO-03.jpg 800w, https:\/\/vocesparalelas.com.ar\/sitio\/wp-content\/uploads\/2023\/11\/FFHA-PATIO-03-300x200.jpg 300w, https:\/\/vocesparalelas.com.ar\/sitio\/wp-content\/uploads\/2023\/11\/FFHA-PATIO-03-768x512.jpg 768w\" sizes=\"auto, (max-width: 800px) 100vw, 800px\" \/><figcaption id=\"caption-attachment-65582\" class=\"wp-caption-text\">Ex docentes de la FFHA de la UNSJ<\/figcaption><\/figure>\n<p>La Orquesta y Coro Juvenil de la FFHA de la UNSJ le dio el color musical al Patio de la Casa de la Humanidad con un nivel superados para estimular los recuerdos de una vida.<\/p>\n<p>&nbsp;<\/p>\n<p><iframe loading=\"lazy\" title=\"FFHA UNSJ ORQUESTA CORO PRUNIVERSITARIO\" width=\"800\" height=\"450\" src=\"https:\/\/www.youtube.com\/embed\/-rKmqtw00h8?feature=oembed\" frameborder=\"0\" allow=\"accelerometer; autoplay; clipboard-write; encrypted-media; gyroscope; picture-in-picture; web-share\" allowfullscreen><\/iframe><\/p>\n<p><img loading=\"lazy\" decoding=\"async\" class=\"alignnone size-full wp-image-65581\" src=\"https:\/\/vocesparalelas.com.ar\/sitio\/wp-content\/uploads\/2023\/11\/FFHA-PATIO-02.jpg\" alt=\"\" width=\"800\" height=\"533\" srcset=\"https:\/\/vocesparalelas.com.ar\/sitio\/wp-content\/uploads\/2023\/11\/FFHA-PATIO-02.jpg 800w, https:\/\/vocesparalelas.com.ar\/sitio\/wp-content\/uploads\/2023\/11\/FFHA-PATIO-02-300x200.jpg 300w, https:\/\/vocesparalelas.com.ar\/sitio\/wp-content\/uploads\/2023\/11\/FFHA-PATIO-02-768x512.jpg 768w\" sizes=\"auto, (max-width: 800px) 100vw, 800px\" \/><\/p>\n<p><img loading=\"lazy\" decoding=\"async\" class=\"alignnone size-full wp-image-65583\" src=\"https:\/\/vocesparalelas.com.ar\/sitio\/wp-content\/uploads\/2023\/11\/FFHA-PATIO-04-CASA.jpg\" alt=\"\" width=\"800\" height=\"533\" srcset=\"https:\/\/vocesparalelas.com.ar\/sitio\/wp-content\/uploads\/2023\/11\/FFHA-PATIO-04-CASA.jpg 800w, https:\/\/vocesparalelas.com.ar\/sitio\/wp-content\/uploads\/2023\/11\/FFHA-PATIO-04-CASA-300x200.jpg 300w, https:\/\/vocesparalelas.com.ar\/sitio\/wp-content\/uploads\/2023\/11\/FFHA-PATIO-04-CASA-768x512.jpg 768w\" sizes=\"auto, (max-width: 800px) 100vw, 800px\" \/><\/p>\n<p>&nbsp;<\/p>\n<p><img loading=\"lazy\" decoding=\"async\" class=\"alignnone size-large wp-image-43889\" src=\"https:\/\/vocesparalelas.com.ar\/sitio\/wp-content\/uploads\/2021\/11\/FFHA-FRENTE-1-800x600.jpg\" alt=\"\" width=\"800\" height=\"600\" srcset=\"https:\/\/vocesparalelas.com.ar\/sitio\/wp-content\/uploads\/2021\/11\/FFHA-FRENTE-1-800x600.jpg 800w, https:\/\/vocesparalelas.com.ar\/sitio\/wp-content\/uploads\/2021\/11\/FFHA-FRENTE-1-300x225.jpg 300w, https:\/\/vocesparalelas.com.ar\/sitio\/wp-content\/uploads\/2021\/11\/FFHA-FRENTE-1-768x576.jpg 768w, https:\/\/vocesparalelas.com.ar\/sitio\/wp-content\/uploads\/2021\/11\/FFHA-FRENTE-1.jpg 1024w\" sizes=\"auto, (max-width: 800px) 100vw, 800px\" \/><\/p>\n","protected":false},"excerpt":{"rendered":"<p>La Facultad de Humanidades y Artes de la Universidad Nacional de San Juan inaugur\u00f3 el Patio de la Casa de<\/p>\n","protected":false},"author":3,"featured_media":65584,"comment_status":"closed","ping_status":"closed","sticky":false,"template":"","format":"standard","meta":{"_acf_changed":false,"_seopress_robots_primary_cat":"none","_seopress_titles_title":"","_seopress_titles_desc":"","_seopress_robots_index":"","colormag_page_container_layout":"default_layout","colormag_page_sidebar_layout":"default_layout","footnotes":""},"categories":[10,7],"tags":[],"class_list":["post-65577","post","type-post","status-publish","format-standard","has-post-thumbnail","hentry","category-opiniones","category-videos"],"acf":[],"_links":{"self":[{"href":"https:\/\/vocesparalelas.com.ar\/sitio\/wp-json\/wp\/v2\/posts\/65577","targetHints":{"allow":["GET"]}}],"collection":[{"href":"https:\/\/vocesparalelas.com.ar\/sitio\/wp-json\/wp\/v2\/posts"}],"about":[{"href":"https:\/\/vocesparalelas.com.ar\/sitio\/wp-json\/wp\/v2\/types\/post"}],"author":[{"embeddable":true,"href":"https:\/\/vocesparalelas.com.ar\/sitio\/wp-json\/wp\/v2\/users\/3"}],"replies":[{"embeddable":true,"href":"https:\/\/vocesparalelas.com.ar\/sitio\/wp-json\/wp\/v2\/comments?post=65577"}],"version-history":[{"count":3,"href":"https:\/\/vocesparalelas.com.ar\/sitio\/wp-json\/wp\/v2\/posts\/65577\/revisions"}],"predecessor-version":[{"id":65593,"href":"https:\/\/vocesparalelas.com.ar\/sitio\/wp-json\/wp\/v2\/posts\/65577\/revisions\/65593"}],"wp:featuredmedia":[{"embeddable":true,"href":"https:\/\/vocesparalelas.com.ar\/sitio\/wp-json\/wp\/v2\/media\/65584"}],"wp:attachment":[{"href":"https:\/\/vocesparalelas.com.ar\/sitio\/wp-json\/wp\/v2\/media?parent=65577"}],"wp:term":[{"taxonomy":"category","embeddable":true,"href":"https:\/\/vocesparalelas.com.ar\/sitio\/wp-json\/wp\/v2\/categories?post=65577"},{"taxonomy":"post_tag","embeddable":true,"href":"https:\/\/vocesparalelas.com.ar\/sitio\/wp-json\/wp\/v2\/tags?post=65577"}],"curies":[{"name":"wp","href":"https:\/\/api.w.org\/{rel}","templated":true}]}}