{"id":65561,"date":"2023-11-09T19:29:40","date_gmt":"2023-11-09T22:29:40","guid":{"rendered":"https:\/\/vocesparalelas.com.ar\/sitio\/?p=65561"},"modified":"2023-11-11T00:50:51","modified_gmt":"2023-11-11T03:50:51","slug":"v-muestra-anual-de-educacion-tecnica-en-san-juan","status":"publish","type":"post","link":"https:\/\/vocesparalelas.com.ar\/sitio\/v-muestra-anual-de-educacion-tecnica-en-san-juan\/","title":{"rendered":"V\u00b0 Muestra Anual de Educaci\u00f3n T\u00e9cnica en San Juan"},"content":{"rendered":"<p>La Direcci\u00f3n de Educaci\u00f3n T\u00e9cnica y Formaci\u00f3n Profesional del Ministerio de Educaci\u00f3n del Gobierno de San Juan informa el cronograma de muestras y exhibici\u00f3n de proyectos educativos, trabajados durante el Ciclo Lectivo 2023, que se desarrollan en diferentes instituciones escolares.<\/p>\n<p>Adem\u00e1s, degustaciones, recorridos por los sectores productivos, observaci\u00f3n de pr\u00e1cticas con dron y maquinarias diversas.<\/p>\n<p>Desfiles, sorteos de productos elaborados y confeccionados por los estudiantes. El prop\u00f3sito es que la comunidad conozca como aplican los conocimientos aprendidos en las aulas en la producci\u00f3n y elaboraci\u00f3n con niveles exigidos en el mercado laboral y profesional.<\/p>\n<p><span style=\"color: #339966;\"><strong>Cronograma<\/strong><\/span><\/p>\n<ul>\n<li>8 de Noviembre, a las 19 horas, en el Estadio Marta Orellana de San Mart\u00edn, Escuelas de Capacitaci\u00f3n Laboral: Mar\u00eda Conti de Tinto, Madre Teresa de Calcuta y Miguel Antonio Le\u00f3n.<\/li>\n<li>9 de Noviembre, a las 9.30 horas, en Avenida Paula Albarrac\u00edn de Sarmiento 201 &#8211; S &#8211; Capital, Escuela T\u00e9cnico Obrero Argentino ETOA.<\/li>\n<li>10 de Noviembre, a las 9 horas, Avenida 25 de Mayo s\/n, Media Agua, Departamento Sarmiento, San Juan, Escuela Agrot\u00e9cnica Sarmiento.<\/li>\n<li>10 de Noviembre, a las 10 horas, Belgrano entre Calle 8 y 9 s\/n, Colonia M\u00e9dano de Oro, Rawson, Escuela Agrot\u00e9cnica Los Pioneros<\/li>\n<li>10 de Noviembre, a las 17 horas, Fray Justo Sta. Mar\u00eda de Oro, Departamento Zonda, Escuela Agrot\u00e9cnica de Zonda.<\/li>\n<li>12 de Noviembre, a las 19.30 horas, Augusto Echegaray 2364, &#8211; E &#8211; Capital, Escuela de Capacitaci\u00f3n Laboral Ingeniero Estanislao Tello<\/li>\n<li>13 de Noviembre, a las 17 horas.; Las Heras 516, sur, Capital, Escuela EPET N\u00b05.<\/li>\n<li>16 de Noviembre, a las 20 horas, en la Plaza departamental de Valle F\u00e9rtil, Escuela Ej\u00e9rcito Argentino.<\/li>\n<\/ul>\n<p>&nbsp;<\/p>\n<p><iframe loading=\"lazy\" title=\"Muestra did\u00e1ctico productiva de la Escuela Agrot\u00e9cnica Los Pioneros\" width=\"800\" height=\"450\" src=\"https:\/\/www.youtube.com\/embed\/iF6RJ_LDmHY?feature=oembed\" frameborder=\"0\" allow=\"accelerometer; autoplay; clipboard-write; encrypted-media; gyroscope; picture-in-picture; web-share\" allowfullscreen><\/iframe><\/p>\n<p>&nbsp;<\/p>\n<p>&nbsp;<\/p>\n","protected":false},"excerpt":{"rendered":"<p>La Direcci\u00f3n de Educaci\u00f3n T\u00e9cnica y Formaci\u00f3n Profesional del Ministerio de Educaci\u00f3n del Gobierno de San Juan informa el cronograma<\/p>\n","protected":false},"author":3,"featured_media":13455,"comment_status":"closed","ping_status":"closed","sticky":false,"template":"","format":"standard","meta":{"_acf_changed":false,"_seopress_robots_primary_cat":"none","_seopress_titles_title":"","_seopress_titles_desc":"","_seopress_robots_index":"","colormag_page_container_layout":"default_layout","colormag_page_sidebar_layout":"default_layout","footnotes":""},"categories":[6,7],"tags":[],"class_list":["post-65561","post","type-post","status-publish","format-standard","has-post-thumbnail","hentry","category-eventos","category-videos"],"acf":[],"_links":{"self":[{"href":"https:\/\/vocesparalelas.com.ar\/sitio\/wp-json\/wp\/v2\/posts\/65561","targetHints":{"allow":["GET"]}}],"collection":[{"href":"https:\/\/vocesparalelas.com.ar\/sitio\/wp-json\/wp\/v2\/posts"}],"about":[{"href":"https:\/\/vocesparalelas.com.ar\/sitio\/wp-json\/wp\/v2\/types\/post"}],"author":[{"embeddable":true,"href":"https:\/\/vocesparalelas.com.ar\/sitio\/wp-json\/wp\/v2\/users\/3"}],"replies":[{"embeddable":true,"href":"https:\/\/vocesparalelas.com.ar\/sitio\/wp-json\/wp\/v2\/comments?post=65561"}],"version-history":[{"count":2,"href":"https:\/\/vocesparalelas.com.ar\/sitio\/wp-json\/wp\/v2\/posts\/65561\/revisions"}],"predecessor-version":[{"id":65594,"href":"https:\/\/vocesparalelas.com.ar\/sitio\/wp-json\/wp\/v2\/posts\/65561\/revisions\/65594"}],"wp:featuredmedia":[{"embeddable":true,"href":"https:\/\/vocesparalelas.com.ar\/sitio\/wp-json\/wp\/v2\/media\/13455"}],"wp:attachment":[{"href":"https:\/\/vocesparalelas.com.ar\/sitio\/wp-json\/wp\/v2\/media?parent=65561"}],"wp:term":[{"taxonomy":"category","embeddable":true,"href":"https:\/\/vocesparalelas.com.ar\/sitio\/wp-json\/wp\/v2\/categories?post=65561"},{"taxonomy":"post_tag","embeddable":true,"href":"https:\/\/vocesparalelas.com.ar\/sitio\/wp-json\/wp\/v2\/tags?post=65561"}],"curies":[{"name":"wp","href":"https:\/\/api.w.org\/{rel}","templated":true}]}}