{"id":65531,"date":"2023-11-08T20:45:39","date_gmt":"2023-11-08T23:45:39","guid":{"rendered":"https:\/\/vocesparalelas.com.ar\/sitio\/?p=65531"},"modified":"2023-11-09T00:25:28","modified_gmt":"2023-11-09T03:25:28","slug":"los-alumnos-del-colegio-del-prado-realizaron-practicas-en-los-laboratorios-de-quimica-de-la-fcefn-de-la-unsj","status":"publish","type":"post","link":"https:\/\/vocesparalelas.com.ar\/sitio\/los-alumnos-del-colegio-del-prado-realizaron-practicas-en-los-laboratorios-de-quimica-de-la-fcefn-de-la-unsj\/","title":{"rendered":"Los alumnos del Colegio Del Prado realizaron pr\u00e1cticas en los laboratorios de Qu\u00edmica de la FCEFN de la UNSJ"},"content":{"rendered":"<p>El Lunes, 06 de Noviembre, la Facultad de Ciencias Exactas, F\u00edsicas y Naturales de la Universidad Nacional de San Juan recibi\u00f3 alumnos del Colegio Del Prado, Departamento de Chimbas.<\/p>\n<p>La visita fue para realizar\u00a0pr\u00e1ctica en los laboratorios de Qu\u00edmica de la Unidad Acad\u00e9mica cuya clase fue a cargo de la Prof. Estela Kummel.<\/p>\n<p>Estas actividades son organizada por la Tec. Yamila\u00a0Dubokovic, Coordinadora de Articulaci\u00f3n,\u00a0perteneciente a la Secretar\u00eda Acad\u00e9mica de la FCEFN de la UNSJ.<\/p>\n<p>Es importante destacar que durante el Ciclo Lectivo 2023, la Secretar\u00eda Acad\u00e9mica de la FCEFN de la UNSJ realiza encuentros con especialista y los docentes de las Escuelas de San Juan para buscar puntos en com\u00fan para que los posibles alumnos que elijan una carrera de grados en la Facultad, adquiera en la Escuela secundaria los conocimientos b\u00e1sicos de enlace.<\/p>\n<p>La recuperaci\u00f3n y los encuentros permiten todos los a\u00f1os que docentes del secundario nivelen la ense\u00f1anza y cumpla los requerimientos de la adquisici\u00f3n del conocimiento por parte de los alumnos y logren ingresar a la carrera de grado elegida.<\/p>\n<p>Esta es la gran preocupaci\u00f3n de los docentes de ambas partes para contener y a los alumnos en su elecci\u00f3n universitaria y su formaci\u00f3n secundaria.<\/p>\n<p>Estas pr\u00e1cticas de laboratorio permiten conocer la FCEFN de la UNSJ, las herramientas que tiene para el aprendizaje y la experiencia en otro \u00e1mbito que no es en el Colegio De Padua sino de la Universidad.<\/p>\n<p>Hoy el alumno necesita otro tipo de herramienta para alcanzar sus necesidades de aprendizaje y las obtiene conociendo otros espacios de estudios.<\/p>\n<p>Voces Paralelas los encontr\u00f3 a la salida de la experiencia de aprendizaje y expresaron su felicidad de estar en la FCEFN de la UNSJ, gracias a las gestiones de su profesora.<\/p>\n<figure id=\"attachment_26107\" aria-describedby=\"caption-attachment-26107\" style=\"width: 800px\" class=\"wp-caption alignnone\"><img loading=\"lazy\" decoding=\"async\" class=\"size-large wp-image-26107\" src=\"https:\/\/vocesparalelas.com.ar\/sitio\/wp-content\/uploads\/2020\/01\/FCEFN-UNSJ-EDIFICIO-800x489.jpg\" alt=\"\" width=\"800\" height=\"489\" srcset=\"https:\/\/vocesparalelas.com.ar\/sitio\/wp-content\/uploads\/2020\/01\/FCEFN-UNSJ-EDIFICIO.jpg 800w, https:\/\/vocesparalelas.com.ar\/sitio\/wp-content\/uploads\/2020\/01\/FCEFN-UNSJ-EDIFICIO-300x183.jpg 300w, https:\/\/vocesparalelas.com.ar\/sitio\/wp-content\/uploads\/2020\/01\/FCEFN-UNSJ-EDIFICIO-768x469.jpg 768w\" sizes=\"auto, (max-width: 800px) 100vw, 800px\" \/><figcaption id=\"caption-attachment-26107\" class=\"wp-caption-text\">Edificio de la FCEFN de la UNSJ<\/figcaption><\/figure>\n<p><img loading=\"lazy\" decoding=\"async\" class=\"alignnone size-large wp-image-22761\" src=\"https:\/\/vocesparalelas.com.ar\/sitio\/wp-content\/uploads\/2019\/08\/FCEFN-UNSJ-LOGO-800x600.jpg\" alt=\"\" width=\"800\" height=\"600\" srcset=\"https:\/\/vocesparalelas.com.ar\/sitio\/wp-content\/uploads\/2019\/08\/FCEFN-UNSJ-LOGO-800x600.jpg 800w, https:\/\/vocesparalelas.com.ar\/sitio\/wp-content\/uploads\/2019\/08\/FCEFN-UNSJ-LOGO-300x225.jpg 300w, https:\/\/vocesparalelas.com.ar\/sitio\/wp-content\/uploads\/2019\/08\/FCEFN-UNSJ-LOGO-768x576.jpg 768w, https:\/\/vocesparalelas.com.ar\/sitio\/wp-content\/uploads\/2019\/08\/FCEFN-UNSJ-LOGO.jpg 1000w\" sizes=\"auto, (max-width: 800px) 100vw, 800px\" \/><\/p>\n","protected":false},"excerpt":{"rendered":"<p>El Lunes, 06 de Noviembre, la Facultad de Ciencias Exactas, F\u00edsicas y Naturales de la Universidad Nacional de San Juan<\/p>\n","protected":false},"author":3,"featured_media":65534,"comment_status":"closed","ping_status":"closed","sticky":false,"template":"","format":"standard","meta":{"_acf_changed":false,"_seopress_robots_primary_cat":"none","_seopress_titles_title":"","_seopress_titles_desc":"","_seopress_robots_index":"","colormag_page_container_layout":"default_layout","colormag_page_sidebar_layout":"default_layout","footnotes":""},"categories":[1],"tags":[],"class_list":["post-65531","post","type-post","status-publish","format-standard","has-post-thumbnail","hentry","category-destacadas"],"acf":[],"_links":{"self":[{"href":"https:\/\/vocesparalelas.com.ar\/sitio\/wp-json\/wp\/v2\/posts\/65531","targetHints":{"allow":["GET"]}}],"collection":[{"href":"https:\/\/vocesparalelas.com.ar\/sitio\/wp-json\/wp\/v2\/posts"}],"about":[{"href":"https:\/\/vocesparalelas.com.ar\/sitio\/wp-json\/wp\/v2\/types\/post"}],"author":[{"embeddable":true,"href":"https:\/\/vocesparalelas.com.ar\/sitio\/wp-json\/wp\/v2\/users\/3"}],"replies":[{"embeddable":true,"href":"https:\/\/vocesparalelas.com.ar\/sitio\/wp-json\/wp\/v2\/comments?post=65531"}],"version-history":[{"count":1,"href":"https:\/\/vocesparalelas.com.ar\/sitio\/wp-json\/wp\/v2\/posts\/65531\/revisions"}],"predecessor-version":[{"id":65535,"href":"https:\/\/vocesparalelas.com.ar\/sitio\/wp-json\/wp\/v2\/posts\/65531\/revisions\/65535"}],"wp:featuredmedia":[{"embeddable":true,"href":"https:\/\/vocesparalelas.com.ar\/sitio\/wp-json\/wp\/v2\/media\/65534"}],"wp:attachment":[{"href":"https:\/\/vocesparalelas.com.ar\/sitio\/wp-json\/wp\/v2\/media?parent=65531"}],"wp:term":[{"taxonomy":"category","embeddable":true,"href":"https:\/\/vocesparalelas.com.ar\/sitio\/wp-json\/wp\/v2\/categories?post=65531"},{"taxonomy":"post_tag","embeddable":true,"href":"https:\/\/vocesparalelas.com.ar\/sitio\/wp-json\/wp\/v2\/tags?post=65531"}],"curies":[{"name":"wp","href":"https:\/\/api.w.org\/{rel}","templated":true}]}}