{"id":65497,"date":"2023-11-09T16:15:47","date_gmt":"2023-11-09T19:15:47","guid":{"rendered":"https:\/\/vocesparalelas.com.ar\/sitio\/?p=65497"},"modified":"2023-11-09T18:19:58","modified_gmt":"2023-11-09T21:19:58","slug":"reunion-informativa-de-anses-para-docentes-e-investigadores-de-la-unsj-inta-inti-cna-conicet-e-ina-en-san-juan","status":"publish","type":"post","link":"https:\/\/vocesparalelas.com.ar\/sitio\/reunion-informativa-de-anses-para-docentes-e-investigadores-de-la-unsj-inta-inti-cna-conicet-e-ina-en-san-juan\/","title":{"rendered":"Reuni\u00f3n informativa de ANSES para docentes e investigadores de la UNSJ, INTA, INTI, CNA, CONICET e INA en San Juan"},"content":{"rendered":"<p>La delegada de la Asociaci\u00f3n Civil del Personal T\u00e9cnico \u2013 Cient\u00edfico de Investigaci\u00f3n o Desarrollo y Direcci\u00f3n de Tales Actividades, Dra. Elena Hidalgo, invita a una reuni\u00f3n informativa destinada a docentes e investigadores de la Universidad Nacional de San Juan, INTA, INTI, CNA, CONICET e INA en el marco del Convenio de Colaboraci\u00f3n Rec\u00edproca firmado recientemente en ANSES.<\/p>\n<p>La reuni\u00f3n informativa es el Viernes, 10 de Noviembre, a las 10 hs.; en la Sala Multimedia de la Facultad de Ciencias Exactas, F\u00edsicas y Naturales y est\u00e1 dirigida a jubilados\/as y personal en actividad del sistema cient\u00edfico-tecnol\u00f3gico nacional.<\/p>\n<p>El objetivo de la reuni\u00f3n es establecer un espacio de intercambio que permita esclarecer el estado actual del R\u00e9gimen Provisional especial de investigadores\/as cient\u00edficos\/as y responder preguntas sobre personas jubiladas y pensiones.<\/p>\n<p>Asistir\u00e1n al encuentro funcionarios de la Direcci\u00f3n Nacional de Prestaciones Centralizadas de ANSES, la Coordinadora Nacional del Programa AVATT (ANSES VA A TU TRABAJO), y el Director de la Unidad Atenci\u00f3n Leyes Especiales y Reg\u00edmenes Diferenciales de la Direcci\u00f3n de Tramites Complejos.<\/p>\n<p><span style=\"color: #339966;\"><strong>Temario a tratar en la reuni\u00f3n<\/strong><\/span><\/p>\n<p><strong><span style=\"color: #339966;\">Parte I<\/span><\/strong><\/p>\n<p>Situaci\u00f3n actual de los Reg\u00edmenes Especiales de Jubilaciones de Docentes Universitarios y de Investigadores, Cient\u00edficos y Tecn\u00f3logos: \u00e1mbito de aplicaci\u00f3n, condiciones\/requisitos de acceso. Beneficios Previsionales de la Ley 26.508, la Ley 929 y el Decreto N.\u00ba 160\/05: semejanzas y diferencias t\u00e9cnicas, el armado de expedientes, el camino que se recorre desde su inicio hasta su liquidaci\u00f3n.<\/p>\n<p>Situaci\u00f3n de los profesionales que pertenecieron o pertenecen a plantas no permanentes en los organismos de CyT frente a los requisitos de la Ley 22.929 y el art\u00edculo primero el decreto N\u00ba 160\/05 condiciones para el reconocimiento de esos servicios y poder acceder al r\u00e9gimen previsional especial.<\/p>\n<p>Problem\u00e1tica de las Pensiones Derivadas: a) Pensiones obtenidas por fallecimiento del titular en actividad; b) Pensiones obtenidas como derecho habiente de una persona jubilada por el R\u00e9gimen Especial: casos comprendidos en Ley 26.508, en Ley 22.929 y casos comprendidos en el decreto n\u00famero 16\/ 05.<\/p>\n<p>Problem\u00e1tica ante posibles cambios en las estructuras escalafonarias de los organismos de C y T y el efecto espejo en las jubilaciones y pensiones otorgadas sobre la ley 22 mil 929 c\u00f3mo proceder para dar efectivo cumplimiento a lo previsto en el decreto n\u00famero 3 mil 245 barra 83 y asegurar la movilidad de los haberes previsionales.<\/p>\n<p>Procesos de ANSES: \u00bfQu\u00e9 casos entran en el padr\u00f3n autom\u00e1tico y cu\u00e1les necesitan de su liquidaci\u00f3n manual?<\/p>\n<p><strong><span style=\"color: #339966;\">Parte 2<\/span><\/strong><\/p>\n<p>El programa AVATT (ANSES VA A TU TRABAJO) atenci\u00f3n personalizada mediante el convenio ANSES APETECID consultas individuales sobre jubilaciones y pensiones.<\/p>\n<p>&nbsp;<\/p>\n<p>&nbsp;<\/p>\n","protected":false},"excerpt":{"rendered":"<p>La delegada de la Asociaci\u00f3n Civil del Personal T\u00e9cnico \u2013 Cient\u00edfico de Investigaci\u00f3n o Desarrollo y Direcci\u00f3n de Tales Actividades,<\/p>\n","protected":false},"author":3,"featured_media":51813,"comment_status":"closed","ping_status":"closed","sticky":false,"template":"","format":"standard","meta":{"_acf_changed":false,"_seopress_robots_primary_cat":"none","_seopress_titles_title":"","_seopress_titles_desc":"","_seopress_robots_index":"","colormag_page_container_layout":"default_layout","colormag_page_sidebar_layout":"default_layout","footnotes":""},"categories":[1],"tags":[],"class_list":["post-65497","post","type-post","status-publish","format-standard","has-post-thumbnail","hentry","category-destacadas"],"acf":[],"_links":{"self":[{"href":"https:\/\/vocesparalelas.com.ar\/sitio\/wp-json\/wp\/v2\/posts\/65497","targetHints":{"allow":["GET"]}}],"collection":[{"href":"https:\/\/vocesparalelas.com.ar\/sitio\/wp-json\/wp\/v2\/posts"}],"about":[{"href":"https:\/\/vocesparalelas.com.ar\/sitio\/wp-json\/wp\/v2\/types\/post"}],"author":[{"embeddable":true,"href":"https:\/\/vocesparalelas.com.ar\/sitio\/wp-json\/wp\/v2\/users\/3"}],"replies":[{"embeddable":true,"href":"https:\/\/vocesparalelas.com.ar\/sitio\/wp-json\/wp\/v2\/comments?post=65497"}],"version-history":[{"count":1,"href":"https:\/\/vocesparalelas.com.ar\/sitio\/wp-json\/wp\/v2\/posts\/65497\/revisions"}],"predecessor-version":[{"id":65500,"href":"https:\/\/vocesparalelas.com.ar\/sitio\/wp-json\/wp\/v2\/posts\/65497\/revisions\/65500"}],"wp:featuredmedia":[{"embeddable":true,"href":"https:\/\/vocesparalelas.com.ar\/sitio\/wp-json\/wp\/v2\/media\/51813"}],"wp:attachment":[{"href":"https:\/\/vocesparalelas.com.ar\/sitio\/wp-json\/wp\/v2\/media?parent=65497"}],"wp:term":[{"taxonomy":"category","embeddable":true,"href":"https:\/\/vocesparalelas.com.ar\/sitio\/wp-json\/wp\/v2\/categories?post=65497"},{"taxonomy":"post_tag","embeddable":true,"href":"https:\/\/vocesparalelas.com.ar\/sitio\/wp-json\/wp\/v2\/tags?post=65497"}],"curies":[{"name":"wp","href":"https:\/\/api.w.org\/{rel}","templated":true}]}}