{"id":65469,"date":"2023-11-07T20:27:19","date_gmt":"2023-11-07T23:27:19","guid":{"rendered":"https:\/\/vocesparalelas.com.ar\/sitio\/?p=65469"},"modified":"2023-11-07T20:32:28","modified_gmt":"2023-11-07T23:32:28","slug":"se-suman-nuevos-municipios-de-san-juan-al-programa-integral-de-ciudades-seguras","status":"publish","type":"post","link":"https:\/\/vocesparalelas.com.ar\/sitio\/se-suman-nuevos-municipios-de-san-juan-al-programa-integral-de-ciudades-seguras\/","title":{"rendered":"Se suman nuevos municipios de San Juan al programa Integral de Ciudades Seguras"},"content":{"rendered":"<p>El Martes, 7 de Noviembre, en Buenos Aires, el gobernador de San Juan, Dr. Sergio U\u00f1ac con el el secretario de Estado de Seguridad y Orden P\u00fablico, Dr. Carlos Munisaga se reuni\u00f3 con el ministro de Seguridad de la Naci\u00f3n, Dr. An\u00edbal Fern\u00e1ndez para sumar nuevos municipios al programa Integral de Ciudades Seguras.<\/p>\n<p>Acompa\u00f1aron al gobernador Sergio U\u00f1ac, el secretario de Estado de Seguridad y Orden P\u00fablico e intendente electo de Rawson, Dr. Carlos Munisaga; los intendentes de Capital, Dr. Emilio Baistrocchi; de Chimbas, Fabi\u00e1n Gramajo; de Pocito, Armando S\u00e1nchez y en representaci\u00f3n de Santa Luc\u00eda y Rivadavia, los presidentes de sendos concejos deliberantes, Luis Esteves y Juan Cruz C\u00f3rdoba, respectivamente.<\/p>\n<p>El Programa Integral de Ciudades Seguras es una pol\u00edtica p\u00fablica que llevar\u00e1 adelante la construcci\u00f3n de nuevos Centros Inteligentes de Monitoreo, la utilizaci\u00f3n de tecnolog\u00edas aplicadas a la seguridad, la instalaci\u00f3n de equipamiento de \u00faltima generaci\u00f3n y la implementaci\u00f3n de distintas iniciativas para la coordinaci\u00f3n de tareas de prevenci\u00f3n y de respuesta ante situaciones de emergencia.<\/p>\n<p>&nbsp;<\/p>\n<p><iframe loading=\"lazy\" title=\"U\u00f1ac firm\u00f3 un convenio para sumar nuevos municipios al programa integral de Ciudades Seguras 1\" width=\"800\" height=\"450\" src=\"https:\/\/www.youtube.com\/embed\/E1-InPTrEPc?feature=oembed\" frameborder=\"0\" allow=\"accelerometer; autoplay; clipboard-write; encrypted-media; gyroscope; picture-in-picture; web-share\" allowfullscreen><\/iframe><\/p>\n<p>&nbsp;<\/p>\n<p>Tras la r\u00fabrica del convenio, el gobernador de San Juan, Dr. Sergio U\u00f1ac se\u00f1al\u00f3 que la iniciativa \u00abconstituye una importante pol\u00edtica p\u00fablica integral que se ejecutar\u00e1 a trav\u00e9s de los ministerios de Obras P\u00fablicas y de Seguridad, en conjunto con Transporte, Arsat y el Enacom, y en articulaci\u00f3n con gobiernos provinciales y municipales\u00bb.<\/p>\n<p>D\u00edas atr\u00e1s, en el lanzamiento de la iniciativa, el ministro de Econom\u00eda, Sergio Massa, asegur\u00f3 que \u00abla lucha contra la inseguridad es una responsabilidad indelegable del Estado\u201d y consider\u00f3 que \u00abnuestras fuerzas de seguridad, las que bien equipadas, con capacitaci\u00f3n financiada por el Estado, con articulaci\u00f3n con fuerzas provinciales pero tambi\u00e9n con instrumentos de inteligencia, por acuerdos internacionales tengan la posibilidad de trabajar de forma ordenada como brazo auxiliar de la Justicia en la lucha contra el delito que es, en definitiva, lo que prev\u00e9 una normal organizaci\u00f3n del Estado\u201d.<\/p>\n<p>A su turno, el secretario de Estado de Seguridad y Orden P\u00fablico, Dr. Carlos Munisaga detall\u00f3 que \u201cel programa de Ciudades Seguras incluye a seis municipios de nuestra provincia que superan los 50 mil habitantes, porque el programa alcanza a ese tipo de ciudades y tiene etapas. Las 50 primeras ciudades tendr\u00e1n la construcci\u00f3n de centros de monitoreo en cada uno de los municipios. En este caso son seis: Capital, Rawson, Chimbas, Rivadavia, Santa Luc\u00eda y Pocito\u201d.<\/p>\n<p>\u201cCon una inversi\u00f3n de 800 millones de pesos se va a construir el centro de monitoreo, su obra civil y el equipamiento para la instalaci\u00f3n de c\u00e1maras en cada uno de estos municipios con el tendido de fibra \u00f3ptica como tambi\u00e9n el almacenamiento y resguardo de las informaciones que de los videos que tomen las c\u00e1maras. Son 800 millones de pesos para cada centro de monitoreo y si esto lo multiplicamos por los seis municipios, da un total de casi 5 mil millones de pesos que comenzaran a ejecutarse con las licitaciones correspondientes\u201d, sum\u00f3 Munisaga.<\/p>\n<p>Por \u00faltimo, detall\u00f3 que \u201cel Ministerio de Obras P\u00fablicas de la Naci\u00f3n es el que hace la obra civil y el Ministerio de Seguridad es el que se encarga del equipamiento para el centro de monitoreo y con esto contribuir y complementar la inversi\u00f3n que ya hizo la provincia en videovigilancia y monitoreo a trav\u00e9s del CISEM y va a permitir a estos nuevos municipios de San Juan tener sus centros de monitoreo y con eso tener mejores condiciones de prevenci\u00f3n y seguridad para los sanjuaninos\u201d.<\/p>\n<p>&nbsp;<\/p>\n<p>&nbsp;<\/p>\n","protected":false},"excerpt":{"rendered":"<p>El Martes, 7 de Noviembre, en Buenos Aires, el gobernador de San Juan, Dr. Sergio U\u00f1ac con el el secretario<\/p>\n","protected":false},"author":3,"featured_media":65472,"comment_status":"closed","ping_status":"closed","sticky":false,"template":"","format":"standard","meta":{"_acf_changed":false,"_seopress_robots_primary_cat":"none","_seopress_titles_title":"","_seopress_titles_desc":"","_seopress_robots_index":"","colormag_page_container_layout":"default_layout","colormag_page_sidebar_layout":"default_layout","footnotes":""},"categories":[1,7],"tags":[],"class_list":["post-65469","post","type-post","status-publish","format-standard","has-post-thumbnail","hentry","category-destacadas","category-videos"],"acf":[],"_links":{"self":[{"href":"https:\/\/vocesparalelas.com.ar\/sitio\/wp-json\/wp\/v2\/posts\/65469","targetHints":{"allow":["GET"]}}],"collection":[{"href":"https:\/\/vocesparalelas.com.ar\/sitio\/wp-json\/wp\/v2\/posts"}],"about":[{"href":"https:\/\/vocesparalelas.com.ar\/sitio\/wp-json\/wp\/v2\/types\/post"}],"author":[{"embeddable":true,"href":"https:\/\/vocesparalelas.com.ar\/sitio\/wp-json\/wp\/v2\/users\/3"}],"replies":[{"embeddable":true,"href":"https:\/\/vocesparalelas.com.ar\/sitio\/wp-json\/wp\/v2\/comments?post=65469"}],"version-history":[{"count":1,"href":"https:\/\/vocesparalelas.com.ar\/sitio\/wp-json\/wp\/v2\/posts\/65469\/revisions"}],"predecessor-version":[{"id":65473,"href":"https:\/\/vocesparalelas.com.ar\/sitio\/wp-json\/wp\/v2\/posts\/65469\/revisions\/65473"}],"wp:featuredmedia":[{"embeddable":true,"href":"https:\/\/vocesparalelas.com.ar\/sitio\/wp-json\/wp\/v2\/media\/65472"}],"wp:attachment":[{"href":"https:\/\/vocesparalelas.com.ar\/sitio\/wp-json\/wp\/v2\/media?parent=65469"}],"wp:term":[{"taxonomy":"category","embeddable":true,"href":"https:\/\/vocesparalelas.com.ar\/sitio\/wp-json\/wp\/v2\/categories?post=65469"},{"taxonomy":"post_tag","embeddable":true,"href":"https:\/\/vocesparalelas.com.ar\/sitio\/wp-json\/wp\/v2\/tags?post=65469"}],"curies":[{"name":"wp","href":"https:\/\/api.w.org\/{rel}","templated":true}]}}