{"id":65425,"date":"2023-11-06T21:44:04","date_gmt":"2023-11-07T00:44:04","guid":{"rendered":"https:\/\/vocesparalelas.com.ar\/sitio\/?p=65425"},"modified":"2023-11-07T00:44:21","modified_gmt":"2023-11-07T03:44:21","slug":"informe-sobre-el-estado-del-edificio-de-la-ex-legislatura-de-san-juan","status":"publish","type":"post","link":"https:\/\/vocesparalelas.com.ar\/sitio\/informe-sobre-el-estado-del-edificio-de-la-ex-legislatura-de-san-juan\/","title":{"rendered":"Informe sobre el estado del edificio de la Ex Legislatura de San Juan"},"content":{"rendered":"<div class=\"itemFullText jbintrotext\">\n<p>Con el objetivo de habilitar el edificio de la ex Legislatura provincial ubicado en calle Urquiza, en el Parque de Mayo, fue presentado el informe t\u00e9cnico- cient\u00edfico realizado sobre la estructura edilicia que fue declarada monumento Hist\u00f3rico Provincial y Sitio de Memoria del Terrorismo de Estado, amparada por leyes nacionales y provinciales que protegen su significado hist\u00f3rico. El acto de presentaci\u00f3n estuvo encabezado por el vicegobernador CPN Roberto Gattoni y tuvo lugar en el auditorio Emar Acosta.<\/p>\n<p>&nbsp;<\/p>\n<\/div>\n<div class=\"itemFullText\">\n<p>Adem\u00e1s, particip\u00f3 el ministro de Gobierno, Dr. Alberto Hensel; la secretaria de Estado de Ciencia, Tecnolog\u00eda e Innovaci\u00f3n del Gobierno de San Juan, Ing. Marita Benavente; la ministra de Turismo y Cultura, Lic. Claudia Grynszpan; el rector de la Universidad Nacional de San Juan, Ing. Tadeo Berenguer y el decano de la Facultad de Arquitectura, Urbanismo y Dise\u00f1o de la UNSJ, Arq. Guillermo Velasco; la secretaria de Gobierno, Justicia y Derechos Humanos, Dra. Nerina Eusebi; la subsecretaria de Derechos Humanos, Dra. Clarisa Botto; el secretario de Relaciones Institucionales, Lic. Marcelo Fretes; el secretario Legislativo, Dr. Nicol\u00e1s Alvo; diputados provinciales y p\u00fablico en general.<\/p>\n<p><img loading=\"lazy\" decoding=\"async\" class=\"alignnone size-full wp-image-65395\" src=\"https:\/\/vocesparalelas.com.ar\/sitio\/wp-content\/uploads\/2023\/11\/CDSJ-LEGISLATURA-01.jpg\" alt=\"\" width=\"800\" height=\"533\" srcset=\"https:\/\/vocesparalelas.com.ar\/sitio\/wp-content\/uploads\/2023\/11\/CDSJ-LEGISLATURA-01.jpg 800w, https:\/\/vocesparalelas.com.ar\/sitio\/wp-content\/uploads\/2023\/11\/CDSJ-LEGISLATURA-01-300x200.jpg 300w, https:\/\/vocesparalelas.com.ar\/sitio\/wp-content\/uploads\/2023\/11\/CDSJ-LEGISLATURA-01-768x512.jpg 768w\" sizes=\"auto, (max-width: 800px) 100vw, 800px\" \/><\/p>\n<p>&nbsp;<\/p>\n<p>Cabe se\u00f1alar que este proyecto se ejecuta en el marco de un convenio de asistencia y cooperaci\u00f3n con el prop\u00f3sito de realizar estudios t\u00e9cnicos y documentaci\u00f3n necesaria para la habilitaci\u00f3n del edificio de la Ex Legislatura. El Gobierno de la provincia de San Juan, a trav\u00e9s de la secretaria de Estado de Ciencias, Tecnolog\u00eda proporcionar\u00e1 un subsidio que ser\u00e1 destinado a los trabajos necesarios y los equipamientos requeridos para la puesta en valor del edificio. Todo este proceso se ha llevado a cabo de acuerdo con leyes, normativas vigentes en la provincia de San Juan y con el objetivo de preservar la memoria y la historia de este lugar emblem\u00e1tico.<\/p>\n<p><img loading=\"lazy\" decoding=\"async\" class=\"alignnone size-full wp-image-36337\" src=\"https:\/\/vocesparalelas.com.ar\/sitio\/wp-content\/uploads\/2021\/03\/MEMORIA-05.jpg\" alt=\"\" width=\"800\" height=\"530\" srcset=\"https:\/\/vocesparalelas.com.ar\/sitio\/wp-content\/uploads\/2021\/03\/MEMORIA-05.jpg 800w, https:\/\/vocesparalelas.com.ar\/sitio\/wp-content\/uploads\/2021\/03\/MEMORIA-05-300x199.jpg 300w, https:\/\/vocesparalelas.com.ar\/sitio\/wp-content\/uploads\/2021\/03\/MEMORIA-05-768x509.jpg 768w\" sizes=\"auto, (max-width: 800px) 100vw, 800px\" \/><\/p>\n<p>&nbsp;<\/p>\n<p>A su turno, la Secretaria del SECITI, Ing. Marita Benavente relat\u00f3 c\u00f3mo surgi\u00f3 esta iniciativa y hoy quienes estamos comprometidos con la causa democr\u00e1tica, comprometidos con el nunca m\u00e1s, comprometidos con la agenda de derechos humanos venimos a decir que es posible continuar el legado de la memoria en San Juan, construyendo, edificando este espacio que es \u00fanico.<\/p>\n<p><iframe loading=\"lazy\" title=\"CDSJ SECITI ING MARITA BENAVENTE\" width=\"800\" height=\"450\" src=\"https:\/\/www.youtube.com\/embed\/qXR47ghV8E8?feature=oembed\" frameborder=\"0\" allow=\"accelerometer; autoplay; clipboard-write; encrypted-media; gyroscope; picture-in-picture; web-share\" allowfullscreen><\/iframe><\/p>\n<p>Seguidamente, el Decano de la FAUD de la UNSJ, Arq. Guillermo Velasco, quien record\u00f3 la firma del acta complementaria y realmente tiene un valor especial. Primero tiene un valor arquitect\u00f3nico porque es uno de los pocos edificios pre- terremoto del 44, fue construido en 1928. Y adem\u00e1s tom\u00f3 otro valor muy significativo que es el hecho que haya sido un sitio de detenci\u00f3n y que hoy en d\u00eda ponemos en valor.<\/p>\n<p><iframe loading=\"lazy\" title=\"CDSJ FAUD UNSJ DECANO ARQ. GUILLERMO VELASCO\" width=\"800\" height=\"450\" src=\"https:\/\/www.youtube.com\/embed\/fbzHTRLCrlU?feature=oembed\" frameborder=\"0\" allow=\"accelerometer; autoplay; clipboard-write; encrypted-media; gyroscope; picture-in-picture; web-share\" allowfullscreen><\/iframe><\/p>\n<p>Posteriormente, el Rector de la UNSJ, Ing. Tadeo Berenguer hizo hincapi\u00e9 que es un orgullo estar entregando en estos momentos un estudio que la Universidad P\u00fablica ha realizado a pedido de la Legislatura para la habilitaci\u00f3n de un \u00e1mbito donde a principio del siglo XX se generaba la discusi\u00f3n de las grandes leyes de las pol\u00edticas sanjuaninas y que prontamente, la noche oscura de la dictadura la convirti\u00f3 en un centro de detenci\u00f3n y tortura. El hecho de mantener vivo este \u00edcono de esta trayectoria del devenir de la historia sanjuanina es fundamental y un orgullo que la UNSJ sea part\u00edcipe de esta informaci\u00f3n. El Pueblo que desconoce su pasado tiene el futuro muy incierto<\/p>\n<p>&nbsp;<\/p>\n<p><iframe loading=\"lazy\" title=\"CDSJ UNSJ RECTOR ING TADEO BERENGUER\" width=\"800\" height=\"450\" src=\"https:\/\/www.youtube.com\/embed\/s6dyzBjcWKA?feature=oembed\" frameborder=\"0\" allow=\"accelerometer; autoplay; clipboard-write; encrypted-media; gyroscope; picture-in-picture; web-share\" allowfullscreen><\/iframe><\/p>\n<p>Luego, el ministro de Gobierno, Dr. Alberto Hensen dijo que \u201cesto tiene que ver con una decisi\u00f3n pol\u00edtica que se vincula con nuestras m\u00e1s profundas convicciones, sobre todo teniendo en cuenta aquellos que entregaron su vida, su libertad. Hay que seguir dando testimonio de esa entrega. Este hecho, que es un paso m\u00e1s, que es tratar de poner en valor a la ex Legislatura, que es el \u00fanico lugar donde justamente se utiliz\u00f3 para centros de detenciones ilegales y torturas, hasta la desaparici\u00f3n de personas. Desde el punto de vista hist\u00f3rico tiene una enorme significaci\u00f3n m\u00e1s all\u00e1 del valor arquitect\u00f3nico, pero fundamentalmente el hist\u00f3rico y pol\u00edtico e institucional, porque tiene que ver con la preservaci\u00f3n de nuestra memoria. Con este paso que estamos dando hoy, estamos defendiendo y estamos poniendo en valor a todos aquellos que entienden la pol\u00edtica basada en valores universales, en verdades universales que nos identifican\u201d.<\/p>\n<p>A continuaci\u00f3n, la ministra de Turismo y Cultura sostuvo que \u201cno puedo dejar de pensar en la palabra resiliencia. Nosotros somos un pueblo resiliente, Argentina lo es. La resiliencia es la capacidad para sobreponerse a las vicisitudes de la vida, que tienen que ver justamente con la memoria. No podemos ser resilientes sin recordar, sin repasar el pasado, sin examinarlo, sin analizarlo, sin reflexionar, algo que parece ser que tenemos que evitar para comunicarnos en las redes sociales, no se reflexiona. Evitar la reflexi\u00f3n pareciera ser que vamos a ser m\u00e1s felices y es lo opuesto. Hoy aqu\u00ed se est\u00e1 dejando sentado la importancia de la memoria para poder evitar que se repita esto en el futuro o en el presente\u201d.<\/p>\n<p>Finalmente, el vicegobernador CPN Roberto Gattoni destac\u00f3 reflexiones en cuanto a la trascendencia institucional, social, y pol\u00edtica que tiene llevar adelante este proyecto que implica la rehabilitaci\u00f3n de la Ex Legislatura provincial. \u201cUstedes piensen que las Legislaturas son la caja de resonancia de la democracia. Concurren los distintos pensamientos pol\u00edticos, ah\u00ed se discute, se acuerda, se consensua y finalmente se despacha y sanciona las leyes que reconocen derechos y que mejoran o intentan mejorar la calidad de vida de los ciudadanos. Cuando aparece la dictadura, lo primero o casi \u00fanico que se suprime son las Legislaturas.<\/p>\n<p><iframe loading=\"lazy\" title=\"CDSJ VICEGOBERNADOR CPN ROBERTO GATTONI\" width=\"800\" height=\"450\" src=\"https:\/\/www.youtube.com\/embed\/EnPneq8429g?feature=oembed\" frameborder=\"0\" allow=\"accelerometer; autoplay; clipboard-write; encrypted-media; gyroscope; picture-in-picture; web-share\" allowfullscreen><\/iframe><\/p>\n<p>Los profesionales responsables del informe a cargo del arquitecto Francisco Velert y su equipo presentaron las condiciones en que se encuentra el edifico de la ex Legislatura y la tarea que se debe realizar.<\/p>\n<\/div>\n<div class=\"itemFullText\">\n<p><img loading=\"lazy\" decoding=\"async\" class=\"alignnone size-full wp-image-65396\" src=\"https:\/\/vocesparalelas.com.ar\/sitio\/wp-content\/uploads\/2023\/11\/CDSJ-LEGISLATURA-02.jpg\" alt=\"\" width=\"800\" height=\"533\" srcset=\"https:\/\/vocesparalelas.com.ar\/sitio\/wp-content\/uploads\/2023\/11\/CDSJ-LEGISLATURA-02.jpg 800w, https:\/\/vocesparalelas.com.ar\/sitio\/wp-content\/uploads\/2023\/11\/CDSJ-LEGISLATURA-02-300x200.jpg 300w, https:\/\/vocesparalelas.com.ar\/sitio\/wp-content\/uploads\/2023\/11\/CDSJ-LEGISLATURA-02-768x512.jpg 768w\" sizes=\"auto, (max-width: 800px) 100vw, 800px\" \/><\/p>\n<\/div>\n<p>&nbsp;<\/p>\n","protected":false},"excerpt":{"rendered":"<p>Con el objetivo de habilitar el edificio de la ex Legislatura provincial ubicado en calle Urquiza, en el Parque de<\/p>\n","protected":false},"author":3,"featured_media":65397,"comment_status":"closed","ping_status":"closed","sticky":false,"template":"","format":"standard","meta":{"_acf_changed":false,"_seopress_robots_primary_cat":"none","_seopress_titles_title":"","_seopress_titles_desc":"","_seopress_robots_index":"","colormag_page_container_layout":"default_layout","colormag_page_sidebar_layout":"default_layout","footnotes":""},"categories":[1,7],"tags":[],"class_list":["post-65425","post","type-post","status-publish","format-standard","has-post-thumbnail","hentry","category-destacadas","category-videos"],"acf":[],"_links":{"self":[{"href":"https:\/\/vocesparalelas.com.ar\/sitio\/wp-json\/wp\/v2\/posts\/65425","targetHints":{"allow":["GET"]}}],"collection":[{"href":"https:\/\/vocesparalelas.com.ar\/sitio\/wp-json\/wp\/v2\/posts"}],"about":[{"href":"https:\/\/vocesparalelas.com.ar\/sitio\/wp-json\/wp\/v2\/types\/post"}],"author":[{"embeddable":true,"href":"https:\/\/vocesparalelas.com.ar\/sitio\/wp-json\/wp\/v2\/users\/3"}],"replies":[{"embeddable":true,"href":"https:\/\/vocesparalelas.com.ar\/sitio\/wp-json\/wp\/v2\/comments?post=65425"}],"version-history":[{"count":1,"href":"https:\/\/vocesparalelas.com.ar\/sitio\/wp-json\/wp\/v2\/posts\/65425\/revisions"}],"predecessor-version":[{"id":65428,"href":"https:\/\/vocesparalelas.com.ar\/sitio\/wp-json\/wp\/v2\/posts\/65425\/revisions\/65428"}],"wp:featuredmedia":[{"embeddable":true,"href":"https:\/\/vocesparalelas.com.ar\/sitio\/wp-json\/wp\/v2\/media\/65397"}],"wp:attachment":[{"href":"https:\/\/vocesparalelas.com.ar\/sitio\/wp-json\/wp\/v2\/media?parent=65425"}],"wp:term":[{"taxonomy":"category","embeddable":true,"href":"https:\/\/vocesparalelas.com.ar\/sitio\/wp-json\/wp\/v2\/categories?post=65425"},{"taxonomy":"post_tag","embeddable":true,"href":"https:\/\/vocesparalelas.com.ar\/sitio\/wp-json\/wp\/v2\/tags?post=65425"}],"curies":[{"name":"wp","href":"https:\/\/api.w.org\/{rel}","templated":true}]}}