{"id":65377,"date":"2023-11-05T20:59:05","date_gmt":"2023-11-05T23:59:05","guid":{"rendered":"https:\/\/vocesparalelas.com.ar\/sitio\/?p=65377"},"modified":"2023-11-07T00:55:20","modified_gmt":"2023-11-07T03:55:20","slug":"taller-gratuito-podcast-express-toma-la-onda-creativa-en-conectar-lab-de-san-juan","status":"publish","type":"post","link":"https:\/\/vocesparalelas.com.ar\/sitio\/taller-gratuito-podcast-express-toma-la-onda-creativa-en-conectar-lab-de-san-juan\/","title":{"rendered":"Taller gratuito Podcast Express \u00a1Toma la Onda Creativa!\u00bb en Conectar LAB de San Juan"},"content":{"rendered":"<p>El Centro de innovaci\u00f3n y educaci\u00f3n Conectar LAB, del Ministerio de Educaci\u00f3n del Gobierno de San Juan, Las Heras norte esquina Juan B. Alberdi, Capital, realizar\u00e1 el taller gratuito Podcast Express: \u00a1Toma la Onda Creativa!\u00bb. Los asistentes aprender\u00e1n a crear un podcast, ya sea individual o en conjunto.<\/p>\n<p>Trabajan sobre temas relevantes que impactan en la sociedad como salud mental, acoso escolar, cambio clim\u00e1tico, diversidad, inteligencia artificial y c\u00f3mo estos temas se relacionan con las redes sociales. Aprenden a expresarse y tener una voz que pueda llegar a cualquier audiencia que deseen alcanzar. El taller incluye espacios de co-working dise\u00f1ados espec\u00edficamente para fomentar la exploraci\u00f3n, la creatividad y la producci\u00f3n de podcasts de radio.<\/p>\n<p>El taller comienza el 14 de Noviembre, de 14:30 a 15:30 horas, destinado a j\u00f3venes de 12 a 18 a\u00f1os. Son cinco encuentros, se realizan los Martes, con una hora de extensi\u00f3n. Tiene un cupo de 30 personas.<\/p>\n<p><strong><span style=\"color: #ff6600;\">Los interesados deben inscribirse en\u00a0<\/span><\/strong><\/p>\n<p><a href=\"https:\/\/forms.gle\/2rZJmZzCNdmwDnFi6\">https:\/\/forms.gle\/2rZJmZzCNdmwDnFi6<\/a><\/p>\n<p>Por consultas, comunicarse v\u00eda WhatsApp al 2645427002.<\/p>\n<p>&nbsp;<\/p>\n<p><img loading=\"lazy\" decoding=\"async\" class=\"alignnone size-full wp-image-60632\" src=\"https:\/\/vocesparalelas.com.ar\/sitio\/wp-content\/uploads\/2023\/06\/LAB-CONECTAR.jpg\" alt=\"\" width=\"800\" height=\"503\" srcset=\"https:\/\/vocesparalelas.com.ar\/sitio\/wp-content\/uploads\/2023\/06\/LAB-CONECTAR.jpg 800w, https:\/\/vocesparalelas.com.ar\/sitio\/wp-content\/uploads\/2023\/06\/LAB-CONECTAR-300x189.jpg 300w, https:\/\/vocesparalelas.com.ar\/sitio\/wp-content\/uploads\/2023\/06\/LAB-CONECTAR-768x483.jpg 768w\" sizes=\"auto, (max-width: 800px) 100vw, 800px\" \/><\/p>\n","protected":false},"excerpt":{"rendered":"<p>El Centro de innovaci\u00f3n y educaci\u00f3n Conectar LAB, del Ministerio de Educaci\u00f3n del Gobierno de San Juan, Las Heras norte<\/p>\n","protected":false},"author":3,"featured_media":64251,"comment_status":"closed","ping_status":"closed","sticky":false,"template":"","format":"standard","meta":{"_acf_changed":false,"_seopress_robots_primary_cat":"none","_seopress_titles_title":"","_seopress_titles_desc":"","_seopress_robots_index":"","colormag_page_container_layout":"default_layout","colormag_page_sidebar_layout":"default_layout","footnotes":""},"categories":[9],"tags":[],"class_list":["post-65377","post","type-post","status-publish","format-standard","has-post-thumbnail","hentry","category-cursos"],"acf":[],"_links":{"self":[{"href":"https:\/\/vocesparalelas.com.ar\/sitio\/wp-json\/wp\/v2\/posts\/65377","targetHints":{"allow":["GET"]}}],"collection":[{"href":"https:\/\/vocesparalelas.com.ar\/sitio\/wp-json\/wp\/v2\/posts"}],"about":[{"href":"https:\/\/vocesparalelas.com.ar\/sitio\/wp-json\/wp\/v2\/types\/post"}],"author":[{"embeddable":true,"href":"https:\/\/vocesparalelas.com.ar\/sitio\/wp-json\/wp\/v2\/users\/3"}],"replies":[{"embeddable":true,"href":"https:\/\/vocesparalelas.com.ar\/sitio\/wp-json\/wp\/v2\/comments?post=65377"}],"version-history":[{"count":1,"href":"https:\/\/vocesparalelas.com.ar\/sitio\/wp-json\/wp\/v2\/posts\/65377\/revisions"}],"predecessor-version":[{"id":65380,"href":"https:\/\/vocesparalelas.com.ar\/sitio\/wp-json\/wp\/v2\/posts\/65377\/revisions\/65380"}],"wp:featuredmedia":[{"embeddable":true,"href":"https:\/\/vocesparalelas.com.ar\/sitio\/wp-json\/wp\/v2\/media\/64251"}],"wp:attachment":[{"href":"https:\/\/vocesparalelas.com.ar\/sitio\/wp-json\/wp\/v2\/media?parent=65377"}],"wp:term":[{"taxonomy":"category","embeddable":true,"href":"https:\/\/vocesparalelas.com.ar\/sitio\/wp-json\/wp\/v2\/categories?post=65377"},{"taxonomy":"post_tag","embeddable":true,"href":"https:\/\/vocesparalelas.com.ar\/sitio\/wp-json\/wp\/v2\/tags?post=65377"}],"curies":[{"name":"wp","href":"https:\/\/api.w.org\/{rel}","templated":true}]}}