{"id":65357,"date":"2023-11-02T10:40:56","date_gmt":"2023-11-02T13:40:56","guid":{"rendered":"https:\/\/vocesparalelas.com.ar\/sitio\/?p=65357"},"modified":"2023-11-05T21:01:09","modified_gmt":"2023-11-06T00:01:09","slug":"disfruta-las-actividades-en-el-dia-del-artista-plastico-en-el-parque-de-rivadavia","status":"publish","type":"post","link":"https:\/\/vocesparalelas.com.ar\/sitio\/disfruta-las-actividades-en-el-dia-del-artista-plastico-en-el-parque-de-rivadavia\/","title":{"rendered":"Disfruta las actividades en el D\u00eda del Artista Pl\u00e1stico en el Parque de Rivadavia"},"content":{"rendered":"<p>El Domingo, 5 de Noviembre, a partir de las 19 hs.; en la Plaza Seca Malvinas Argentinas en el Parque de Rivadavia, se realiza una anteversi\u00f3n art\u00edstica para disfrutar en familia.<\/p>\n<p>Por ello, el Centro de Artistas Pl\u00e1sticos de San Juan y la Municipalidad de Rivadavia para festejar el D\u00eda del Artista Pl\u00e1stico, en la Argentina.<\/p>\n<p><span style=\"color: #ff0000;\"><strong>Es as\u00ed que se desarrollan distintas actividades<\/strong><\/span><\/p>\n<ul>\n<li>Una exposici\u00f3n de obras pict\u00f3ricas de artistas que han impulsado y generado grandes aportes al patrimonio cultural de San Juan y Argentina.<\/li>\n<li>Pintura en vivo<\/li>\n<li>Intervenciones de danza y<\/li>\n<li>M\u00fasica<\/li>\n<\/ul>\n<p><img loading=\"lazy\" decoding=\"async\" class=\"alignnone size-large wp-image-15197\" src=\"https:\/\/vocesparalelas.com.ar\/sitio\/wp-content\/uploads\/2018\/09\/PARQUE-DE-RIVADAVIA-01-800x600.jpg\" alt=\"\" width=\"800\" height=\"600\" srcset=\"https:\/\/vocesparalelas.com.ar\/sitio\/wp-content\/uploads\/2018\/09\/PARQUE-DE-RIVADAVIA-01-800x600.jpg 800w, https:\/\/vocesparalelas.com.ar\/sitio\/wp-content\/uploads\/2018\/09\/PARQUE-DE-RIVADAVIA-01-300x225.jpg 300w, https:\/\/vocesparalelas.com.ar\/sitio\/wp-content\/uploads\/2018\/09\/PARQUE-DE-RIVADAVIA-01-768x576.jpg 768w, https:\/\/vocesparalelas.com.ar\/sitio\/wp-content\/uploads\/2018\/09\/PARQUE-DE-RIVADAVIA-01.jpg 1000w\" sizes=\"auto, (max-width: 800px) 100vw, 800px\" \/><\/p>\n<p>&nbsp;<\/p>\n<p><img loading=\"lazy\" decoding=\"async\" class=\"alignnone size-large wp-image-42675\" src=\"https:\/\/vocesparalelas.com.ar\/sitio\/wp-content\/uploads\/2021\/10\/RIVADAVIA-LOGO-800x600.jpg\" alt=\"\" width=\"800\" height=\"600\" srcset=\"https:\/\/vocesparalelas.com.ar\/sitio\/wp-content\/uploads\/2021\/10\/RIVADAVIA-LOGO-800x600.jpg 800w, https:\/\/vocesparalelas.com.ar\/sitio\/wp-content\/uploads\/2021\/10\/RIVADAVIA-LOGO-300x225.jpg 300w, https:\/\/vocesparalelas.com.ar\/sitio\/wp-content\/uploads\/2021\/10\/RIVADAVIA-LOGO-768x576.jpg 768w, https:\/\/vocesparalelas.com.ar\/sitio\/wp-content\/uploads\/2021\/10\/RIVADAVIA-LOGO.jpg 1024w\" sizes=\"auto, (max-width: 800px) 100vw, 800px\" \/><\/p>\n","protected":false},"excerpt":{"rendered":"<p>El Domingo, 5 de Noviembre, a partir de las 19 hs.; en la Plaza Seca Malvinas Argentinas en el Parque<\/p>\n","protected":false},"author":3,"featured_media":10871,"comment_status":"closed","ping_status":"closed","sticky":false,"template":"","format":"standard","meta":{"_acf_changed":false,"_seopress_robots_primary_cat":"none","_seopress_titles_title":"","_seopress_titles_desc":"","_seopress_robots_index":"","colormag_page_container_layout":"default_layout","colormag_page_sidebar_layout":"default_layout","footnotes":""},"categories":[1],"tags":[],"class_list":["post-65357","post","type-post","status-publish","format-standard","has-post-thumbnail","hentry","category-destacadas"],"acf":[],"_links":{"self":[{"href":"https:\/\/vocesparalelas.com.ar\/sitio\/wp-json\/wp\/v2\/posts\/65357","targetHints":{"allow":["GET"]}}],"collection":[{"href":"https:\/\/vocesparalelas.com.ar\/sitio\/wp-json\/wp\/v2\/posts"}],"about":[{"href":"https:\/\/vocesparalelas.com.ar\/sitio\/wp-json\/wp\/v2\/types\/post"}],"author":[{"embeddable":true,"href":"https:\/\/vocesparalelas.com.ar\/sitio\/wp-json\/wp\/v2\/users\/3"}],"replies":[{"embeddable":true,"href":"https:\/\/vocesparalelas.com.ar\/sitio\/wp-json\/wp\/v2\/comments?post=65357"}],"version-history":[{"count":1,"href":"https:\/\/vocesparalelas.com.ar\/sitio\/wp-json\/wp\/v2\/posts\/65357\/revisions"}],"predecessor-version":[{"id":65360,"href":"https:\/\/vocesparalelas.com.ar\/sitio\/wp-json\/wp\/v2\/posts\/65357\/revisions\/65360"}],"wp:featuredmedia":[{"embeddable":true,"href":"https:\/\/vocesparalelas.com.ar\/sitio\/wp-json\/wp\/v2\/media\/10871"}],"wp:attachment":[{"href":"https:\/\/vocesparalelas.com.ar\/sitio\/wp-json\/wp\/v2\/media?parent=65357"}],"wp:term":[{"taxonomy":"category","embeddable":true,"href":"https:\/\/vocesparalelas.com.ar\/sitio\/wp-json\/wp\/v2\/categories?post=65357"},{"taxonomy":"post_tag","embeddable":true,"href":"https:\/\/vocesparalelas.com.ar\/sitio\/wp-json\/wp\/v2\/tags?post=65357"}],"curies":[{"name":"wp","href":"https:\/\/api.w.org\/{rel}","templated":true}]}}