{"id":65332,"date":"2023-11-03T20:18:33","date_gmt":"2023-11-03T23:18:33","guid":{"rendered":"https:\/\/vocesparalelas.com.ar\/sitio\/?p=65332"},"modified":"2023-11-04T15:05:35","modified_gmt":"2023-11-04T18:05:35","slug":"cronograma-para-traslados-preferenciales-y-ordinarios-2024-rama-primaria-de-san-juan","status":"publish","type":"post","link":"https:\/\/vocesparalelas.com.ar\/sitio\/cronograma-para-traslados-preferenciales-y-ordinarios-2024-rama-primaria-de-san-juan\/","title":{"rendered":"Cronograma para Traslados Preferenciales y Ordinarios 2024 Rama Primaria de San Juan"},"content":{"rendered":"<p>La Junta de Clasificaci\u00f3n Docente Rama Primaria del Ministerio de Educaci\u00f3n del Gobierno de San Juan, informa que la notificaci\u00f3n de la antig\u00fcedad de los docentes inscriptos para Traslados Preferenciales y Ordinarios 2024, ser\u00e1 publicada en el sitio oficial del Ministerio de Educaci\u00f3n<\/p>\n<p><a href=\"http:\/\/educacion.sanjuan.gob.ar\/\">http:\/\/educacion.sanjuan.gob.ar\/<\/a><\/p>\n<p>en el \u00edcono \u201cJunta de Clasificaci\u00f3n\u201d, opci\u00f3n \u201cRama Inicial y Primaria\u201d.<\/p>\n<p><span style=\"color: #ff6600;\"><strong>Se recuerda la continuidad del cronograma<\/strong><\/span><\/p>\n<ul>\n<li>Notificaci\u00f3n de Antig\u00fcedad: 6 al 10 de noviembre 2023<\/li>\n<li>Apelaci\u00f3n de Antig\u00fcedad: 13 de noviembre de 2023<\/li>\n<li>Resoluci\u00f3n de Apelaci\u00f3n: 17, 21 y 22 de noviembre de 2023<\/li>\n<li>Notificaci\u00f3n de Apelaci\u00f3n: 27 de noviembre de 2023<\/li>\n<li>Presentaci\u00f3n de Recursos Jer\u00e1rquicos: 28 de noviembre de 2023<\/li>\n<li>Elevaci\u00f3n de Recursos Jer\u00e1rquicos: 29 de noviembre de 2023<\/li>\n<li>Exhibici\u00f3n de Listados Provisorios: 4 de diciembre de 2023<\/li>\n<li>Apelaci\u00f3n de Listados Provisorios: 5 de diciembre de 2023<\/li>\n<li>Resoluci\u00f3n de Apelaciones: 12 de diciembre de 2023<\/li>\n<li>Notificaci\u00f3n de Apelaci\u00f3n: 14 de diciembre de 2023<\/li>\n<li>Exhibici\u00f3n de Listados Definitivos: 18, 19 y 20 de diciembre de 2023<\/li>\n<\/ul>\n<p>Se recuerda que \u00fanicamente los docentes inscriptos que observen alguna discrepancia en los datos personales o en la antig\u00fcedad, deben reclamar mediante nota por Mesa de Entradas y Salidas de la Junta, ubicada en calle Tucum\u00e1n 75 norte, Capital, tel\u00e9fono 4302206.<\/p>\n<p><img loading=\"lazy\" decoding=\"async\" class=\"alignnone size-full wp-image-28629\" src=\"https:\/\/vocesparalelas.com.ar\/sitio\/wp-content\/uploads\/2020\/05\/MINISTERIO-EDUCACION-SJ.jpg\" alt=\"\" width=\"800\" height=\"533\" srcset=\"https:\/\/vocesparalelas.com.ar\/sitio\/wp-content\/uploads\/2020\/05\/MINISTERIO-EDUCACION-SJ.jpg 800w, https:\/\/vocesparalelas.com.ar\/sitio\/wp-content\/uploads\/2020\/05\/MINISTERIO-EDUCACION-SJ-300x200.jpg 300w, https:\/\/vocesparalelas.com.ar\/sitio\/wp-content\/uploads\/2020\/05\/MINISTERIO-EDUCACION-SJ-768x512.jpg 768w\" sizes=\"auto, (max-width: 800px) 100vw, 800px\" \/><\/p>\n","protected":false},"excerpt":{"rendered":"<p>La Junta de Clasificaci\u00f3n Docente Rama Primaria del Ministerio de Educaci\u00f3n del Gobierno de San Juan, informa que la notificaci\u00f3n<\/p>\n","protected":false},"author":3,"featured_media":5000,"comment_status":"closed","ping_status":"closed","sticky":false,"template":"","format":"standard","meta":{"_acf_changed":false,"_seopress_robots_primary_cat":"none","_seopress_titles_title":"","_seopress_titles_desc":"","_seopress_robots_index":"","colormag_page_container_layout":"default_layout","colormag_page_sidebar_layout":"default_layout","footnotes":""},"categories":[5],"tags":[],"class_list":["post-65332","post","type-post","status-publish","format-standard","has-post-thumbnail","hentry","category-ofrecimientos"],"acf":[],"_links":{"self":[{"href":"https:\/\/vocesparalelas.com.ar\/sitio\/wp-json\/wp\/v2\/posts\/65332","targetHints":{"allow":["GET"]}}],"collection":[{"href":"https:\/\/vocesparalelas.com.ar\/sitio\/wp-json\/wp\/v2\/posts"}],"about":[{"href":"https:\/\/vocesparalelas.com.ar\/sitio\/wp-json\/wp\/v2\/types\/post"}],"author":[{"embeddable":true,"href":"https:\/\/vocesparalelas.com.ar\/sitio\/wp-json\/wp\/v2\/users\/3"}],"replies":[{"embeddable":true,"href":"https:\/\/vocesparalelas.com.ar\/sitio\/wp-json\/wp\/v2\/comments?post=65332"}],"version-history":[{"count":1,"href":"https:\/\/vocesparalelas.com.ar\/sitio\/wp-json\/wp\/v2\/posts\/65332\/revisions"}],"predecessor-version":[{"id":65335,"href":"https:\/\/vocesparalelas.com.ar\/sitio\/wp-json\/wp\/v2\/posts\/65332\/revisions\/65335"}],"wp:featuredmedia":[{"embeddable":true,"href":"https:\/\/vocesparalelas.com.ar\/sitio\/wp-json\/wp\/v2\/media\/5000"}],"wp:attachment":[{"href":"https:\/\/vocesparalelas.com.ar\/sitio\/wp-json\/wp\/v2\/media?parent=65332"}],"wp:term":[{"taxonomy":"category","embeddable":true,"href":"https:\/\/vocesparalelas.com.ar\/sitio\/wp-json\/wp\/v2\/categories?post=65332"},{"taxonomy":"post_tag","embeddable":true,"href":"https:\/\/vocesparalelas.com.ar\/sitio\/wp-json\/wp\/v2\/tags?post=65332"}],"curies":[{"name":"wp","href":"https:\/\/api.w.org\/{rel}","templated":true}]}}