{"id":65307,"date":"2023-11-16T10:30:29","date_gmt":"2023-11-16T13:30:29","guid":{"rendered":"https:\/\/vocesparalelas.com.ar\/sitio\/?p=65307"},"modified":"2023-11-18T00:58:07","modified_gmt":"2023-11-18T03:58:07","slug":"1-encuentro-cuyano-de-estudiantes-extensionistas-en-la-unsj","status":"publish","type":"post","link":"https:\/\/vocesparalelas.com.ar\/sitio\/1-encuentro-cuyano-de-estudiantes-extensionistas-en-la-unsj\/","title":{"rendered":"1\u00b0 Encuentro Cuyano de Estudiantes Extensionistas en la UNSJ"},"content":{"rendered":"<p>El Viernes, 17 y el S\u00e1bado, 18 de Noviembre de 2023, en el Complejo Universitario Islas Malvinas de la Universidad Nacional de San Juan, Ignacio de la Roza y Meglioli, Ciudad de Rivadavia, Provincia de San Juan, Rep\u00fablica Argentina, se desarrolla en San Juan el 1\u00b0 Encuentro Cuyano de Estudiantes Extensionistas.<\/p>\n<p><img loading=\"lazy\" decoding=\"async\" class=\"alignnone size-full wp-image-65310\" src=\"https:\/\/vocesparalelas.com.ar\/sitio\/wp-content\/uploads\/2023\/11\/FCEFN-ENCUENTRO.jpg\" alt=\"\" width=\"800\" height=\"464\" srcset=\"https:\/\/vocesparalelas.com.ar\/sitio\/wp-content\/uploads\/2023\/11\/FCEFN-ENCUENTRO.jpg 800w, https:\/\/vocesparalelas.com.ar\/sitio\/wp-content\/uploads\/2023\/11\/FCEFN-ENCUENTRO-300x174.jpg 300w, https:\/\/vocesparalelas.com.ar\/sitio\/wp-content\/uploads\/2023\/11\/FCEFN-ENCUENTRO-768x445.jpg 768w\" sizes=\"auto, (max-width: 800px) 100vw, 800px\" \/><\/p>\n<p><strong><span style=\"color: #ff6600;\">Objetivos<\/span><\/strong><\/p>\n<ul>\n<li>Generar un espacio de reflexi\u00f3n-acci\u00f3n cr\u00edtica acerca de la extensi\u00f3n universitaria en la regi\u00f3n cuyana.<\/li>\n<li>Propiciar redes de intercambios entre estudiantes extensionistas de universidades p\u00fablicas de la regi\u00f3n cuyana.<\/li>\n<\/ul>\n<p><strong><span style=\"color: #ff6600;\">Destinatarios<\/span><\/strong><\/p>\n<p>Estudiantes con trayectoria en extensi\u00f3n y aquellos que se acercan por primera vez y tienen inquietudes valiosas para intercambiar.<\/p>\n<p><strong><span style=\"color: #ff6600;\">Ejes<\/span><\/strong><\/p>\n<ul>\n<li>Nociones b\u00e1sicas introductorias de la Extensi\u00f3n. \u00bfQu\u00e9 es la extensi\u00f3n? \u00bfQu\u00e9 tipos de extensi\u00f3n existen?<\/li>\n<li>\u00bfQu\u00e9 extensi\u00f3n hacemos en cada una de las Universidades? \u00bfCu\u00e1l es el lugar que ocupamos les estudiantes en la extensi\u00f3n? Estado de situaci\u00f3n de cada Universidad.<\/li>\n<li>\u00bfQu\u00e9 extensi\u00f3n queremos? Construcci\u00f3n de horizontes, pensar una agenda estudiantil extensionista.<\/li>\n<\/ul>\n<p><strong><span style=\"color: #ff6600;\">Modalidad<\/span><\/strong><\/p>\n<p>Talleres y conversatorios presenciales.<\/p>\n<p>Por ello, Voces Paralelas desarroll\u00f3 una entrevista period\u00edstica a la Integrante de la Comisi\u00f3n organizadora del 1\u00b0 Encuentro Cuyano de Estudiantes Extensionistas en la UNSJ, Agostina Lucero, quien describi\u00f3 el trabajo que vienen realizando para poner todo a punto a los Estudiantes Extensionistas de la UNSJ, de San Luis, Mendoza y La Rioja.<\/p>\n<p><iframe loading=\"lazy\" title=\"FCEFN UNSJ AGOSTINA LUCERO\" width=\"800\" height=\"450\" src=\"https:\/\/www.youtube.com\/embed\/aDdZRX54Ed4?feature=oembed\" frameborder=\"0\" allow=\"accelerometer; autoplay; clipboard-write; encrypted-media; gyroscope; picture-in-picture; web-share\" allowfullscreen><\/iframe><\/p>\n<p><strong><span style=\"color: #ff6600;\">Inscripci\u00f3n\u00a0<\/span><\/strong><\/p>\n<p><a href=\"https:\/\/linktr.ee\/ece_extensionistas\">https:\/\/linktr.ee\/ece_extensionistas<\/a><\/p>\n<p><strong><span style=\"color: #ff6600;\">Para consultas sobre inscripci\u00f3n de contingentes, contactarse al siguiente mail:<\/span><\/strong><\/p>\n<p><a href=\"mailto:ece_extensionistas@unsj-cuim.edu.ar\">ece_extensionistas@unsj-cuim.edu.ar<\/a><\/p>\n<p><strong><span style=\"color: #ff6600;\">Cronograma<\/span><\/strong><\/p>\n<p><strong><span style=\"color: #ff6600;\">Viernes 17de Noviembre<\/span><\/strong><\/p>\n<ul>\n<li>8:30 hs &#8211; Acreditaciones<\/li>\n<li>9:30 hs &#8211; Apertura<\/li>\n<li>10:00 a 13:00 hs &#8211; Divisi\u00f3n en grupos y Talleres de Eje 1<\/li>\n<li>13:00 a 14:30 hs &#8211; Almuerzo<\/li>\n<li>14:30 a 17:30 hs &#8211; Talleres Eje 2<\/li>\n<li>18:00 a 19:30 hs &#8211; Comienzo Eje 3<\/li>\n<li>21:00 hs &#8211; Cena<\/li>\n<li>22:30 &#8211; Jolgorio<\/li>\n<\/ul>\n<p><strong><span style=\"color: #ff6600;\">S\u00e1bado 18 de Noviembre<\/span><\/strong><\/p>\n<ul>\n<li>10:00 hs &#8211; Continuaci\u00f3n de talleres Eje 3<\/li>\n<li>13:00 hs &#8211; Almuerzo<\/li>\n<li>14:30 a 17:00 hs &#8211; Conclusiones y elecci\u00f3n de la pr\u00f3xima sede del Encuentro.<\/li>\n<\/ul>\n<p>&nbsp;<\/p>\n<p><img loading=\"lazy\" decoding=\"async\" class=\"alignnone size-large wp-image-4886\" src=\"https:\/\/vocesparalelas.com.ar\/sitio\/wp-content\/uploads\/2017\/09\/COMEDOR-CUIM-1-800x450.jpg\" alt=\"\" width=\"800\" height=\"450\" srcset=\"https:\/\/vocesparalelas.com.ar\/sitio\/wp-content\/uploads\/2017\/09\/COMEDOR-CUIM-1-800x450.jpg 800w, https:\/\/vocesparalelas.com.ar\/sitio\/wp-content\/uploads\/2017\/09\/COMEDOR-CUIM-1-300x169.jpg 300w, https:\/\/vocesparalelas.com.ar\/sitio\/wp-content\/uploads\/2017\/09\/COMEDOR-CUIM-1-768x432.jpg 768w, https:\/\/vocesparalelas.com.ar\/sitio\/wp-content\/uploads\/2017\/09\/COMEDOR-CUIM-1.jpg 1024w\" sizes=\"auto, (max-width: 800px) 100vw, 800px\" \/><\/p>\n<p><img loading=\"lazy\" decoding=\"async\" class=\"alignnone size-full wp-image-50351\" src=\"https:\/\/vocesparalelas.com.ar\/sitio\/wp-content\/uploads\/2022\/07\/CUIM-04.jpg\" alt=\"\" width=\"800\" height=\"600\" srcset=\"https:\/\/vocesparalelas.com.ar\/sitio\/wp-content\/uploads\/2022\/07\/CUIM-04.jpg 800w, https:\/\/vocesparalelas.com.ar\/sitio\/wp-content\/uploads\/2022\/07\/CUIM-04-300x225.jpg 300w, https:\/\/vocesparalelas.com.ar\/sitio\/wp-content\/uploads\/2022\/07\/CUIM-04-768x576.jpg 768w\" sizes=\"auto, (max-width: 800px) 100vw, 800px\" \/><\/p>\n<p><img loading=\"lazy\" decoding=\"async\" class=\"alignnone size-full wp-image-53945\" src=\"https:\/\/vocesparalelas.com.ar\/sitio\/wp-content\/uploads\/2022\/10\/UNSJ-LOGO-50-FINAL.jpg\" alt=\"\" width=\"800\" height=\"476\" srcset=\"https:\/\/vocesparalelas.com.ar\/sitio\/wp-content\/uploads\/2022\/10\/UNSJ-LOGO-50-FINAL.jpg 800w, https:\/\/vocesparalelas.com.ar\/sitio\/wp-content\/uploads\/2022\/10\/UNSJ-LOGO-50-FINAL-300x179.jpg 300w, https:\/\/vocesparalelas.com.ar\/sitio\/wp-content\/uploads\/2022\/10\/UNSJ-LOGO-50-FINAL-768x457.jpg 768w\" sizes=\"auto, (max-width: 800px) 100vw, 800px\" \/> <img loading=\"lazy\" decoding=\"async\" class=\"alignnone size-full wp-image-54035\" src=\"https:\/\/vocesparalelas.com.ar\/sitio\/wp-content\/uploads\/2022\/11\/UNSJ-LOGO-10.jpg\" alt=\"\" width=\"800\" height=\"533\" srcset=\"https:\/\/vocesparalelas.com.ar\/sitio\/wp-content\/uploads\/2022\/11\/UNSJ-LOGO-10.jpg 800w, https:\/\/vocesparalelas.com.ar\/sitio\/wp-content\/uploads\/2022\/11\/UNSJ-LOGO-10-300x200.jpg 300w, https:\/\/vocesparalelas.com.ar\/sitio\/wp-content\/uploads\/2022\/11\/UNSJ-LOGO-10-768x512.jpg 768w\" sizes=\"auto, (max-width: 800px) 100vw, 800px\" \/><\/p>\n","protected":false},"excerpt":{"rendered":"<p>El Viernes, 17 y el S\u00e1bado, 18 de Noviembre de 2023, en el Complejo Universitario Islas Malvinas de la Universidad<\/p>\n","protected":false},"author":3,"featured_media":65399,"comment_status":"closed","ping_status":"closed","sticky":false,"template":"","format":"standard","meta":{"_acf_changed":false,"_seopress_robots_primary_cat":"none","_seopress_titles_title":"","_seopress_titles_desc":"","_seopress_robots_index":"","colormag_page_container_layout":"default_layout","colormag_page_sidebar_layout":"default_layout","footnotes":""},"categories":[9,7],"tags":[],"class_list":["post-65307","post","type-post","status-publish","format-standard","has-post-thumbnail","hentry","category-cursos","category-videos"],"acf":[],"_links":{"self":[{"href":"https:\/\/vocesparalelas.com.ar\/sitio\/wp-json\/wp\/v2\/posts\/65307","targetHints":{"allow":["GET"]}}],"collection":[{"href":"https:\/\/vocesparalelas.com.ar\/sitio\/wp-json\/wp\/v2\/posts"}],"about":[{"href":"https:\/\/vocesparalelas.com.ar\/sitio\/wp-json\/wp\/v2\/types\/post"}],"author":[{"embeddable":true,"href":"https:\/\/vocesparalelas.com.ar\/sitio\/wp-json\/wp\/v2\/users\/3"}],"replies":[{"embeddable":true,"href":"https:\/\/vocesparalelas.com.ar\/sitio\/wp-json\/wp\/v2\/comments?post=65307"}],"version-history":[{"count":4,"href":"https:\/\/vocesparalelas.com.ar\/sitio\/wp-json\/wp\/v2\/posts\/65307\/revisions"}],"predecessor-version":[{"id":65413,"href":"https:\/\/vocesparalelas.com.ar\/sitio\/wp-json\/wp\/v2\/posts\/65307\/revisions\/65413"}],"wp:featuredmedia":[{"embeddable":true,"href":"https:\/\/vocesparalelas.com.ar\/sitio\/wp-json\/wp\/v2\/media\/65399"}],"wp:attachment":[{"href":"https:\/\/vocesparalelas.com.ar\/sitio\/wp-json\/wp\/v2\/media?parent=65307"}],"wp:term":[{"taxonomy":"category","embeddable":true,"href":"https:\/\/vocesparalelas.com.ar\/sitio\/wp-json\/wp\/v2\/categories?post=65307"},{"taxonomy":"post_tag","embeddable":true,"href":"https:\/\/vocesparalelas.com.ar\/sitio\/wp-json\/wp\/v2\/tags?post=65307"}],"curies":[{"name":"wp","href":"https:\/\/api.w.org\/{rel}","templated":true}]}}