{"id":65299,"date":"2023-11-03T11:17:08","date_gmt":"2023-11-03T14:17:08","guid":{"rendered":"https:\/\/vocesparalelas.com.ar\/sitio\/?p=65299"},"modified":"2023-11-03T11:17:08","modified_gmt":"2023-11-03T14:17:08","slug":"feria-agroproductiva-en-san-juan-6","status":"publish","type":"post","link":"https:\/\/vocesparalelas.com.ar\/sitio\/feria-agroproductiva-en-san-juan-6\/","title":{"rendered":"Feria Agroproductiva en San Juan"},"content":{"rendered":"<p>El S\u00e1bado, 4 de Noviembre, de 9 a 14 horas, en inmediaciones de Urquiza y San Luis, m\u00e1s de 100 productores se dan cita en el Paseo de las Palmeras del Parque de Mayo para recibir a los interesados de aprovechar los precios de los productos locales.<\/p>\n<p>La Feria parte de una iniciativa del Ministerio de Producci\u00f3n y Desarrollo Econ\u00f3mico del Gobierno de San Juan a trav\u00e9s de la Secretar\u00eda de Agricultura, Ganader\u00eda y Agroindustria en coordinaci\u00f3n con la Direcci\u00f3n de Desarrollo Agr\u00edcola.<\/p>\n<p>Los clientes pueden adquirir frutas, verduras, productos org\u00e1nicos, huevos, aceites, conservas, plantas y dem\u00e1s productos. Adem\u00e1s de realizar compras de calidad, los presentes podr\u00e1n disfrutar de m\u00fasica y sorteos de productos de los feriantes.<\/p>\n<p>Este evento naci\u00f3 como una actividad para celebrar el D\u00eda del Productor, que se conmemora en el mes de septiembre. Debido al gran \u00e9xito que tuvo esa primera edici\u00f3n, es que se decidi\u00f3 su continuidad con una fecha fija.<\/p>\n<p>Esto la convierte en una alternativa de inter\u00e9s no s\u00f3lo desde el punto de vista econ\u00f3mico para los productores, sino tambi\u00e9n genera la posibilidad para el consumidor de recibir productos de calidad a precios m\u00e1s accesibles.<\/p>\n<p>&nbsp;<\/p>\n<p>&nbsp;<\/p>\n<p>&nbsp;<\/p>\n","protected":false},"excerpt":{"rendered":"<p>El S\u00e1bado, 4 de Noviembre, de 9 a 14 horas, en inmediaciones de Urquiza y San Luis, m\u00e1s de 100<\/p>\n","protected":false},"author":3,"featured_media":42211,"comment_status":"closed","ping_status":"closed","sticky":false,"template":"","format":"standard","meta":{"_acf_changed":false,"_seopress_robots_primary_cat":"none","_seopress_titles_title":"","_seopress_titles_desc":"","_seopress_robots_index":"","colormag_page_container_layout":"default_layout","colormag_page_sidebar_layout":"default_layout","footnotes":""},"categories":[1],"tags":[],"class_list":["post-65299","post","type-post","status-publish","format-standard","has-post-thumbnail","hentry","category-destacadas"],"acf":[],"_links":{"self":[{"href":"https:\/\/vocesparalelas.com.ar\/sitio\/wp-json\/wp\/v2\/posts\/65299","targetHints":{"allow":["GET"]}}],"collection":[{"href":"https:\/\/vocesparalelas.com.ar\/sitio\/wp-json\/wp\/v2\/posts"}],"about":[{"href":"https:\/\/vocesparalelas.com.ar\/sitio\/wp-json\/wp\/v2\/types\/post"}],"author":[{"embeddable":true,"href":"https:\/\/vocesparalelas.com.ar\/sitio\/wp-json\/wp\/v2\/users\/3"}],"replies":[{"embeddable":true,"href":"https:\/\/vocesparalelas.com.ar\/sitio\/wp-json\/wp\/v2\/comments?post=65299"}],"version-history":[{"count":1,"href":"https:\/\/vocesparalelas.com.ar\/sitio\/wp-json\/wp\/v2\/posts\/65299\/revisions"}],"predecessor-version":[{"id":65302,"href":"https:\/\/vocesparalelas.com.ar\/sitio\/wp-json\/wp\/v2\/posts\/65299\/revisions\/65302"}],"wp:featuredmedia":[{"embeddable":true,"href":"https:\/\/vocesparalelas.com.ar\/sitio\/wp-json\/wp\/v2\/media\/42211"}],"wp:attachment":[{"href":"https:\/\/vocesparalelas.com.ar\/sitio\/wp-json\/wp\/v2\/media?parent=65299"}],"wp:term":[{"taxonomy":"category","embeddable":true,"href":"https:\/\/vocesparalelas.com.ar\/sitio\/wp-json\/wp\/v2\/categories?post=65299"},{"taxonomy":"post_tag","embeddable":true,"href":"https:\/\/vocesparalelas.com.ar\/sitio\/wp-json\/wp\/v2\/tags?post=65299"}],"curies":[{"name":"wp","href":"https:\/\/api.w.org\/{rel}","templated":true}]}}