{"id":65286,"date":"2023-11-02T22:34:58","date_gmt":"2023-11-03T01:34:58","guid":{"rendered":"https:\/\/vocesparalelas.com.ar\/sitio\/?p=65286"},"modified":"2023-11-03T00:35:12","modified_gmt":"2023-11-03T03:35:12","slug":"por-que-se-debe-votar-al-dr-sergio-massa","status":"publish","type":"post","link":"https:\/\/vocesparalelas.com.ar\/sitio\/por-que-se-debe-votar-al-dr-sergio-massa\/","title":{"rendered":"\u00bfPor qu\u00e9 se debe votar al Dr. Sergio Massa?"},"content":{"rendered":"<p>el gobernador Sergio U\u00f1ac recibi\u00f3 al jefe de Gabinete de Ministros de la Naci\u00f3n Argentina, Agust\u00edn Rossi, en Casa de Gobierno.<\/p>\n<p>Del encuentro participaron, adem\u00e1s, la secretaria de Investigaci\u00f3n, Pol\u00edtica Industrial y Producci\u00f3n para la Defensa, Lic. Daniela Castro y el director General de Relaciones Internacionales y coordinador de la Agenda 2030 de Objetivos de Desarrollo Sostenible, Mat\u00edas Sotomayor.<\/p>\n<p>En la oportunidad, los mandatarios dialogaron sobre la agenda a desarrollar y aspectos que tienen que ver con el desarrollo y continuidad de las pol\u00edticas de estado aplicadas en la provincia, entre otros temas.<\/p>\n<p>El plan de trabajo de las autoridades incluye la participaci\u00f3n en el acto de cierre del ciclo del Programa de Acompa\u00f1antes Comunitarios\/as de Sedronar, en el Museo Provincial de Bellas Artes Franklin Rawson, en el departamento Capital; la recorrida por obras del Barrio Caraballo, financiado por el Programa Reconstruir del Ministerio de Vivienda y H\u00e1bitat de Naci\u00f3n, mientras que, en horas de la tarde, Rossi expondr\u00e1 en una clase p\u00fablica de la Universidad Nacional de San Juan, en la Facultad de Ciencias Sociales de esa casa de altos estudios, en el departamento Rivadavia.<\/p>\n<p>Posteriormente, se realiz\u00f3 una conferencia de prensa con los Periodistas San Juan que realizaron preguntas que fueron respondidas por el Ing. Agust\u00edn Rossi.<\/p>\n<figure id=\"attachment_65290\" aria-describedby=\"caption-attachment-65290\" style=\"width: 800px\" class=\"wp-caption alignnone\"><img loading=\"lazy\" decoding=\"async\" class=\"size-full wp-image-65290\" src=\"https:\/\/vocesparalelas.com.ar\/sitio\/wp-content\/uploads\/2023\/11\/ROSSI-UNAC-02.jpg\" alt=\"\" width=\"800\" height=\"533\" srcset=\"https:\/\/vocesparalelas.com.ar\/sitio\/wp-content\/uploads\/2023\/11\/ROSSI-UNAC-02.jpg 800w, https:\/\/vocesparalelas.com.ar\/sitio\/wp-content\/uploads\/2023\/11\/ROSSI-UNAC-02-300x200.jpg 300w, https:\/\/vocesparalelas.com.ar\/sitio\/wp-content\/uploads\/2023\/11\/ROSSI-UNAC-02-768x512.jpg 768w\" sizes=\"auto, (max-width: 800px) 100vw, 800px\" \/><figcaption id=\"caption-attachment-65290\" class=\"wp-caption-text\">Ing. Agust\u00edn Rossi y el Dr. Sergio U\u00f1ac<\/figcaption><\/figure>\n<p>La misma comenz\u00f3 con las presentaci\u00f3n por parte del Gobernador de San Juan y Senador Electo por San Juan, Dr. Sergio U\u00f1ac, quien describi\u00f3 la agenda que le organizaron a la visita.<\/p>\n<p><iframe loading=\"lazy\" title=\"UXP DR SERGIO U\u00d1AC\" width=\"800\" height=\"450\" src=\"https:\/\/www.youtube.com\/embed\/MEX1zX6jlag?feature=oembed\" frameborder=\"0\" allow=\"accelerometer; autoplay; clipboard-write; encrypted-media; gyroscope; picture-in-picture; web-share\" allowfullscreen><\/iframe><\/p>\n<p>Posteriormente, el Ing. Agust\u00edn Rossi directamente respondi\u00f3 las preguntas y puso hincapi\u00e9 por qu\u00e9 se debe votar al candidato a Presidente Dr. Sergio Massa.<\/p>\n<p><iframe loading=\"lazy\" title=\"UXP ING AGUSTIN ROSSI\" width=\"800\" height=\"450\" src=\"https:\/\/www.youtube.com\/embed\/bRTWxYzna4g?feature=oembed\" frameborder=\"0\" allow=\"accelerometer; autoplay; clipboard-write; encrypted-media; gyroscope; picture-in-picture; web-share\" allowfullscreen><\/iframe><\/p>\n<p>En la conferencia fue acompa\u00f1ados por la. secretaria de Investigaci\u00f3n, Pol\u00edtica Industrial y Producci\u00f3n para la Defensa, Lic. Daniela Castro y el director General de Relaciones Internacionales y coordinador de la Agenda 2030 de Objetivos de Desarrollo Sostenible, Mat\u00edas Sotomayor.<\/p>\n<p><img loading=\"lazy\" decoding=\"async\" class=\"alignnone size-full wp-image-65291\" src=\"https:\/\/vocesparalelas.com.ar\/sitio\/wp-content\/uploads\/2023\/11\/ROSSI-UNAC-03.jpg\" alt=\"\" width=\"800\" height=\"533\" srcset=\"https:\/\/vocesparalelas.com.ar\/sitio\/wp-content\/uploads\/2023\/11\/ROSSI-UNAC-03.jpg 800w, https:\/\/vocesparalelas.com.ar\/sitio\/wp-content\/uploads\/2023\/11\/ROSSI-UNAC-03-300x200.jpg 300w, https:\/\/vocesparalelas.com.ar\/sitio\/wp-content\/uploads\/2023\/11\/ROSSI-UNAC-03-768x512.jpg 768w\" sizes=\"auto, (max-width: 800px) 100vw, 800px\" \/><\/p>\n<p>&nbsp;<\/p>\n<p>&nbsp;<\/p>\n<p>&nbsp;<\/p>\n<p>&nbsp;<\/p>\n","protected":false},"excerpt":{"rendered":"<p>el gobernador Sergio U\u00f1ac recibi\u00f3 al jefe de Gabinete de Ministros de la Naci\u00f3n Argentina, Agust\u00edn Rossi, en Casa de<\/p>\n","protected":false},"author":3,"featured_media":65289,"comment_status":"closed","ping_status":"closed","sticky":false,"template":"","format":"standard","meta":{"_acf_changed":false,"_seopress_robots_primary_cat":"none","_seopress_titles_title":"","_seopress_titles_desc":"","_seopress_robots_index":"","colormag_page_container_layout":"default_layout","colormag_page_sidebar_layout":"default_layout","footnotes":""},"categories":[1,7],"tags":[],"class_list":["post-65286","post","type-post","status-publish","format-standard","has-post-thumbnail","hentry","category-destacadas","category-videos"],"acf":[],"_links":{"self":[{"href":"https:\/\/vocesparalelas.com.ar\/sitio\/wp-json\/wp\/v2\/posts\/65286","targetHints":{"allow":["GET"]}}],"collection":[{"href":"https:\/\/vocesparalelas.com.ar\/sitio\/wp-json\/wp\/v2\/posts"}],"about":[{"href":"https:\/\/vocesparalelas.com.ar\/sitio\/wp-json\/wp\/v2\/types\/post"}],"author":[{"embeddable":true,"href":"https:\/\/vocesparalelas.com.ar\/sitio\/wp-json\/wp\/v2\/users\/3"}],"replies":[{"embeddable":true,"href":"https:\/\/vocesparalelas.com.ar\/sitio\/wp-json\/wp\/v2\/comments?post=65286"}],"version-history":[{"count":1,"href":"https:\/\/vocesparalelas.com.ar\/sitio\/wp-json\/wp\/v2\/posts\/65286\/revisions"}],"predecessor-version":[{"id":65292,"href":"https:\/\/vocesparalelas.com.ar\/sitio\/wp-json\/wp\/v2\/posts\/65286\/revisions\/65292"}],"wp:featuredmedia":[{"embeddable":true,"href":"https:\/\/vocesparalelas.com.ar\/sitio\/wp-json\/wp\/v2\/media\/65289"}],"wp:attachment":[{"href":"https:\/\/vocesparalelas.com.ar\/sitio\/wp-json\/wp\/v2\/media?parent=65286"}],"wp:term":[{"taxonomy":"category","embeddable":true,"href":"https:\/\/vocesparalelas.com.ar\/sitio\/wp-json\/wp\/v2\/categories?post=65286"},{"taxonomy":"post_tag","embeddable":true,"href":"https:\/\/vocesparalelas.com.ar\/sitio\/wp-json\/wp\/v2\/tags?post=65286"}],"curies":[{"name":"wp","href":"https:\/\/api.w.org\/{rel}","templated":true}]}}